{"id":136456,"date":"2019-10-17T17:02:25","date_gmt":"2019-10-17T16:02:25","guid":{"rendered":"https:\/\/die-webzeitung.de\/stuttgart\/?p=136456"},"modified":"2019-10-17T17:02:25","modified_gmt":"2019-10-17T16:02:25","slug":"dirk-thuernau-als-technikbuergermeister-bestaetigt","status":"publish","type":"post","link":"https:\/\/die-webzeitung.de\/stuttgart\/2019\/10\/17\/dirk-thuernau-als-technikbuergermeister-bestaetigt\/","title":{"rendered":"Dirk Th\u00fcrnau als Technikb\u00fcrgermeister best\u00e4tigt"},"content":{"rendered":"<p style=\"text-align: justify;\">Stuttgart.| B\u00fcrgermeister Dirk Th\u00fcrnau wird weiter das Technische Referat leiten. Der Gemeinderat hat ihn am Donnerstag, 17. Oktober 2019, im Amt best\u00e4tigt. BM Th\u00fcrnau erhielt 49 Stimmen, sieben Enthaltungen wurden gez\u00e4hlt. Der Bewerber Ulrich Weiler erhielt keine Stimme.<\/p>\n<p style=\"text-align: justify;\">BM Th\u00fcrnau bedankte sich bei Oberb\u00fcrgermeister Fritz Kuhn, sowie bei den Kolleginnen und Kollegen auf der B\u00fcrgermeisterbank und dem Gemeinderat f\u00fcr die Zusammenarbeit. Der B\u00fcrgermeister warb daf\u00fcr, den erfolgreichen gemeinsamen Weg fortzusetzen. Es gebe einen vielf\u00e4ltigen Wandel, dem auch die Arbeit des Technischen Referats unterworfen sei. Th\u00fcrnau sagte: \u201eBei der Digitalisierung spielen die technischen \u00c4mter und Eigenbetriebe eine Vorreiterrolle. Unser Hauptaugenmerk muss jedoch immer auf dem Nutzen f\u00fcr die B\u00fcrgerinnen und B\u00fcrger und unsere Mitarbeiterinnen und Mitarbeiter liegen.\u201c<\/p>\n<p style=\"text-align: justify;\">Schwerpunkte seien die Themen \u00d6kologie, Nachhaltigkeit und Klimaschutz. Hier gelte es, die praktische, technische Umsetzung voranzutreiben, so etwa die Umstellung des st\u00e4dtischen Fuhrparks auf alternative Antriebe, die Bioabfallverg\u00e4rungsanlage, die gr\u00fcne Infrastruktur sowie moderne Bautechniken im Hochbau. Wichtig seien auch angemessene Unterhaltungs- und Sanierungsmittel, sowie die in Zeiten des Fachkr\u00e4ftemangels schwierige Personalgewinnung und -erhaltung. \u201eDazu m\u00fcssen wir ein moderner, attraktiver, gut ausgestatteter Arbeitgeber sein\u201c, so Th\u00fcrnau.<\/p>\n<p style=\"text-align: justify;\">Dirk Th\u00fcrnau leitet seit 2004 das Technische Referat. Er verantwortet weiterhin das Garten-, Friedhofs- und Forstamt, das Tiefbauamt, das Hochbauamt, das Stadtmessungsamt sowie die Eigenbetreibe Abfallwirtschaft Stuttgart, Stadtentw\u00e4sserung und B\u00e4der. Das Referat z\u00e4hlt insgesamt rund 2.900 Besch\u00e4ftigte. Es hat ein Finanzvolumen von rund 750 Mio. Euro.<\/p>\n<p style=\"text-align: justify;\"><strong>Vita Th\u00fcrnau<br \/>\n<\/strong>Th\u00fcrnau wurde 1961 in B\u00fcnde, Westfalen geboren. Er ist gelernter Landschaftsg\u00e4rtner und hat Architektur und St\u00e4dtebau an der Uni Hannover studiert. Sein 2. Staatsexamen hat er bei der Landeshauptstadt Hannover abgelegt. Er hat sich fr\u00fch f\u00fcr kommunale Verwaltung und Politik entschieden und war unter anderem Leiter des Amts f\u00fcr Bauwesen in Quickborn (Schleswig-Holstein), dann f\u00fcr sieben Jahre Stadtbaurat und stellvertretender Stadtdirektor in Hessisch Oldendorf (Niedersachsen) und anschlie\u00dfend Erster Stadtrat von Goslar (Niedersachsen), was hierzulande dem Ersten B\u00fcrgermeister entspricht. Dirk Th\u00fcrnau ist seit 1998 Mitglied der SPD.<\/p>\n<hr \/>\n<p style=\"text-align: justify;\">\n","protected":false},"excerpt":{"rendered":"<p>Stuttgart.| B\u00fcrgermeister Dirk Th\u00fcrnau wird weiter das Technische Referat leiten. Der Gemeinderat hat ihn am Donnerstag, 17. Oktober 2019, im Amt best\u00e4tigt. BM Th\u00fcrnau erhielt 49 Stimmen, sieben Enthaltungen wurden gez\u00e4hlt. Der Bewerber Ulrich Weiler erhielt keine Stimme. BM Th\u00fcrnau bedankte sich bei Oberb\u00fcrgermeister Fritz Kuhn, sowie bei den Kolleginnen und Kollegen auf der B\u00fcrgermeisterbank [&hellip;]<\/p>\n","protected":false},"author":4,"featured_media":136457,"comment_status":"closed","ping_status":"open","sticky":false,"template":"","format":"standard","meta":{"inline_featured_image":false,"_exactmetrics_skip_tracking":false,"_exactmetrics_sitenote_active":false,"_exactmetrics_sitenote_note":"","_exactmetrics_sitenote_category":0,"footnotes":""},"categories":[59,2239],"tags":[9377,14857,5,68,9,275,16416],"class_list":{"0":"post-136456","1":"post","2":"type-post","3":"status-publish","4":"format-standard","5":"has-post-thumbnail","7":"category-aktuell","8":"category-stuttgart-lokal","9":"tag-burgermeister","10":"tag-die-webzeitung","11":"tag-internetzeitung","12":"tag-online-zeitung","13":"tag-schaumedia","14":"tag-stuttgart","15":"tag-thuernau"},"image_feature":"https:\/\/die-webzeitung.de\/stuttgart\/wp-content\/uploads\/sites\/4\/2019\/10\/Ob-Kuhn-gratuliert-Dirk-Thu\u0308nau.jpg","author_name":"Redaktion","pure_taxonomies":{"categories":[{"term_id":59,"name":"Aktuell","slug":"aktuell","term_group":0,"term_taxonomy_id":60,"taxonomy":"category","description":"","parent":0,"count":1017,"filter":"raw","image":""},{"term_id":2239,"name":"Stuttgart","slug":"stuttgart-lokal","term_group":0,"term_taxonomy_id":2252,"taxonomy":"category","description":"Berichte und Informationen aus Stuttgart","parent":1433,"count":941,"filter":"raw","image":""}],"tags":[{"term_id":9377,"name":"B\u00fcrgermeister","slug":"burgermeister","term_group":0,"term_taxonomy_id":9406,"taxonomy":"post_tag","description":"","parent":0,"count":10,"filter":"raw","image":""},{"term_id":14857,"name":"Die-Webzeitung","slug":"die-webzeitung","term_group":0,"term_taxonomy_id":14876,"taxonomy":"post_tag","description":"","parent":0,"count":3623,"filter":"raw","image":""},{"term_id":5,"name":"Internetzeitung","slug":"internetzeitung","term_group":0,"term_taxonomy_id":5,"taxonomy":"post_tag","description":"","parent":0,"count":1461,"filter":"raw","image":""},{"term_id":68,"name":"Online-Zeitung","slug":"online-zeitung","term_group":0,"term_taxonomy_id":69,"taxonomy":"post_tag","description":"","parent":0,"count":3593,"filter":"raw","image":""},{"term_id":9,"name":"SchauMedia","slug":"schaumedia","term_group":0,"term_taxonomy_id":9,"taxonomy":"post_tag","description":"","parent":0,"count":1607,"filter":"raw","image":""},{"term_id":275,"name":"Stuttgart","slug":"stuttgart","term_group":0,"term_taxonomy_id":281,"taxonomy":"post_tag","description":"","parent":0,"count":1194,"filter":"raw","image":""},{"term_id":16416,"name":"Th\u00fcrnau","slug":"thuernau","term_group":0,"term_taxonomy_id":16435,"taxonomy":"post_tag","description":"","parent":0,"count":1,"filter":"raw","image":""}]},"_links":{"self":[{"href":"https:\/\/die-webzeitung.de\/stuttgart\/wp-json\/wp\/v2\/posts\/136456","targetHints":{"allow":["GET"]}}],"collection":[{"href":"https:\/\/die-webzeitung.de\/stuttgart\/wp-json\/wp\/v2\/posts"}],"about":[{"href":"https:\/\/die-webzeitung.de\/stuttgart\/wp-json\/wp\/v2\/types\/post"}],"author":[{"embeddable":true,"href":"https:\/\/die-webzeitung.de\/stuttgart\/wp-json\/wp\/v2\/users\/4"}],"replies":[{"embeddable":true,"href":"https:\/\/die-webzeitung.de\/stuttgart\/wp-json\/wp\/v2\/comments?post=136456"}],"version-history":[{"count":1,"href":"https:\/\/die-webzeitung.de\/stuttgart\/wp-json\/wp\/v2\/posts\/136456\/revisions"}],"predecessor-version":[{"id":136458,"href":"https:\/\/die-webzeitung.de\/stuttgart\/wp-json\/wp\/v2\/posts\/136456\/revisions\/136458"}],"wp:featuredmedia":[{"embeddable":true,"href":"https:\/\/die-webzeitung.de\/stuttgart\/wp-json\/wp\/v2\/media\/136457"}],"wp:attachment":[{"href":"https:\/\/die-webzeitung.de\/stuttgart\/wp-json\/wp\/v2\/media?parent=136456"}],"wp:term":[{"taxonomy":"category","embeddable":true,"href":"https:\/\/die-webzeitung.de\/stuttgart\/wp-json\/wp\/v2\/categories?post=136456"},{"taxonomy":"post_tag","embeddable":true,"href":"https:\/\/die-webzeitung.de\/stuttgart\/wp-json\/wp\/v2\/tags?post=136456"}],"curies":[{"name":"wp","href":"https:\/\/api.w.org\/{rel}","templated":true}]}}