{"id":136454,"date":"2019-10-17T15:12:09","date_gmt":"2019-10-17T14:12:09","guid":{"rendered":"https:\/\/die-webzeitung.de\/stuttgart\/?p=136454"},"modified":"2019-10-17T15:12:09","modified_gmt":"2019-10-17T14:12:09","slug":"bahn-hat-bauarbeiten-zur-flughafen-anbindung-wieder-aufgenommen","status":"publish","type":"post","link":"https:\/\/die-webzeitung.de\/stuttgart\/2019\/10\/17\/bahn-hat-bauarbeiten-zur-flughafen-anbindung-wieder-aufgenommen\/","title":{"rendered":"Bahn hat Bauarbeiten zur Flughafen-Anbindung wieder aufgenommen"},"content":{"rendered":"<ul>\n<li style=\"text-align: justify;\">Eisenbahn-Bundesamt ordnet Sofortvollzug f\u00fcr Planfeststellungsabschnitt 1.3a an<\/li>\n<li style=\"text-align: justify;\">Bahn vergibt Auftrag in H\u00f6he von rund 500 Millionen Euro an Bietergemeinschaft der Firmen Z\u00fcblin AG und Max B\u00f6gl<\/li>\n<\/ul>\n<p style=\"text-align: justify;\">Stuttgart.| Die DB Projekt Stuttgart\u2013Ulm GmbH hat die Arbeiten zum Bau des Planfeststellungsabschnitts (PFA) 1.3a zur Anbindung des Flughafens an den Schienenfern- und Regionalverkehr im Rahmen des Projekts Stuttgart 21 wieder aufgenommen. Grundlage daf\u00fcr ist der Beschluss des Eisenbahn-Bundesamts (EBA) zum erg\u00e4nzenden Planrechtsverfahren \u201eS\u00fcdumfahrung Plieningen\u201c. Zudem hat die DB wenige Tage nach dem Beschluss den Auftrag f\u00fcr den Bau der neuen Schieneninfrastruktur am Flughafen mit einem Volumen von rund 500 Millionen Euro an eine Bietergemeinschaft der Firmen Ed. Z\u00fcblin AG (Stuttgart) und Max B\u00f6gl (Sengenthal) vergeben. \u201eDamit kommen wir nach einem \u00fcber drei Jahre w\u00e4hrenden Rechtsstreit mit Projektgegnern auch am Flughafen endlich ins Bauen\u201c, sagt Manfred Leger, Vorsitzender der Gesch\u00e4ftsf\u00fchrung der DB Projekt Stuttgart\u2013Ulm GmbH.<\/p>\n<p style=\"text-align: justify;\">Mit einem am 11. Oktober 2019 ergangenen sogenannten \u00c4nderungsplanfeststellungsbeschluss hatte das EBA angeordnet, dass der Planfeststellungsbeschluss vom 14. Juli 2016 sofort zu vollziehen ist: \u201eDie unverz\u00fcgliche Umsetzung des Eisenbahnvorhabens liegt im \u00f6ffentlichen Interesse.\u201c Das Vorhaben ziele \u201eauf die Bereitstellung einer langfristig leistungsf\u00e4higen Schieneninfrastruktur, die Einbindung der NBS und des Bahnknotens Stuttgart in das europ\u00e4ische Hochgeschwindigkeitsnetz und die Erh\u00f6hung der Streckenleistungsf\u00e4higkeit des Korridors Stuttgart\u2013Ulm durch Trennung von schnellem und langsamem Verkehr ab\u201c. Dies entspreche den \u201e\u00fcbergeordneten verkehrspolitischen Zielen, Mobilit\u00e4t und Wirtschaftswachstum umweltgerecht zu sichern und den Schienenverkehr als wettbewerbsf\u00e4hige und attraktive Alternative zu anderen Verkehrstr\u00e4gern auszubauen\u201c. Weitere Verz\u00f6gerungen seien \u201ezu unterbinden, weil das Vorhaben der Steigerung der Attraktivit\u00e4t des Schienenverkehrsangebotes und zugleich der Erh\u00f6hung der st\u00e4dtebaulichen Handlungsoptionen der Stadt Stuttgart dient\u201c, stellt das EBA fest.<\/p>\n<p style=\"text-align: justify;\">Der Verwaltungsgerichtshof (VGH) Baden-W\u00fcrttemberg hatte nach der Klage von Projektgegnern mit Urteil vom 4. Dezember 2018 zwar alle das Eisenbahnvorhaben betreffenden Teile des Planfeststellungsbeschlusses \u201eNeubaustrecke mit Station NBS einschlie\u00dflich L 1192\/L 1204, S\u00fcdumfahrung Plieningen\u201c vom 14. Juli 2016 best\u00e4tigt, aber dennoch den Sofortvollzug aufgehoben. Denn der VGH hatte Abw\u00e4gungsm\u00e4ngel beim Stra\u00dfenbauvorhaben \u201eS\u00fcdumfahrung Plieningen\u201c festgestellt, die in den vergangenen Monaten in einem erg\u00e4nzenden Verfahren geheilt wurden.<\/p>\n<p style=\"text-align: justify;\">Eine m\u00f6gliche Anfechtungsklage gegen den \u00c4nderungsplanfeststellungsbeschluss h\u00e4tte f\u00fcr die anstehenden Bauarbeiten keine aufschiebende Wirkung; diese entf\u00e4llt laut EBA \u201eaufgrund der besonderen Anordnung der sofortigen Vollziehung\u201c.<\/p>\n<p style=\"text-align: justify;\">Nachdem sowohl die Bahn als auch Projektgegner gegen das Urteil des VGH vom 4. Dezember 2018 Revision eingelegt hatten, entscheidet das Bundesverwaltungsgericht voraussichtlich im n\u00e4chsten Jahr letztinstanzlich \u00fcber die Rechtm\u00e4\u00dfigkeit des Planfeststellungsbeschlusses.<\/p>\n<hr \/>\n<p style=\"text-align: justify;\">\n","protected":false},"excerpt":{"rendered":"<p>Eisenbahn-Bundesamt ordnet Sofortvollzug f\u00fcr Planfeststellungsabschnitt 1.3a an Bahn vergibt Auftrag in H\u00f6he von rund 500 Millionen Euro an Bietergemeinschaft der Firmen Z\u00fcblin AG und Max B\u00f6gl Stuttgart.| Die DB Projekt Stuttgart\u2013Ulm GmbH hat die Arbeiten zum Bau des Planfeststellungsabschnitts (PFA) 1.3a zur Anbindung des Flughafens an den Schienenfern- und Regionalverkehr im Rahmen des Projekts Stuttgart [&hellip;]<\/p>\n","protected":false},"author":4,"featured_media":0,"comment_status":"closed","ping_status":"open","sticky":false,"template":"","format":"standard","meta":{"inline_featured_image":false,"_exactmetrics_skip_tracking":false,"_exactmetrics_sitenote_active":false,"_exactmetrics_sitenote_note":"","_exactmetrics_sitenote_category":0,"footnotes":""},"categories":[59,2239],"tags":[14857,5,68,9,275,206],"class_list":{"0":"post-136454","1":"post","2":"type-post","3":"status-publish","4":"format-standard","6":"category-aktuell","7":"category-stuttgart-lokal","8":"tag-die-webzeitung","9":"tag-internetzeitung","10":"tag-online-zeitung","11":"tag-schaumedia","12":"tag-stuttgart","13":"tag-stuttgart-21"},"image_feature":null,"author_name":"Redaktion","pure_taxonomies":{"categories":[{"term_id":59,"name":"Aktuell","slug":"aktuell","term_group":0,"term_taxonomy_id":60,"taxonomy":"category","description":"","parent":0,"count":1017,"filter":"raw","image":""},{"term_id":2239,"name":"Stuttgart","slug":"stuttgart-lokal","term_group":0,"term_taxonomy_id":2252,"taxonomy":"category","description":"Berichte und Informationen aus Stuttgart","parent":1433,"count":941,"filter":"raw","image":""}],"tags":[{"term_id":14857,"name":"Die-Webzeitung","slug":"die-webzeitung","term_group":0,"term_taxonomy_id":14876,"taxonomy":"post_tag","description":"","parent":0,"count":3623,"filter":"raw","image":""},{"term_id":5,"name":"Internetzeitung","slug":"internetzeitung","term_group":0,"term_taxonomy_id":5,"taxonomy":"post_tag","description":"","parent":0,"count":1461,"filter":"raw","image":""},{"term_id":68,"name":"Online-Zeitung","slug":"online-zeitung","term_group":0,"term_taxonomy_id":69,"taxonomy":"post_tag","description":"","parent":0,"count":3593,"filter":"raw","image":""},{"term_id":9,"name":"SchauMedia","slug":"schaumedia","term_group":0,"term_taxonomy_id":9,"taxonomy":"post_tag","description":"","parent":0,"count":1607,"filter":"raw","image":""},{"term_id":275,"name":"Stuttgart","slug":"stuttgart","term_group":0,"term_taxonomy_id":281,"taxonomy":"post_tag","description":"","parent":0,"count":1194,"filter":"raw","image":""},{"term_id":206,"name":"Stuttgart 21","slug":"stuttgart-21","term_group":0,"term_taxonomy_id":209,"taxonomy":"post_tag","description":"","parent":0,"count":24,"filter":"raw","image":""}]},"_links":{"self":[{"href":"https:\/\/die-webzeitung.de\/stuttgart\/wp-json\/wp\/v2\/posts\/136454","targetHints":{"allow":["GET"]}}],"collection":[{"href":"https:\/\/die-webzeitung.de\/stuttgart\/wp-json\/wp\/v2\/posts"}],"about":[{"href":"https:\/\/die-webzeitung.de\/stuttgart\/wp-json\/wp\/v2\/types\/post"}],"author":[{"embeddable":true,"href":"https:\/\/die-webzeitung.de\/stuttgart\/wp-json\/wp\/v2\/users\/4"}],"replies":[{"embeddable":true,"href":"https:\/\/die-webzeitung.de\/stuttgart\/wp-json\/wp\/v2\/comments?post=136454"}],"version-history":[{"count":1,"href":"https:\/\/die-webzeitung.de\/stuttgart\/wp-json\/wp\/v2\/posts\/136454\/revisions"}],"predecessor-version":[{"id":136455,"href":"https:\/\/die-webzeitung.de\/stuttgart\/wp-json\/wp\/v2\/posts\/136454\/revisions\/136455"}],"wp:attachment":[{"href":"https:\/\/die-webzeitung.de\/stuttgart\/wp-json\/wp\/v2\/media?parent=136454"}],"wp:term":[{"taxonomy":"category","embeddable":true,"href":"https:\/\/die-webzeitung.de\/stuttgart\/wp-json\/wp\/v2\/categories?post=136454"},{"taxonomy":"post_tag","embeddable":true,"href":"https:\/\/die-webzeitung.de\/stuttgart\/wp-json\/wp\/v2\/tags?post=136454"}],"curies":[{"name":"wp","href":"https:\/\/api.w.org\/{rel}","templated":true}]}}