{"id":136447,"date":"2019-10-17T14:56:40","date_gmt":"2019-10-17T13:56:40","guid":{"rendered":"https:\/\/die-webzeitung.de\/stuttgart\/?p=136447"},"modified":"2019-10-17T14:56:40","modified_gmt":"2019-10-17T13:56:40","slug":"ausbildungsboerse-fuer-alle","status":"publish","type":"post","link":"https:\/\/die-webzeitung.de\/stuttgart\/2019\/10\/17\/ausbildungsboerse-fuer-alle\/","title":{"rendered":"Ausbildungsb\u00f6rse f\u00fcr Alle"},"content":{"rendered":"<ul>\n<li style=\"text-align: justify;\"><strong>Zum zweiten Mal auf der interkommunalen Bildungsmesse Sch\u00f6nbuch <\/strong><\/li>\n<li style=\"text-align: justify;\"><strong>Teilnehmerzahl mehr als verdoppelt <\/strong><\/li>\n<li style=\"text-align: justify;\"><strong>Landrat lobt Unterst\u00fctzung durch Holzgerlingen<\/strong><\/li>\n<\/ul>\n<p style=\"text-align: justify;\">Kreis B\u00f6blingen.| Mit der Aktion \u201eAusbildungsb\u00f6rse f\u00fcr Alle\u201c will der Landkreis einerseits Menschen mit Behinderung helfen und andererseits dazu beitragen, dass deren Potential f\u00fcr die heimische Wirtschaft genutzt werden kann. Auf der IBIS 2019 findet die Aktion in diesem Jahr zum zweiten Mal statt: Es ist die achte Ausbildungsb\u00f6rse f\u00fcr Alle auf einer kommunalen Ausbildungsmesse. Landrat Roland Bernhard lobt das Engagement von B\u00fcrgermeister Ioannis Delakos f\u00fcr diese Aktion: Dank seiner direkten Ansprache der teilnehmenden Firmen konnte die Teilnehmerzahl von vier auf neun mehr als verdoppelt werden. Die teilnehmenden Firmen bieten ihre Ausbildungspl\u00e4tze grunds\u00e4tzlich auch f\u00fcr ausbildungsf\u00e4hige Menschen mit Behinderung an. Die IBIS wird vom Waldhaus im Auftrag der St\u00e4dte und Gemeinden der Sch\u00f6nbuchlichtung (Holzgerlingen, Waldenbuch, Hildrizhausen, Altdorf, Weil im Sch\u00f6nbuch und Sch\u00f6naich) veranstaltet.<\/p>\n<p style=\"text-align: justify;\">Als Entscheidungshilfe f\u00fcr die Firmen wurde von der Schwerbehindertenvertretung im Landratsamt (Andrea Bernt) und dem Beauftragten f\u00fcr Menschen mit Behinderung im Landkreis (Reinhard Hackl) eine besondere Informationsveranstaltung organisiert. Dort konnten die ausbildungswilligen Betriebe alles \u00fcber m\u00f6gliche Hilfen f\u00fcr diesen Personenkreis durch die Agentur f\u00fcr Arbeit, den Integrationsfachdienst und das Integrationsamt (Kommunalverband f\u00fcr Jugend und Soziales -KVJS) erfahren.<\/p>\n<p style=\"text-align: justify;\">Immerhin neun der ausstellenden Firmen konnten f\u00fcr die Teilnahme gewonnen werden:\u00a0 Autohaus Maurer GmbH, Holzgerlingen; Berner Raum und Farbe, Holzgerlingen;\u00a0 Daimler AG, Sindelfingen; Elektro Breitling GmbH, Holzgerlingen; Finanzamt B\u00f6blingen; Kreissparkasse B\u00f6blingen; Stadt Holzgerlingen; Waldhaus gGmbH Integrationsmanagement, Hildrizhausen\u00a0 und das Wohlfahrtswerk f\u00fcr Baden-W\u00fcrttemberg aus Stuttgart. Die Mitwirkung bei der Aktion ist durchaus im wohlverstandenen eigenen Interesse der beteiligten Unternehmen: Die Zusammenarbeit von behinderten und nichtbehinderten Menschen im Unternehmen f\u00f6rdert das Sozialverhalten der Mitarbeiter und st\u00e4rkt die Identifikation mit dem Unternehmen.<\/p>\n<hr \/>\n<p style=\"text-align: justify;\">\n","protected":false},"excerpt":{"rendered":"<p>Zum zweiten Mal auf der interkommunalen Bildungsmesse Sch\u00f6nbuch Teilnehmerzahl mehr als verdoppelt Landrat lobt Unterst\u00fctzung durch Holzgerlingen Kreis B\u00f6blingen.| Mit der Aktion \u201eAusbildungsb\u00f6rse f\u00fcr Alle\u201c will der Landkreis einerseits Menschen mit Behinderung helfen und andererseits dazu beitragen, dass deren Potential f\u00fcr die heimische Wirtschaft genutzt werden kann. Auf der IBIS 2019 findet die Aktion in [&hellip;]<\/p>\n","protected":false},"author":4,"featured_media":0,"comment_status":"closed","ping_status":"open","sticky":false,"template":"","format":"standard","meta":{"inline_featured_image":false,"_exactmetrics_skip_tracking":false,"_exactmetrics_sitenote_active":false,"_exactmetrics_sitenote_note":"","_exactmetrics_sitenote_category":0,"footnotes":""},"categories":[59,2246],"tags":[13082,3061,14857,5,68,9],"class_list":{"0":"post-136447","1":"post","2":"type-post","3":"status-publish","4":"format-standard","6":"category-aktuell","7":"category-kreis-boeblingen","8":"tag-ausbildungsboerse","9":"tag-boblingen","10":"tag-die-webzeitung","11":"tag-internetzeitung","12":"tag-online-zeitung","13":"tag-schaumedia"},"image_feature":null,"author_name":"Redaktion","pure_taxonomies":{"categories":[{"term_id":59,"name":"Aktuell","slug":"aktuell","term_group":0,"term_taxonomy_id":60,"taxonomy":"category","description":"","parent":0,"count":1017,"filter":"raw","image":""},{"term_id":2246,"name":"Kreis B\u00f6blingen","slug":"kreis-boeblingen","term_group":0,"term_taxonomy_id":2259,"taxonomy":"category","description":"","parent":171,"count":197,"filter":"raw","image":""}],"tags":[{"term_id":13082,"name":"Ausbildungsb\u00f6rse","slug":"ausbildungsboerse","term_group":0,"term_taxonomy_id":13123,"taxonomy":"post_tag","description":"","parent":0,"count":1,"filter":"raw","image":""},{"term_id":3061,"name":"B\u00f6blingen","slug":"boblingen","term_group":0,"term_taxonomy_id":3075,"taxonomy":"post_tag","description":"","parent":0,"count":260,"filter":"raw","image":""},{"term_id":14857,"name":"Die-Webzeitung","slug":"die-webzeitung","term_group":0,"term_taxonomy_id":14876,"taxonomy":"post_tag","description":"","parent":0,"count":3623,"filter":"raw","image":""},{"term_id":5,"name":"Internetzeitung","slug":"internetzeitung","term_group":0,"term_taxonomy_id":5,"taxonomy":"post_tag","description":"","parent":0,"count":1461,"filter":"raw","image":""},{"term_id":68,"name":"Online-Zeitung","slug":"online-zeitung","term_group":0,"term_taxonomy_id":69,"taxonomy":"post_tag","description":"","parent":0,"count":3593,"filter":"raw","image":""},{"term_id":9,"name":"SchauMedia","slug":"schaumedia","term_group":0,"term_taxonomy_id":9,"taxonomy":"post_tag","description":"","parent":0,"count":1607,"filter":"raw","image":""}]},"_links":{"self":[{"href":"https:\/\/die-webzeitung.de\/stuttgart\/wp-json\/wp\/v2\/posts\/136447","targetHints":{"allow":["GET"]}}],"collection":[{"href":"https:\/\/die-webzeitung.de\/stuttgart\/wp-json\/wp\/v2\/posts"}],"about":[{"href":"https:\/\/die-webzeitung.de\/stuttgart\/wp-json\/wp\/v2\/types\/post"}],"author":[{"embeddable":true,"href":"https:\/\/die-webzeitung.de\/stuttgart\/wp-json\/wp\/v2\/users\/4"}],"replies":[{"embeddable":true,"href":"https:\/\/die-webzeitung.de\/stuttgart\/wp-json\/wp\/v2\/comments?post=136447"}],"version-history":[{"count":1,"href":"https:\/\/die-webzeitung.de\/stuttgart\/wp-json\/wp\/v2\/posts\/136447\/revisions"}],"predecessor-version":[{"id":136448,"href":"https:\/\/die-webzeitung.de\/stuttgart\/wp-json\/wp\/v2\/posts\/136447\/revisions\/136448"}],"wp:attachment":[{"href":"https:\/\/die-webzeitung.de\/stuttgart\/wp-json\/wp\/v2\/media?parent=136447"}],"wp:term":[{"taxonomy":"category","embeddable":true,"href":"https:\/\/die-webzeitung.de\/stuttgart\/wp-json\/wp\/v2\/categories?post=136447"},{"taxonomy":"post_tag","embeddable":true,"href":"https:\/\/die-webzeitung.de\/stuttgart\/wp-json\/wp\/v2\/tags?post=136447"}],"curies":[{"name":"wp","href":"https:\/\/api.w.org\/{rel}","templated":true}]}}