{"id":136416,"date":"2019-10-13T17:01:54","date_gmt":"2019-10-13T16:01:54","guid":{"rendered":"https:\/\/die-webzeitung.de\/stuttgart\/?p=136416"},"modified":"2019-10-13T17:01:54","modified_gmt":"2019-10-13T16:01:54","slug":"turn-wm-stuttgart-2019-ein-sportereignis-der-superlative","status":"publish","type":"post","link":"https:\/\/die-webzeitung.de\/stuttgart\/2019\/10\/13\/turn-wm-stuttgart-2019-ein-sportereignis-der-superlative\/","title":{"rendered":"Turn-WM Stuttgart 2019: Ein Sportereignis der Superlative"},"content":{"rendered":"<p style=\"text-align: justify;\">Stuttgart.| Die Turn-WM Stuttgart 2019 war ein Sportereignis der Superlative, so der einhellige Tenor der Abschluss-Pressekonferenz der WM kurz vor dem Ende der Wettk\u00e4mpfe. Hervorragend organisiert, mit innovativen Konzepten zur Nachhaltigkeit und einer unvergleichlichen Atmosph\u00e4re setzte die WM neue Zeichen. \u00a0Die Begeisterung und die enthusiastische Stimmung des Stuttgarter Publikums haben die 540 Turnerinnen und Turner aus 92 L\u00e4ndern zu H\u00f6chstleistungen befl\u00fcgelt und die Faszination des Turnens in die \u00d6ffentlichkeit getragen.<\/p>\n<p style=\"text-align: justify;\">FIG-Pr\u00e4sident Morinari Watanabe lobte die Organisation der Veranstaltung, die Leistungen der Athleten und die Unterst\u00fctzung des Publikums in der Hanns-Martin-Schleyer-Halle. &#8220;Wir haben noch nie so einen tollen Jubel gesehen&#8221;, so Watanabe, \u201ewir haben noch nie so nette und flei\u00dfige Freiwillige getroffen.&#8221;<\/p>\n<p style=\"text-align: justify;\">Watanabe sagte, die Qualit\u00e4t des Turnens sei au\u00dfergew\u00f6hnlich gewesen und f\u00fcgte hinzu: &#8220;Neue Stars aus neuen L\u00e4ndern wurden geboren.&#8221; Er verwies auf die Goldmedaillen f\u00fcr die T\u00fcrkei und die Philippinen als Beispiele daf\u00fcr, wie der Sport neue Horizonte er\u00f6ffnete, lobte aber auch die Leistungen etablierter Stars wie der Allround-Meister Simone Biles (USA) und Nikita Nagornyy (RUS).<\/p>\n<p style=\"text-align: justify;\">Watanabe sagte, dass die Teams der Nationen einander unterst\u00fctzt h\u00e4tten und dass gegenseitige Unterst\u00fctzen f\u00fcr den Sport wichtig sei. &#8220;Freundschaften steigern das Niveau des Turnens&#8221;, sagte Watanabe. &#8220;Das ist fantastisch f\u00fcr uns, wir sind eine Turnfamilie.&#8221;<\/p>\n<p style=\"text-align: justify;\">Dr. Alfons H\u00f6lzl, Pr\u00e4sident des Deutschen Turner-Bundes, zeigte sich \u00e4u\u00dferst zufrieden: \u201eWir wollten ein turnerisches Feuer entfachen, dies haben wir geschafft. Wer die insgesamt \u00fcber 100.000 Zuschauer an allen Tagen in der Wettkampf-Arena erlebt hat, der wei\u00df wovon ich spreche. Das Publikum war f\u00f6rmlich elektrisiert. Und zwar, das macht mich besonders stolz, nicht nur bei den Auftritten der deutschen Athletinnen und Athleten, sondern auch bei den internationalen Starterinnen und Startern.<\/p>\n<p style=\"text-align: justify;\">Wir wollten uns als gute Gastgeber beweisen, ich denke dies ist uns gelungen. Es hat mich auch sehr gefreut, wie stark der Funke aus der Hanns-Martin-Schleyer-Halle an den Schlossplatz oder an die anderen Veranstaltungsst\u00e4tten \u00fcbergesprungen ist.<\/p>\n<p style=\"text-align: justify;\">Zudem wollten wir neue Zeichen f\u00fcr unsere Sportart setzen und das Turnen mit seinen Bewegungsformen f\u00fcr mehr Menschen \u00f6ffnen. Mit den vielen Angeboten rund um die WM und den Projekten die nachhaltig in den Verband einwirken, sind wir in diesem Prozess ein ganzes St\u00fcck vorangekommen.\u201c<\/p>\n<p style=\"text-align: justify;\">Der Pr\u00e4sident dankte ausdr\u00fccklich der Landeshauptstadt Stuttgart, dem Land Baden-W\u00fcrttemberg und der Bundesregierung, dem Internationalen Turnerbund FIG, den Sponsoren und Medienpartnern, insbesondere dem SWR, sowie den hunderten freiwilligen Helferinnen und Helfern, den Mitarbeitern, Partnern und Dienstleistern f\u00fcr ihre gro\u00dfartige Unterst\u00fctzung und ihr au\u00dfergew\u00f6hnliches Engagement.<\/p>\n<p style=\"text-align: justify;\">\u201eNat\u00fcrlich haben mich auch die positiven und sportlich erfolgreichen Auftritte des Turn-Team Deutschland sehr begeistert. Zu sehen, mit wieviel Leidenschaft und Ehrgeiz, in Kombination mit sportlichem Fairplay unsere Turnerinnen und Turner zur Sache gegangen sind, war ein einfach beeindruckend. Gl\u00fcckwunsch zur erreichten Olympia-Qualifikation der M\u00e4nner und Frauen und zu den tollen Einzel- Ergebnissen\u201c, so H\u00f6lzl.<\/p>\n<p style=\"text-align: justify;\">\u201eAls Vertreterin des Landes Baden-W\u00fcrttemberg freue ich mich besonders \u00fcber die Turn-WM, die an keinem Ort so oft wie hier in Stuttgart zu Gast war \u2013 man kann sagen, Stuttgart ist Turn-Weltmeister als Ausrichter\u201c, sagte Staatsministerin Theresa Schopper in der abschlie\u00dfenden Pressekonferenz. \u201eDie Tatsache, dass der Wettkampf nun also schon zum dritten Mal hier stattfindet zeigt: Baden-W\u00fcrttemberg ist ein Sportland \u2013 und ein Land der Turnerinnen und Turner, denn mehr als jeder Zehnte ist Mitglied in einem Turnverein. Zum Abschluss dieses tollen Wettbewerbs bedanke ich mich bei allen Athletinnen und Athleten, dem Publikum, den Veranstaltern und Organisatoren mit ihren 600 freiwilligen Helferinnen und Helfern, die in den letzten Tagen, Wochen und Monaten f\u00fcr einen reibungslosen Ablauf gesorgt haben.\u201c Man sei auch froh, schw\u00e4bische Ingenieurskunst f\u00fcr die WM-Medaillen eingebracht zu haben und die Freude der Athleten aus vielen L\u00e4ndern \u00fcber diese au\u00dfergew\u00f6hnlichen Medaillen erleben zu k\u00f6nnen, so die Staatsministerin.<\/p>\n<p style=\"text-align: justify;\">Dr. Martin Schairer, B\u00fcrgermeister f\u00fcr Sicherheit, Ordnung und Sport: \u201eDie Turn-WM 2019 war in allen Bereichen ein Aush\u00e4ngeschild f\u00fcr die Sportstadt Stuttgart. Mein herzlicher Dank geht an die Sportler, an den internationalen Turnverband, den Deutschen und den Schw\u00e4bischen Turnerbund, an die Zuschauer, die vielen freiwilligen Helfer und vor allem auch an die Begeisterten, die diese WM zu einem einzigartigen Erlebnis f\u00fcr alle gemacht haben.\u201c<\/p>\n<p style=\"text-align: justify;\">Schairer verwies au\u00dferdem auf den Nachhaltigkeitsaspekt der Veranstaltung: \u201eWir wollten die Turn-WM auch mitten in der Stadt pr\u00e4sent machen und Impulse der Bewegungsf\u00f6rderung setzen. Das ist mit dem City Event auf dem Schlossplatz und weiteren Aktionen gelungen. Damit wird die WM ihrem Ziel nachhaltig gerecht, neue Zeichen zu setzen, die auch weit \u00fcber die Veranstaltung hinaus in der Stadt zu sp\u00fcren sind.\u201c<\/p>\n<p style=\"text-align: justify;\">Wolfgang Drexler, Pr\u00e4sident des Schw\u00e4bischen Turnerbundes, ging noch einmal auf die Stimmung und das faire Publikum in der Hanns-Martin-Schleyer-Halle ein. \u201eDiese Turn-WM mit ihrer sensationellen Stimmung war ein tolles Event und hat erneut bewiesen, dass Stuttgart ein ganz besonderer Standort in der Turnwelt ist und vom Publikum wie von den Athleten gesch\u00e4tzt wird. Sportliche Gro\u00dfereignisse sind wichtig f\u00fcr Stuttgart, zumal im Turnen. Wir w\u00fcrden uns gern in zehn Jahren f\u00fcr die n\u00e4chste Turn-WM bewerben und hoffen, dass wir dann die entsprechende Infrastruktur in Form einer modernen Gro\u00dfsporthalle in Stuttgart haben werden. Mir als Pr\u00e4sident des STB ist es auch eine Herzensangelegenheit, dass wir die Emotionalit\u00e4t des Turnens, diese positiven Bewegungserfahrungen allen Menschen zuteilwerden lassen. Wir haben in den letzten Tagen bisher 6.725 Saltos bei unseren Aktionen in der City gez\u00e4hlt. Eine repr\u00e4sentative Studie besagt, dass 40 Prozent der Bev\u00f6lkerung gern einen Salto k\u00f6nnen m\u00f6chte. Es ist die Aufgabe des Turnens, also unsere Aufgabe, die bestehende L\u00fccke zu schlie\u00dfen&#8230; Wir werden weiter machen und neue Zeichen setzen!&#8221;<\/p>\n<hr \/>\n<p style=\"text-align: justify;\">\n","protected":false},"excerpt":{"rendered":"<p>Stuttgart.| Die Turn-WM Stuttgart 2019 war ein Sportereignis der Superlative, so der einhellige Tenor der Abschluss-Pressekonferenz der WM kurz vor dem Ende der Wettk\u00e4mpfe. Hervorragend organisiert, mit innovativen Konzepten zur Nachhaltigkeit und einer unvergleichlichen Atmosph\u00e4re setzte die WM neue Zeichen. \u00a0Die Begeisterung und die enthusiastische Stimmung des Stuttgarter Publikums haben die 540 Turnerinnen und Turner [&hellip;]<\/p>\n","protected":false},"author":4,"featured_media":0,"comment_status":"closed","ping_status":"open","sticky":false,"template":"","format":"standard","meta":{"inline_featured_image":false,"_exactmetrics_skip_tracking":false,"_exactmetrics_sitenote_active":false,"_exactmetrics_sitenote_note":"","_exactmetrics_sitenote_category":0,"footnotes":""},"categories":[59,110],"tags":[14857,5,68,9,275,14104,11586],"class_list":{"0":"post-136416","1":"post","2":"type-post","3":"status-publish","4":"format-standard","6":"category-aktuell","7":"category-sport","8":"tag-die-webzeitung","9":"tag-internetzeitung","10":"tag-online-zeitung","11":"tag-schaumedia","12":"tag-stuttgart","13":"tag-turn-wm","14":"tag-turnen"},"image_feature":null,"author_name":"Redaktion","pure_taxonomies":{"categories":[{"term_id":59,"name":"Aktuell","slug":"aktuell","term_group":0,"term_taxonomy_id":60,"taxonomy":"category","description":"","parent":0,"count":1017,"filter":"raw","image":""},{"term_id":110,"name":"Sport","slug":"sport","term_group":0,"term_taxonomy_id":112,"taxonomy":"category","description":"Sportberichte","parent":0,"count":1043,"filter":"raw","image":""}],"tags":[{"term_id":14857,"name":"Die-Webzeitung","slug":"die-webzeitung","term_group":0,"term_taxonomy_id":14876,"taxonomy":"post_tag","description":"","parent":0,"count":3623,"filter":"raw","image":""},{"term_id":5,"name":"Internetzeitung","slug":"internetzeitung","term_group":0,"term_taxonomy_id":5,"taxonomy":"post_tag","description":"","parent":0,"count":1461,"filter":"raw","image":""},{"term_id":68,"name":"Online-Zeitung","slug":"online-zeitung","term_group":0,"term_taxonomy_id":69,"taxonomy":"post_tag","description":"","parent":0,"count":3593,"filter":"raw","image":""},{"term_id":9,"name":"SchauMedia","slug":"schaumedia","term_group":0,"term_taxonomy_id":9,"taxonomy":"post_tag","description":"","parent":0,"count":1607,"filter":"raw","image":""},{"term_id":275,"name":"Stuttgart","slug":"stuttgart","term_group":0,"term_taxonomy_id":281,"taxonomy":"post_tag","description":"","parent":0,"count":1194,"filter":"raw","image":""},{"term_id":14104,"name":"Turn-WM","slug":"turn-wm","term_group":0,"term_taxonomy_id":14146,"taxonomy":"post_tag","description":"","parent":0,"count":2,"filter":"raw","image":""},{"term_id":11586,"name":"Turnen","slug":"turnen","term_group":0,"term_taxonomy_id":11624,"taxonomy":"post_tag","description":"","parent":0,"count":7,"filter":"raw","image":""}]},"_links":{"self":[{"href":"https:\/\/die-webzeitung.de\/stuttgart\/wp-json\/wp\/v2\/posts\/136416","targetHints":{"allow":["GET"]}}],"collection":[{"href":"https:\/\/die-webzeitung.de\/stuttgart\/wp-json\/wp\/v2\/posts"}],"about":[{"href":"https:\/\/die-webzeitung.de\/stuttgart\/wp-json\/wp\/v2\/types\/post"}],"author":[{"embeddable":true,"href":"https:\/\/die-webzeitung.de\/stuttgart\/wp-json\/wp\/v2\/users\/4"}],"replies":[{"embeddable":true,"href":"https:\/\/die-webzeitung.de\/stuttgart\/wp-json\/wp\/v2\/comments?post=136416"}],"version-history":[{"count":1,"href":"https:\/\/die-webzeitung.de\/stuttgart\/wp-json\/wp\/v2\/posts\/136416\/revisions"}],"predecessor-version":[{"id":136417,"href":"https:\/\/die-webzeitung.de\/stuttgart\/wp-json\/wp\/v2\/posts\/136416\/revisions\/136417"}],"wp:attachment":[{"href":"https:\/\/die-webzeitung.de\/stuttgart\/wp-json\/wp\/v2\/media?parent=136416"}],"wp:term":[{"taxonomy":"category","embeddable":true,"href":"https:\/\/die-webzeitung.de\/stuttgart\/wp-json\/wp\/v2\/categories?post=136416"},{"taxonomy":"post_tag","embeddable":true,"href":"https:\/\/die-webzeitung.de\/stuttgart\/wp-json\/wp\/v2\/tags?post=136416"}],"curies":[{"name":"wp","href":"https:\/\/api.w.org\/{rel}","templated":true}]}}