{"id":136413,"date":"2019-10-13T12:30:16","date_gmt":"2019-10-13T11:30:16","guid":{"rendered":"https:\/\/die-webzeitung.de\/stuttgart\/?p=136413"},"modified":"2019-10-13T12:30:51","modified_gmt":"2019-10-13T11:30:51","slug":"turn-wm-stuttgart-2019-stadt-zieht-positive-bilanz","status":"publish","type":"post","link":"https:\/\/die-webzeitung.de\/stuttgart\/2019\/10\/13\/turn-wm-stuttgart-2019-stadt-zieht-positive-bilanz\/","title":{"rendered":"Turn-WM Stuttgart 2019: Stadt zieht positive Bilanz"},"content":{"rendered":"<p style=\"text-align: justify;\">Stuttgart.| Die Turn-Weltmeisterschaft 2019 in Stuttgart geht zu Ende. Kurz vor Abschluss der letzten Wettk\u00e4mpfe in der Hanns-Martin-Schleyer-Halle hat die Landeshauptstadt Stuttgart insgesamt eine positive Bilanz der Veranstaltung gezogen. Die Stadt hat die Turn-WM mit drei Millionen Euro unterst\u00fctzt.<\/p>\n<p style=\"text-align: justify;\">Oberb\u00fcrgermeister Fritz Kuhn sagte: \u201eStuttgart hat sich als hervorragender Gastgeber f\u00fcr G\u00e4ste aus 92 Nationen pr\u00e4sentiert. Einmal mehr hat die Stadt bewiesen, was f\u00fcr ein gro\u00dfartiges und fachkundiges Publikum es hier f\u00fcr gro\u00dfe Sportveranstaltungen gibt. Die einmalige Atmosph\u00e4re in der Halle hat die 540 Athletinnen und Athleten befl\u00fcgelt.\u201c<\/p>\n<p style=\"text-align: justify;\">Dr. Martin Schairer, B\u00fcrgermeister f\u00fcr Sicherheit, Ordnung und Sport sagte: \u201eDie Turn-WM 2019 war in allen Bereichen ein Aush\u00e4ngeschild f\u00fcr die Sportstadt Stuttgart. Mein herzlicher Dank geht an die Sportler, an die F\u00e9d\u00e9ration Internationale de Gymnastique, den Deutschen und den Schw\u00e4bischen Turnerbund, an die vielen freiwilligen Helfer und vor allem auch an die begeisterten 100.000 Zuschauer, die diese WM zu einem einzigartigen Erlebnis f\u00fcr alle gemacht haben.\u201c<\/p>\n<p style=\"text-align: justify;\">Neben dem Spitzensport in der Hanns-Martin-Schleyer-Halle gab es im Vorfeld, w\u00e4hrend und nach der WM zahlreiche Aktivit\u00e4ten zur F\u00f6rderung des Turnsports und der Bewegung im Allgemeinen. Die Veranstalter der Turn-WM wollten damit zeigen, was Turnen noch alles sein kann. Unter dem Motto \u201eRaus aus der Halle \u2013 Rein in die Stadt\u201c waren w\u00e4hrend der gesamten WM vielf\u00e4ltige Bewegungsm\u00f6glichkeiten in der Stuttgarter Innenstadt erlebbar. Daf\u00fcr sorgte ein urbaner Bewegungsraum auf dem Schlo\u00dfplatz \u2013 unter anderem mit einem Gymnastics Warrior Parkour und einer Salto-Station.<\/p>\n<p style=\"text-align: justify;\">B\u00fcrgermeister Schairer dazu: \u201eWir wollten die Turn-WM auch mitten in der Stadt pr\u00e4sent machen und Impulse der Bewegungsf\u00f6rderung setzen. Das ist mit dem City Event auf dem Schlo\u00dfplatz und weiteren Aktionen gelungen. Damit wird die WM ihrem Ziel nachhaltig gerecht, neue Zeichen zu setzen, die auch weit \u00fcber die Veranstaltung hinaus in der Stadt zu sp\u00fcren sind.\u201c<\/p>\n<p style=\"text-align: justify;\">\u00dcber die WM hinaus l\u00e4uft au\u00dferdem noch die Aktion \u201eSchule turnt\u201c, die Handreichungen zur modernen Interpretation des klassischen Turn-Unterrichts bietet.<\/p>\n<p style=\"text-align: justify;\">Au\u00dferdem wird die Stadt k\u00fcnftig die Turn-Nachwuchsf\u00f6rderung im Rahmen der st\u00e4dtischen Talentf\u00f6rderung intensivieren.<\/p>\n<p style=\"text-align: justify;\">Die Turn-WM fand vom 4. bis 13. Oktober 2019 statt. Nach 1989 und 2007 war es bereits die dritte Weltmeisterschaft im Turnen, die in Stuttgart ausgetragen wurde. Besondere sportliche Bedeutung erhielt die WM, da sich die Athletinnen und Athleten unmittelbar f\u00fcr die n\u00e4chsten Olympischen Spiele in Tokio (Japan) qualifizieren konnten \u2013 was auch den deutschen Teams gelungen ist.<\/p>\n<hr \/>\n<p style=\"text-align: justify;\">\n","protected":false},"excerpt":{"rendered":"<p>Stuttgart.| Die Turn-Weltmeisterschaft 2019 in Stuttgart geht zu Ende. Kurz vor Abschluss der letzten Wettk\u00e4mpfe in der Hanns-Martin-Schleyer-Halle hat die Landeshauptstadt Stuttgart insgesamt eine positive Bilanz der Veranstaltung gezogen. Die Stadt hat die Turn-WM mit drei Millionen Euro unterst\u00fctzt. Oberb\u00fcrgermeister Fritz Kuhn sagte: \u201eStuttgart hat sich als hervorragender Gastgeber f\u00fcr G\u00e4ste aus 92 Nationen pr\u00e4sentiert. [&hellip;]<\/p>\n","protected":false},"author":4,"featured_media":0,"comment_status":"closed","ping_status":"open","sticky":false,"template":"","format":"standard","meta":{"inline_featured_image":false,"_exactmetrics_skip_tracking":false,"_exactmetrics_sitenote_active":false,"_exactmetrics_sitenote_note":"","_exactmetrics_sitenote_category":0,"footnotes":""},"categories":[59,2239],"tags":[14857,5,68,9,275,14104],"class_list":{"0":"post-136413","1":"post","2":"type-post","3":"status-publish","4":"format-standard","6":"category-aktuell","7":"category-stuttgart-lokal","8":"tag-die-webzeitung","9":"tag-internetzeitung","10":"tag-online-zeitung","11":"tag-schaumedia","12":"tag-stuttgart","13":"tag-turn-wm"},"image_feature":null,"author_name":"Redaktion","pure_taxonomies":{"categories":[{"term_id":59,"name":"Aktuell","slug":"aktuell","term_group":0,"term_taxonomy_id":60,"taxonomy":"category","description":"","parent":0,"count":1017,"filter":"raw","image":""},{"term_id":2239,"name":"Stuttgart","slug":"stuttgart-lokal","term_group":0,"term_taxonomy_id":2252,"taxonomy":"category","description":"Berichte und Informationen aus Stuttgart","parent":1433,"count":941,"filter":"raw","image":""}],"tags":[{"term_id":14857,"name":"Die-Webzeitung","slug":"die-webzeitung","term_group":0,"term_taxonomy_id":14876,"taxonomy":"post_tag","description":"","parent":0,"count":3623,"filter":"raw","image":""},{"term_id":5,"name":"Internetzeitung","slug":"internetzeitung","term_group":0,"term_taxonomy_id":5,"taxonomy":"post_tag","description":"","parent":0,"count":1461,"filter":"raw","image":""},{"term_id":68,"name":"Online-Zeitung","slug":"online-zeitung","term_group":0,"term_taxonomy_id":69,"taxonomy":"post_tag","description":"","parent":0,"count":3593,"filter":"raw","image":""},{"term_id":9,"name":"SchauMedia","slug":"schaumedia","term_group":0,"term_taxonomy_id":9,"taxonomy":"post_tag","description":"","parent":0,"count":1607,"filter":"raw","image":""},{"term_id":275,"name":"Stuttgart","slug":"stuttgart","term_group":0,"term_taxonomy_id":281,"taxonomy":"post_tag","description":"","parent":0,"count":1194,"filter":"raw","image":""},{"term_id":14104,"name":"Turn-WM","slug":"turn-wm","term_group":0,"term_taxonomy_id":14146,"taxonomy":"post_tag","description":"","parent":0,"count":2,"filter":"raw","image":""}]},"_links":{"self":[{"href":"https:\/\/die-webzeitung.de\/stuttgart\/wp-json\/wp\/v2\/posts\/136413","targetHints":{"allow":["GET"]}}],"collection":[{"href":"https:\/\/die-webzeitung.de\/stuttgart\/wp-json\/wp\/v2\/posts"}],"about":[{"href":"https:\/\/die-webzeitung.de\/stuttgart\/wp-json\/wp\/v2\/types\/post"}],"author":[{"embeddable":true,"href":"https:\/\/die-webzeitung.de\/stuttgart\/wp-json\/wp\/v2\/users\/4"}],"replies":[{"embeddable":true,"href":"https:\/\/die-webzeitung.de\/stuttgart\/wp-json\/wp\/v2\/comments?post=136413"}],"version-history":[{"count":2,"href":"https:\/\/die-webzeitung.de\/stuttgart\/wp-json\/wp\/v2\/posts\/136413\/revisions"}],"predecessor-version":[{"id":136415,"href":"https:\/\/die-webzeitung.de\/stuttgart\/wp-json\/wp\/v2\/posts\/136413\/revisions\/136415"}],"wp:attachment":[{"href":"https:\/\/die-webzeitung.de\/stuttgart\/wp-json\/wp\/v2\/media?parent=136413"}],"wp:term":[{"taxonomy":"category","embeddable":true,"href":"https:\/\/die-webzeitung.de\/stuttgart\/wp-json\/wp\/v2\/categories?post=136413"},{"taxonomy":"post_tag","embeddable":true,"href":"https:\/\/die-webzeitung.de\/stuttgart\/wp-json\/wp\/v2\/tags?post=136413"}],"curies":[{"name":"wp","href":"https:\/\/api.w.org\/{rel}","templated":true}]}}