{"id":136402,"date":"2019-10-13T09:47:23","date_gmt":"2019-10-13T08:47:23","guid":{"rendered":"https:\/\/die-webzeitung.de\/stuttgart\/2019\/10\/13\/stadt-ellwangen-und-polizei-verhindern-rechtsextremistisches-rockkonzert\/"},"modified":"2019-10-13T09:47:57","modified_gmt":"2019-10-13T08:47:57","slug":"stadt-ellwangen-und-polizei-verhindern-rechtsextremistisches-rockkonzert","status":"publish","type":"post","link":"https:\/\/die-webzeitung.de\/stuttgart\/2019\/10\/13\/stadt-ellwangen-und-polizei-verhindern-rechtsextremistisches-rockkonzert\/","title":{"rendered":"Rechtsextremistisches Rockkonzert in Ellwangen verhindert"},"content":{"rendered":"<p style=\"text-align: justify;\">Ellwangen.| Auf dem Freizeitgel\u00e4nde Wagnershof bei Ellwangen sollte am Samstagabend ein Konzert von rechtsextremistischen Musikgruppen stattfinden. Die Veranstalter bewarben die Musikveranstaltung bundesweit. Die Verfassungsschutzbeh\u00f6rden informierten hier\u00fcber das Landeskriminalamt Baden-W\u00fcrttemberg und das Polizeipr\u00e4sidium Aalen, das umgehend die Versammlungsbeh\u00f6rde der Stadt Ellwangen \u00fcber die geplante Veranstaltung unterrichtete.<\/p>\n<p style=\"text-align: justify;\">Anhand der vorliegenden Erkenntnisse gibt es eindeutige Bez\u00fcge zu der Bewegung &#8220;Blood &amp; Honour&#8221;. Diese Bewegung ist eine international aktive und rechtsextremistische Skinheadorganisation. Am 12. September 2000 hat das Bundesinnenministerium &#8220;&#8221;Blood &amp; Honour Division Deutschland&#8221; und ihre Jugendorganisation &#8220;White Youth&#8221; auf Grundlage des Paragraphen 3 Vereinsgesetz verboten. Dieses Verbot ist seit dem 13. Juni 2001 durch Urteil des Bundesverwaltungsgerichtes rechtskr\u00e4ftig.<\/p>\n<p style=\"text-align: justify;\">Die Stadt Ellwangen hat daher die Veranstaltung am Samstagmorgen verboten und eine entsprechende Verbotsverf\u00fcgung an den Veranstalter ausgeh\u00e4ndigt. Zudem hatte der Veranstalter beim Vermieter des Wagnershofes lediglich eine Geburtstagsparty angemeldet und somit nicht die tats\u00e4chliche Nutzungsabsicht angegeben.<\/p>\n<p style=\"text-align: justify;\">Kr\u00e4fte des Polizeipr\u00e4sidiums Aalen, des Polizeipr\u00e4sidiums Einsatz und des Landeskriminalamtes Baden-W\u00fcrttemberg waren ab Samstagmorgen in Ellwangen pr\u00e4sent, um die Verbotsverf\u00fcgung durchzusetzen.<\/p>\n<p style=\"text-align: justify;\">Der polizeiliche Einsatz sowie die \u00dcbergabe der Verbotsverf\u00fcgung seitens der Stadt an den Veranstalter verliefen reibungslos und ohne Vorkomnisse.<\/p>\n<p style=\"text-align: justify;\">Trotz des Vereinsverbots von &#8220;Blood &amp; Honour&#8221; gibt es weiterhin Bands, Musikproduzenten, Verb\u00e4nde und Gruppierungen, die diesem internationalen Netzwerk angeschlossen sind oder sich in der Tradition dieser Bewegung sehen. Der Termin des Konzertes spricht daf\u00fcr, dass es sich um ein Gedenkkonzert &#8211; ein sogenanntes ISD-Memorial &#8211; f\u00fcr den Gr\u00fcnder der Bewegung, Ian Stuart Donaldson, handelt. Donaldson starb am 24. September 1993. Seit Jahren veranstalten &#8220;Blood &amp; Honour&#8221;-Aktivisten in mehreren europ\u00e4ischen L\u00e4ndern diese sogenannten ISD-Memorials und ziehen so eine internationale Besucherschaft an.<\/p>\n<p style=\"text-align: justify;\">Der Anmieter des Freizeitgel\u00e4ndes Wagnershof ist seit vielen Jahren in der deutschen rechtsextremistischen Szene aktiv und hat nachweislich Bez\u00fcge zur &#8220;Blood &amp; Honour&#8221; Bewegung.<\/p>\n<p style=\"text-align: justify;\">Rechtsextremistische Musikveranstaltungen waren im Jahr 2018 und im ersten Halbjahr 2019 ein wesentlicher Bestandteil der rechtsextremistischen Szene. \u00dcber die Musik werden rechtsextremistische Feindbilder und Rassenhass verbreitet, entsprechende Denkmuster verfestigt und das Gemeinschaftsgef\u00fchl gest\u00e4rkt.<\/p>\n<p style=\"text-align: justify;\">Die Stadt Ellwangen wollte diesem Vorgehen solcher Rechtsextremisten keinerlei Plattform bieten. Im Bereich des politischen Extremismus ist die Einschreitschwelle der Landespolizei grunds\u00e4tzlich gering, was auch durch diesen Einsatz deutlich wird.<\/p>\n<hr \/>\n<p style=\"text-align: justify;\">\n","protected":false},"excerpt":{"rendered":"<p>Ellwangen.| Auf dem Freizeitgel\u00e4nde Wagnershof bei Ellwangen sollte am Samstagabend ein Konzert von rechtsextremistischen Musikgruppen stattfinden. Die Veranstalter bewarben die Musikveranstaltung bundesweit. Die Verfassungsschutzbeh\u00f6rden informierten hier\u00fcber das Landeskriminalamt Baden-W\u00fcrttemberg und das Polizeipr\u00e4sidium Aalen, das umgehend die Versammlungsbeh\u00f6rde der Stadt Ellwangen \u00fcber die geplante Veranstaltung unterrichtete. Anhand der vorliegenden Erkenntnisse gibt es eindeutige Bez\u00fcge zu der [&hellip;]<\/p>\n","protected":false},"author":4,"featured_media":0,"comment_status":"closed","ping_status":"open","sticky":false,"template":"","format":"standard","meta":{"inline_featured_image":false,"_exactmetrics_skip_tracking":false,"_exactmetrics_sitenote_active":false,"_exactmetrics_sitenote_note":"","_exactmetrics_sitenote_category":0,"footnotes":""},"categories":[9098],"tags":[14857,5,68,1429],"class_list":{"0":"post-136402","1":"post","2":"type-post","3":"status-publish","4":"format-standard","6":"category-baden-wuerttemberg","7":"tag-die-webzeitung","8":"tag-internetzeitung","9":"tag-online-zeitung","10":"tag-rechtsextremisten"},"image_feature":null,"author_name":"Redaktion","pure_taxonomies":{"categories":[{"term_id":9098,"name":"Baden-W\u00fcrttemberg","slug":"baden-wuerttemberg","term_group":0,"term_taxonomy_id":9124,"taxonomy":"category","description":"","parent":171,"count":238,"filter":"raw","image":""}],"tags":[{"term_id":14857,"name":"Die-Webzeitung","slug":"die-webzeitung","term_group":0,"term_taxonomy_id":14876,"taxonomy":"post_tag","description":"","parent":0,"count":3623,"filter":"raw","image":""},{"term_id":5,"name":"Internetzeitung","slug":"internetzeitung","term_group":0,"term_taxonomy_id":5,"taxonomy":"post_tag","description":"","parent":0,"count":1461,"filter":"raw","image":""},{"term_id":68,"name":"Online-Zeitung","slug":"online-zeitung","term_group":0,"term_taxonomy_id":69,"taxonomy":"post_tag","description":"","parent":0,"count":3593,"filter":"raw","image":""},{"term_id":1429,"name":"Rechtsextremisten","slug":"rechtsextremisten","term_group":0,"term_taxonomy_id":1438,"taxonomy":"post_tag","description":"","parent":0,"count":1,"filter":"raw","image":""}]},"_links":{"self":[{"href":"https:\/\/die-webzeitung.de\/stuttgart\/wp-json\/wp\/v2\/posts\/136402","targetHints":{"allow":["GET"]}}],"collection":[{"href":"https:\/\/die-webzeitung.de\/stuttgart\/wp-json\/wp\/v2\/posts"}],"about":[{"href":"https:\/\/die-webzeitung.de\/stuttgart\/wp-json\/wp\/v2\/types\/post"}],"author":[{"embeddable":true,"href":"https:\/\/die-webzeitung.de\/stuttgart\/wp-json\/wp\/v2\/users\/4"}],"replies":[{"embeddable":true,"href":"https:\/\/die-webzeitung.de\/stuttgart\/wp-json\/wp\/v2\/comments?post=136402"}],"version-history":[{"count":1,"href":"https:\/\/die-webzeitung.de\/stuttgart\/wp-json\/wp\/v2\/posts\/136402\/revisions"}],"predecessor-version":[{"id":136403,"href":"https:\/\/die-webzeitung.de\/stuttgart\/wp-json\/wp\/v2\/posts\/136402\/revisions\/136403"}],"wp:attachment":[{"href":"https:\/\/die-webzeitung.de\/stuttgart\/wp-json\/wp\/v2\/media?parent=136402"}],"wp:term":[{"taxonomy":"category","embeddable":true,"href":"https:\/\/die-webzeitung.de\/stuttgart\/wp-json\/wp\/v2\/categories?post=136402"},{"taxonomy":"post_tag","embeddable":true,"href":"https:\/\/die-webzeitung.de\/stuttgart\/wp-json\/wp\/v2\/tags?post=136402"}],"curies":[{"name":"wp","href":"https:\/\/api.w.org\/{rel}","templated":true}]}}