{"id":136335,"date":"2019-10-04T15:43:11","date_gmt":"2019-10-04T14:43:11","guid":{"rendered":"https:\/\/die-webzeitung.de\/stuttgart\/?p=136335"},"modified":"2019-10-04T15:43:11","modified_gmt":"2019-10-04T14:43:11","slug":"generationenwechsel-auf-schloss-solitude","status":"publish","type":"post","link":"https:\/\/die-webzeitung.de\/stuttgart\/2019\/10\/04\/generationenwechsel-auf-schloss-solitude\/","title":{"rendered":"Generationenwechsel auf Schloss Solitude"},"content":{"rendered":"<p style=\"text-align: justify;\">Stuttgart.| Ein neues Gesicht auf Schloss Solitude: Jasmin-Patricia Hofmann ist die neue Schlossverwalterin der Staatlichen Schl\u00f6sser und G\u00e4rten Baden-W\u00fcrttemberg auf dem einstigen Lustschloss von Herzog Carl Eugen. Die junge Frau, aufgewachsen in der Region, hat jetzt die Nachfolge von Gabriele Kuhn angetreten, die nach vielen Jahren im Sommer in den Ruhestand gegangen ist.<\/p>\n<p style=\"text-align: justify;\"><strong>Neue Verwalterin im herzoglichen Lustschloss<\/strong><br \/>\nAngefangen hat sie schon im September und sich erste Orientierung in der neuen Aufgabe verschafft: Jasmin-Patricia Hofmann ist die neue Verwalterin der Schlossanlage mit der ber\u00fchmten Aussicht und freut sich darauf. \u201eEs ist vor allem die Vielfalt und Vielseitigkeit der Aufgaben, die Arbeit mit einem Team, aber auch, danach zu schauen was das Schloss braucht\u201c, erkl\u00e4rt sie. Die junge Frau hat ein Faible f\u00fcr historische Bauwerke, es sei etwas Besonderes, in einem solchen Baudenkmal t\u00e4glich arbeiten zu d\u00fcrfen. Jasmin-Patricia Hofmann hat Anglistik und Italianistik in Berlin und England studiert und bringt unterschiedliche Erfahrungen mit, etwa aus der Arbeit an Theatern.<\/p>\n<p style=\"text-align: justify;\"><strong>Aus der Region mit neuen Ideen<br \/>\n<\/strong>Die Solitude kannte sie, da sie in der Region aufgewachsen ist: \u201eIch bin schon als Kind \u00f6fter hier gewesen und habe als Gl\u00fccksbringer beim Vorstellungsgespr\u00e4ch ein Foto von mir damals an der Solitude mitgenommen\u201c, sagt Hofmann. Und sie bringt auch schon neue Pl\u00e4ne mit \u2013 etwa die Idee einer Kost\u00fcmf\u00fchrung mit K\u00f6nigin Olga, die im 19. Jahrhundert mit ihrer vornehmen russischen Verwandtschaft das Schloss wiederentdeckte. Auf die Frage, wen sie lieber kennen gelernt h\u00e4tte, den lebenslustigen Schlosserbauer Herzog Carl Eugen oder seine zweite Frau Franziska von Hohenheim, kommt die Antwort schnell: \u201eFranziska nat\u00fcrlich, sie hat verstanden, was Bildung bedeutet. Mir ihr h\u00e4tte ich mich gern unterhalten!\u201c<\/p>\n<p style=\"text-align: justify;\"><strong>Generationenwechsel im Schloss<br \/>\n<\/strong>Stephan Hurst, als Leiter der Schlossverwaltung Ludwigsburg zust\u00e4ndig f\u00fcr Schloss Solitude, spricht von einem Generationenwechsel. Er nennt voller Respekt die Leistung von Gabriele Kuhn, die den Besucherbetrieb auf Schloss Solitude mit ihrem kleinen Team \u00fcber Jahre betreut hat. Sie ist in diesem Sommer in den Ruhestand gegangen. Mit Jasmin-Patricia Hofmann hat nun die n\u00e4chste Generation die Leitung des Teams \u00fcbernommen. Einen Lieblingsplatz hat die junge Nachfolgerin auch schon: \u201eDie Treppenanlage mit dem Blick in Richtung Ludwigsburg \u2013 die Aussicht ist unschlagbar.\u201c Und die erste Bew\u00e4hrungsprobe hat sie auch schon hinter sich: Den \u201eHerzoglichen Apfeltag\u201c, der Ende September gut 3.000 Menschen auf die Solitude gezogen hat.<\/p>\n<p style=\"text-align: justify;\"><strong>R\u00fcckzugsort f\u00fcr den Herrscher<br \/>\n<\/strong>Schloss Solitude entstand als eines der zahlreichen Schlossprojekte des w\u00fcrttembergischen Herzogs Carl Eugen. Errichtet wurde es in kurzer Zeit in den 1760er Jahren auf einer H\u00f6he am Rande von Stuttgart in einem der bevorzugten Jagdreviere des Herrschers. Das Schloss, an der Schwelle vom sp\u00e4ten Barock zum fr\u00fchen Klassizismus errichtet und ausgestattet, versammelt um das zentrale Hauptgeb\u00e4ude mit seiner markanten Kuppel einen Halbkreis von Kavaliersbauten. Das Schloss birgt kostbar ausgestattete R\u00e4ume, die zum Besten geh\u00f6ren, was in S\u00fcdwestdeutschland im sp\u00e4ten 18. Jahrhundert geschaffen wurde. Gut 40.000 Menschen besuchten es im letzten Jahr bei F\u00fchrungen und Veranstaltungen der Staatlichen Schl\u00f6sser und G\u00e4rten Baden-W\u00fcrttemberg. Weitaus mehr Menschen genie\u00dfen das Schloss als Ausgangspunkt oder Ziel f\u00fcr Spazierg\u00e4nge oder einfach nur wegen der grandiosen Aussicht ins Unterland in Richtung Ludwigsburg. Schloss Solitude beherbergt au\u00dferdem die bekannte Akademie Schloss Solitude und die Schloss Solitude Gastronomie. Das Schloss ist gut mit den Buslinien der VVS erreichbar.<\/p>\n<hr \/>\n<p style=\"text-align: justify;\">\n","protected":false},"excerpt":{"rendered":"<p>Stuttgart.| Ein neues Gesicht auf Schloss Solitude: Jasmin-Patricia Hofmann ist die neue Schlossverwalterin der Staatlichen Schl\u00f6sser und G\u00e4rten Baden-W\u00fcrttemberg auf dem einstigen Lustschloss von Herzog Carl Eugen. Die junge Frau, aufgewachsen in der Region, hat jetzt die Nachfolge von Gabriele Kuhn angetreten, die nach vielen Jahren im Sommer in den Ruhestand gegangen ist. Neue Verwalterin [&hellip;]<\/p>\n","protected":false},"author":4,"featured_media":136336,"comment_status":"closed","ping_status":"open","sticky":false,"template":"","format":"standard","meta":{"inline_featured_image":false,"_exactmetrics_skip_tracking":false,"_exactmetrics_sitenote_active":false,"_exactmetrics_sitenote_note":"","_exactmetrics_sitenote_category":0,"footnotes":""},"categories":[59,2239],"tags":[14857,5,68,9,9423,9069,275,16406],"class_list":{"0":"post-136335","1":"post","2":"type-post","3":"status-publish","4":"format-standard","5":"has-post-thumbnail","7":"category-aktuell","8":"category-stuttgart-lokal","9":"tag-die-webzeitung","10":"tag-internetzeitung","11":"tag-online-zeitung","12":"tag-schaumedia","13":"tag-schloss","14":"tag-solitude","15":"tag-stuttgart","16":"tag-verwalterin"},"image_feature":"https:\/\/die-webzeitung.de\/stuttgart\/wp-content\/uploads\/sites\/4\/2019\/10\/39_stuttgart-solitude_Jasmin-Patricia_Hofmann-foto-Angelika-Mansfeld2_ssg-pressefoto.jpg","author_name":"Redaktion","pure_taxonomies":{"categories":[{"term_id":59,"name":"Aktuell","slug":"aktuell","term_group":0,"term_taxonomy_id":60,"taxonomy":"category","description":"","parent":0,"count":1017,"filter":"raw","image":""},{"term_id":2239,"name":"Stuttgart","slug":"stuttgart-lokal","term_group":0,"term_taxonomy_id":2252,"taxonomy":"category","description":"Berichte und Informationen aus Stuttgart","parent":1433,"count":941,"filter":"raw","image":""}],"tags":[{"term_id":14857,"name":"Die-Webzeitung","slug":"die-webzeitung","term_group":0,"term_taxonomy_id":14876,"taxonomy":"post_tag","description":"","parent":0,"count":3623,"filter":"raw","image":""},{"term_id":5,"name":"Internetzeitung","slug":"internetzeitung","term_group":0,"term_taxonomy_id":5,"taxonomy":"post_tag","description":"","parent":0,"count":1461,"filter":"raw","image":""},{"term_id":68,"name":"Online-Zeitung","slug":"online-zeitung","term_group":0,"term_taxonomy_id":69,"taxonomy":"post_tag","description":"","parent":0,"count":3593,"filter":"raw","image":""},{"term_id":9,"name":"SchauMedia","slug":"schaumedia","term_group":0,"term_taxonomy_id":9,"taxonomy":"post_tag","description":"","parent":0,"count":1607,"filter":"raw","image":""},{"term_id":9423,"name":"Schloss","slug":"schloss","term_group":0,"term_taxonomy_id":9452,"taxonomy":"post_tag","description":"","parent":0,"count":2,"filter":"raw","image":""},{"term_id":9069,"name":"Solitude","slug":"solitude","term_group":0,"term_taxonomy_id":9094,"taxonomy":"post_tag","description":"","parent":0,"count":3,"filter":"raw","image":""},{"term_id":275,"name":"Stuttgart","slug":"stuttgart","term_group":0,"term_taxonomy_id":281,"taxonomy":"post_tag","description":"","parent":0,"count":1194,"filter":"raw","image":""},{"term_id":16406,"name":"Verwalterin","slug":"verwalterin","term_group":0,"term_taxonomy_id":16425,"taxonomy":"post_tag","description":"","parent":0,"count":1,"filter":"raw","image":""}]},"_links":{"self":[{"href":"https:\/\/die-webzeitung.de\/stuttgart\/wp-json\/wp\/v2\/posts\/136335","targetHints":{"allow":["GET"]}}],"collection":[{"href":"https:\/\/die-webzeitung.de\/stuttgart\/wp-json\/wp\/v2\/posts"}],"about":[{"href":"https:\/\/die-webzeitung.de\/stuttgart\/wp-json\/wp\/v2\/types\/post"}],"author":[{"embeddable":true,"href":"https:\/\/die-webzeitung.de\/stuttgart\/wp-json\/wp\/v2\/users\/4"}],"replies":[{"embeddable":true,"href":"https:\/\/die-webzeitung.de\/stuttgart\/wp-json\/wp\/v2\/comments?post=136335"}],"version-history":[{"count":1,"href":"https:\/\/die-webzeitung.de\/stuttgart\/wp-json\/wp\/v2\/posts\/136335\/revisions"}],"predecessor-version":[{"id":136337,"href":"https:\/\/die-webzeitung.de\/stuttgart\/wp-json\/wp\/v2\/posts\/136335\/revisions\/136337"}],"wp:featuredmedia":[{"embeddable":true,"href":"https:\/\/die-webzeitung.de\/stuttgart\/wp-json\/wp\/v2\/media\/136336"}],"wp:attachment":[{"href":"https:\/\/die-webzeitung.de\/stuttgart\/wp-json\/wp\/v2\/media?parent=136335"}],"wp:term":[{"taxonomy":"category","embeddable":true,"href":"https:\/\/die-webzeitung.de\/stuttgart\/wp-json\/wp\/v2\/categories?post=136335"},{"taxonomy":"post_tag","embeddable":true,"href":"https:\/\/die-webzeitung.de\/stuttgart\/wp-json\/wp\/v2\/tags?post=136335"}],"curies":[{"name":"wp","href":"https:\/\/api.w.org\/{rel}","templated":true}]}}