{"id":136312,"date":"2019-10-01T14:51:02","date_gmt":"2019-10-01T13:51:02","guid":{"rendered":"https:\/\/die-webzeitung.de\/stuttgart\/?p=136312"},"modified":"2019-10-01T14:51:02","modified_gmt":"2019-10-01T13:51:02","slug":"einfuehrung-eines-mehrweg-pfandsystems-fuer-coffee-to-go-becher","status":"publish","type":"post","link":"https:\/\/die-webzeitung.de\/stuttgart\/2019\/10\/01\/einfuehrung-eines-mehrweg-pfandsystems-fuer-coffee-to-go-becher\/","title":{"rendered":"Einf\u00fchrung eines Mehrweg-Pfandsystems f\u00fcr Coffee-to-go-Becher"},"content":{"rendered":"<h5 style=\"text-align: justify;\"><strong>Stuttgart sagt dem Einwegbecherm\u00fcll den Kampf an<\/strong><\/h5>\n<p style=\"text-align: justify;\">Stuttgart.| Nach einer aktuellen Studie des Umweltbundesamtes verbrauchen die Menschen in Deutschland pro Jahr etwa 2,8 Milliarden Einwegbecher f\u00fcr Hei\u00dfgetr\u00e4nke. Viele davon landen auf der Stra\u00dfe. Um die gro\u00dfe Zahl dieser Becher und den daraus entstehenden M\u00fcll einzud\u00e4mmen, unterst\u00fctzt die Landeshauptstadt die Einf\u00fchrung eines Pfandsystems f\u00fcr Mehrwegbecher.<\/p>\n<p style=\"text-align: justify;\">Ein Aktionsstand zum Thema wird am 7. Oktober von 11 bis 18 Uhr und am 8. Oktober von 8 bis 18 Uhr am Kronprinzplatz die Stuttgarterinnen und Stuttgarter \u00fcber den neuen Pfandbecher informieren. Zur besseren Wahrnehmung des Pfandsystems in der \u00d6ffentlichkeit startet der Pfandbecher in Stuttgart mit einer eigenen St\u00e4dte- Edition. Der Becher zeigt die Wahrzeichen der Stadt wie den Fernsehturm, die Stiftskirche oder das Mercedes-Benz- und Porsche-Museum.<\/p>\n<p style=\"text-align: justify;\">Das Mehrwegsystem f\u00fcr Kaffeebecher ist Teil des Konzepts \u201eSauberes Stuttgart\u201c. F\u00fcr das Konzept hat die Stadt Stuttgart bis zum Jahr 2022 Haushaltsmittel in H\u00f6he von insgesamt 45,4 Millionen Euro vorgesehen \u2013 rund 10 Millionen Euro pro Jahr. Schwerpunkte des Konzepts sind unter anderem umfangreichere Reinigungen, verst\u00e4rkte Pr\u00e4vention, mehr Kontrollen und eine breit angelegte \u00d6ffentlichkeitskampagne sowie die Beteiligung am Pfandsystem f\u00fcr Mehrwegbecher.<\/p>\n<p style=\"text-align: justify;\">Umgerechnet werden in Deutschland 320.000 Becher pro Stunde verbraucht. Diese bestehen \u00fcberwiegend aus Papierfasern und sind auf der Innenseite mit Plastik beschichtet. Ein Recycling ist durch die Beschichtung fast unm\u00f6glich, was bei der Entsorgung zu einer enormen Ressourcenverschwendung f\u00fchrt.<\/p>\n<hr \/>\n<p style=\"text-align: justify;\">\n","protected":false},"excerpt":{"rendered":"<p>Stuttgart sagt dem Einwegbecherm\u00fcll den Kampf an Stuttgart.| Nach einer aktuellen Studie des Umweltbundesamtes verbrauchen die Menschen in Deutschland pro Jahr etwa 2,8 Milliarden Einwegbecher f\u00fcr Hei\u00dfgetr\u00e4nke. Viele davon landen auf der Stra\u00dfe. Um die gro\u00dfe Zahl dieser Becher und den daraus entstehenden M\u00fcll einzud\u00e4mmen, unterst\u00fctzt die Landeshauptstadt die Einf\u00fchrung eines Pfandsystems f\u00fcr Mehrwegbecher. Ein [&hellip;]<\/p>\n","protected":false},"author":4,"featured_media":136313,"comment_status":"closed","ping_status":"open","sticky":false,"template":"","format":"standard","meta":{"inline_featured_image":false,"_exactmetrics_skip_tracking":false,"_exactmetrics_sitenote_active":false,"_exactmetrics_sitenote_note":"","_exactmetrics_sitenote_category":0,"footnotes":""},"categories":[59,2239],"tags":[16402,16400,14857,16401,5,948,68,9,275],"class_list":{"0":"post-136312","1":"post","2":"type-post","3":"status-publish","4":"format-standard","5":"has-post-thumbnail","7":"category-aktuell","8":"category-stuttgart-lokal","9":"tag-becher","10":"tag-coffee","11":"tag-die-webzeitung","12":"tag-go","13":"tag-internetzeitung","14":"tag-mull","15":"tag-online-zeitung","16":"tag-schaumedia","17":"tag-stuttgart"},"image_feature":"https:\/\/die-webzeitung.de\/stuttgart\/wp-content\/uploads\/sites\/4\/2019\/10\/351254_original_R_by_Kigoo-Images_pixelio.de_.jpg","author_name":"Redaktion","pure_taxonomies":{"categories":[{"term_id":59,"name":"Aktuell","slug":"aktuell","term_group":0,"term_taxonomy_id":60,"taxonomy":"category","description":"","parent":0,"count":1017,"filter":"raw","image":""},{"term_id":2239,"name":"Stuttgart","slug":"stuttgart-lokal","term_group":0,"term_taxonomy_id":2252,"taxonomy":"category","description":"Berichte und Informationen aus Stuttgart","parent":1433,"count":941,"filter":"raw","image":""}],"tags":[{"term_id":16402,"name":"Becher","slug":"becher","term_group":0,"term_taxonomy_id":16421,"taxonomy":"post_tag","description":"","parent":0,"count":2,"filter":"raw","image":""},{"term_id":16400,"name":"Coffee","slug":"coffee","term_group":0,"term_taxonomy_id":16419,"taxonomy":"post_tag","description":"","parent":0,"count":1,"filter":"raw","image":""},{"term_id":14857,"name":"Die-Webzeitung","slug":"die-webzeitung","term_group":0,"term_taxonomy_id":14876,"taxonomy":"post_tag","description":"","parent":0,"count":3623,"filter":"raw","image":""},{"term_id":16401,"name":"go","slug":"go","term_group":0,"term_taxonomy_id":16420,"taxonomy":"post_tag","description":"","parent":0,"count":1,"filter":"raw","image":""},{"term_id":5,"name":"Internetzeitung","slug":"internetzeitung","term_group":0,"term_taxonomy_id":5,"taxonomy":"post_tag","description":"","parent":0,"count":1461,"filter":"raw","image":""},{"term_id":948,"name":"M\u00fcll","slug":"mull","term_group":0,"term_taxonomy_id":957,"taxonomy":"post_tag","description":"","parent":0,"count":4,"filter":"raw","image":""},{"term_id":68,"name":"Online-Zeitung","slug":"online-zeitung","term_group":0,"term_taxonomy_id":69,"taxonomy":"post_tag","description":"","parent":0,"count":3593,"filter":"raw","image":""},{"term_id":9,"name":"SchauMedia","slug":"schaumedia","term_group":0,"term_taxonomy_id":9,"taxonomy":"post_tag","description":"","parent":0,"count":1607,"filter":"raw","image":""},{"term_id":275,"name":"Stuttgart","slug":"stuttgart","term_group":0,"term_taxonomy_id":281,"taxonomy":"post_tag","description":"","parent":0,"count":1194,"filter":"raw","image":""}]},"_links":{"self":[{"href":"https:\/\/die-webzeitung.de\/stuttgart\/wp-json\/wp\/v2\/posts\/136312","targetHints":{"allow":["GET"]}}],"collection":[{"href":"https:\/\/die-webzeitung.de\/stuttgart\/wp-json\/wp\/v2\/posts"}],"about":[{"href":"https:\/\/die-webzeitung.de\/stuttgart\/wp-json\/wp\/v2\/types\/post"}],"author":[{"embeddable":true,"href":"https:\/\/die-webzeitung.de\/stuttgart\/wp-json\/wp\/v2\/users\/4"}],"replies":[{"embeddable":true,"href":"https:\/\/die-webzeitung.de\/stuttgart\/wp-json\/wp\/v2\/comments?post=136312"}],"version-history":[{"count":1,"href":"https:\/\/die-webzeitung.de\/stuttgart\/wp-json\/wp\/v2\/posts\/136312\/revisions"}],"predecessor-version":[{"id":136314,"href":"https:\/\/die-webzeitung.de\/stuttgart\/wp-json\/wp\/v2\/posts\/136312\/revisions\/136314"}],"wp:featuredmedia":[{"embeddable":true,"href":"https:\/\/die-webzeitung.de\/stuttgart\/wp-json\/wp\/v2\/media\/136313"}],"wp:attachment":[{"href":"https:\/\/die-webzeitung.de\/stuttgart\/wp-json\/wp\/v2\/media?parent=136312"}],"wp:term":[{"taxonomy":"category","embeddable":true,"href":"https:\/\/die-webzeitung.de\/stuttgart\/wp-json\/wp\/v2\/categories?post=136312"},{"taxonomy":"post_tag","embeddable":true,"href":"https:\/\/die-webzeitung.de\/stuttgart\/wp-json\/wp\/v2\/tags?post=136312"}],"curies":[{"name":"wp","href":"https:\/\/api.w.org\/{rel}","templated":true}]}}