{"id":136310,"date":"2019-10-01T14:46:20","date_gmt":"2019-10-01T13:46:20","guid":{"rendered":"https:\/\/die-webzeitung.de\/stuttgart\/?p=136310"},"modified":"2019-10-01T14:46:20","modified_gmt":"2019-10-01T13:46:20","slug":"sperrung-des-neckarradwegs-auf-hoehe-des-hauptklaerwerks-muehlhausen","status":"publish","type":"post","link":"https:\/\/die-webzeitung.de\/stuttgart\/2019\/10\/01\/sperrung-des-neckarradwegs-auf-hoehe-des-hauptklaerwerks-muehlhausen\/","title":{"rendered":"Sperrung des Neckarradwegs auf H\u00f6he des Hauptkl\u00e4rwerks M\u00fchlhausen"},"content":{"rendered":"<p style=\"text-align: justify;\">Stuttgart.| Im Rahmen einer Bauma\u00dfnahme des Eigenbetriebs Stadtentw\u00e4sserung auf dem Gel\u00e4nde des Hauptkl\u00e4rwerks M\u00fchlhausen wird der Neckarradweg zwischen dem Vier-Burgen-Steg und der Br\u00fcckenstra\u00dfe in Aldingen ab Montag, 7. Oktober, auf der M\u00fchlh\u00e4user Seite des Neckars vollst\u00e4ndig gesperrt. Eine Umleitungsstrecke ist ausgeschildert und leitet den Radverkehr \u00f6stlich des Neckars auf die Hofener Seite um.<\/p>\n<p style=\"text-align: justify;\">Ab Montag, 18. November, ist der Radweg auf einer Breite von zirka 1,5 Metern f\u00fcr Fu\u00dfg\u00e4nger wieder ge\u00f6ffnet. Radfahrer m\u00fcssen im unmittelbaren Baustellenbereich absteigen. Ab April 2020 ist der Radweg voraussichtlich wieder uneingeschr\u00e4nkt befahrbar.<\/p>\n<p style=\"text-align: justify;\">Die Bauma\u00dfnahme ist wegen des neuen Eingangsgeb\u00e4udes erforderlich. Dieses \u00f6ffnet sich \u00fcber eine Terrassenfl\u00e4che zum Neckarradweg und ist von dort f\u00fcr die \u00d6ffentlichkeit zug\u00e4nglich.<\/p>\n<p style=\"text-align: justify;\">Die Planung sieht vor, den Radweg im Bereich des Eingangsgeb\u00e4udes von derzeit zwei auf 3,4 Meter zu verbreitern.<\/p>\n<hr \/>\n<p style=\"text-align: justify;\">\n","protected":false},"excerpt":{"rendered":"<p>Stuttgart.| Im Rahmen einer Bauma\u00dfnahme des Eigenbetriebs Stadtentw\u00e4sserung auf dem Gel\u00e4nde des Hauptkl\u00e4rwerks M\u00fchlhausen wird der Neckarradweg zwischen dem Vier-Burgen-Steg und der Br\u00fcckenstra\u00dfe in Aldingen ab Montag, 7. Oktober, auf der M\u00fchlh\u00e4user Seite des Neckars vollst\u00e4ndig gesperrt. Eine Umleitungsstrecke ist ausgeschildert und leitet den Radverkehr \u00f6stlich des Neckars auf die Hofener Seite um. Ab Montag, [&hellip;]<\/p>\n","protected":false},"author":4,"featured_media":0,"comment_status":"closed","ping_status":"open","sticky":false,"template":"","format":"standard","meta":{"inline_featured_image":false,"_exactmetrics_skip_tracking":false,"_exactmetrics_sitenote_active":false,"_exactmetrics_sitenote_note":"","_exactmetrics_sitenote_category":0,"footnotes":""},"categories":[2239],"tags":[14857,16399,68,9,275],"class_list":{"0":"post-136310","1":"post","2":"type-post","3":"status-publish","4":"format-standard","6":"category-stuttgart-lokal","7":"tag-die-webzeitung","8":"tag-neckarradweg","9":"tag-online-zeitung","10":"tag-schaumedia","11":"tag-stuttgart"},"image_feature":null,"author_name":"Redaktion","pure_taxonomies":{"categories":[{"term_id":2239,"name":"Stuttgart","slug":"stuttgart-lokal","term_group":0,"term_taxonomy_id":2252,"taxonomy":"category","description":"Berichte und Informationen aus Stuttgart","parent":1433,"count":941,"filter":"raw","image":""}],"tags":[{"term_id":14857,"name":"Die-Webzeitung","slug":"die-webzeitung","term_group":0,"term_taxonomy_id":14876,"taxonomy":"post_tag","description":"","parent":0,"count":3623,"filter":"raw","image":""},{"term_id":16399,"name":"Neckarradweg","slug":"neckarradweg","term_group":0,"term_taxonomy_id":16418,"taxonomy":"post_tag","description":"","parent":0,"count":1,"filter":"raw","image":""},{"term_id":68,"name":"Online-Zeitung","slug":"online-zeitung","term_group":0,"term_taxonomy_id":69,"taxonomy":"post_tag","description":"","parent":0,"count":3593,"filter":"raw","image":""},{"term_id":9,"name":"SchauMedia","slug":"schaumedia","term_group":0,"term_taxonomy_id":9,"taxonomy":"post_tag","description":"","parent":0,"count":1607,"filter":"raw","image":""},{"term_id":275,"name":"Stuttgart","slug":"stuttgart","term_group":0,"term_taxonomy_id":281,"taxonomy":"post_tag","description":"","parent":0,"count":1194,"filter":"raw","image":""}]},"_links":{"self":[{"href":"https:\/\/die-webzeitung.de\/stuttgart\/wp-json\/wp\/v2\/posts\/136310","targetHints":{"allow":["GET"]}}],"collection":[{"href":"https:\/\/die-webzeitung.de\/stuttgart\/wp-json\/wp\/v2\/posts"}],"about":[{"href":"https:\/\/die-webzeitung.de\/stuttgart\/wp-json\/wp\/v2\/types\/post"}],"author":[{"embeddable":true,"href":"https:\/\/die-webzeitung.de\/stuttgart\/wp-json\/wp\/v2\/users\/4"}],"replies":[{"embeddable":true,"href":"https:\/\/die-webzeitung.de\/stuttgart\/wp-json\/wp\/v2\/comments?post=136310"}],"version-history":[{"count":1,"href":"https:\/\/die-webzeitung.de\/stuttgart\/wp-json\/wp\/v2\/posts\/136310\/revisions"}],"predecessor-version":[{"id":136311,"href":"https:\/\/die-webzeitung.de\/stuttgart\/wp-json\/wp\/v2\/posts\/136310\/revisions\/136311"}],"wp:attachment":[{"href":"https:\/\/die-webzeitung.de\/stuttgart\/wp-json\/wp\/v2\/media?parent=136310"}],"wp:term":[{"taxonomy":"category","embeddable":true,"href":"https:\/\/die-webzeitung.de\/stuttgart\/wp-json\/wp\/v2\/categories?post=136310"},{"taxonomy":"post_tag","embeddable":true,"href":"https:\/\/die-webzeitung.de\/stuttgart\/wp-json\/wp\/v2\/tags?post=136310"}],"curies":[{"name":"wp","href":"https:\/\/api.w.org\/{rel}","templated":true}]}}