{"id":136255,"date":"2019-09-26T13:08:10","date_gmt":"2019-09-26T12:08:10","guid":{"rendered":"https:\/\/die-webzeitung.de\/stuttgart\/?p=136255"},"modified":"2019-09-26T13:08:10","modified_gmt":"2019-09-26T12:08:10","slug":"stadtwerke-halten-mehrheit-an-eigentum-und-betrieb-der-netze","status":"publish","type":"post","link":"https:\/\/die-webzeitung.de\/stuttgart\/2019\/09\/26\/stadtwerke-halten-mehrheit-an-eigentum-und-betrieb-der-netze\/","title":{"rendered":"Stadtwerke halten Mehrheit an Eigentum und Betrieb der Netze"},"content":{"rendered":"<h5 style=\"text-align: justify;\"><strong>Gro\u00dfe Netzgesellschaft gegr\u00fcndet<\/strong><\/h5>\n<p style=\"text-align: justify;\">Stuttgart.| Das Strom- und Gasnetz in Stuttgart ist wieder \u00fcberwiegend in st\u00e4dtischer Hand. Dies gilt bereits seit Anfang des Jahres nicht mehr nur f\u00fcr das Eigentum der Netze, sondern auch f\u00fcr den Betrieb. Eigentum und Betrieb wurden nun in einer gro\u00dfen Netzgesellschaft, der Stuttgart Netze GmbH, zusammengefasst.<\/p>\n<p style=\"text-align: justify;\">Damit endet die \u00dcbergangszeit, die zwischen Landeshauptstadt, Stadtwerke Stuttgart und der EnBW-Tochter Netze BW vereinbart wurde. Die Landeshauptstadt hatte 2014 die Konzession f\u00fcr die Strom- und Gasnetze auf ihrer Gemarkung der neu gegr\u00fcndeten Stuttgart Netze GmbH \u00fcbertragen. Zu diesem Zweck war eine Eigentumsgesellschaft und eine Netzbetriebsgesellschaft gegr\u00fcndet worden, an denen die Stadtwerke Stuttgart jeweils die Mehrheit von 74,9 Prozent halten, der Altkonzession\u00e4r Netze BW 25,1 Prozent. Die beiden Gesellschaften wurden nun in einer gro\u00dfen Netzgesellschaft verschmolzen \u2013 die Stuttgart Netze GmbH.<\/p>\n<p style=\"text-align: justify;\"><strong>Versorgungssicherheit bleibt gewahrt<br \/>\n<\/strong>\u201eDies ist ein weiterer Schritt, um das Strom- und Gasnetz in Stuttgart zur\u00fcck unter das Dach der Landeshauptstadt zu holen\u201c, sagt Stadtwerke-Gesch\u00e4ftsf\u00fchrer Olaf Kieser. \u201eAn der zuverl\u00e4ssigen Versorgung der Stuttgarterinnen und Stuttgarter wird sich nichts \u00e4ndern. Diese hat weiterhin h\u00f6chste Priorit\u00e4t. Zentrale Aufgabe der Stadtwerke inklusive der Stuttgart Netze ist die Umsetzung der Energiewende in der Landeshauptstadt.\u201c<\/p>\n<p style=\"text-align: justify;\"><strong>Entscheidung \u00fcber Hochspannungs- und Hochdruck steht noch aus<br \/>\n<\/strong>Die Stuttgart Netze ist bisher im Besitz des Nieder- und Mittelspannungsnetzes f\u00fcr Strom sowie des Nieder- und Mitteldrucknetzes f\u00fcr Gas. Ob die Netze BW noch das Hochspannungs- und Hochdrucknetz an die Stuttgart Netze \u00fcbergeben muss, entscheidet der Bundesgerichtshof im Laufe des Jahres in letzter Instanz. Das Landgericht Stuttgart und das Oberlandesgericht Stuttgart hatten eine Herausgabepflicht an die Stuttgart Netze bereits bejaht. Die Klage bleibt im Einvernehmen der Vertragspartner ohne Einfluss auf die weitere Kooperation der beiden Unternehmen bei der Stuttgart Netze.<\/p>\n<p style=\"text-align: justify;\"><strong>Hintergrund<br \/>\n<\/strong>Die Stuttgart Netze ist f\u00fcr die sichere Verteilung des Stroms in Stuttgart zust\u00e4ndig. Die rund 220 Mitarbeiter betreiben das 5.400 Kilometer lange Stromnetz der Mittel- und Niederspannung und halten Leitungen, Netzstationen und Umspannwerke auf dem neuesten technischen Stand. Au\u00dferdem erweitert und verst\u00e4rkt die Stuttgart Netze das Netz, wenn zum Beispiel Ladestationen f\u00fcr Elektrofahrzeuge ben\u00f6tigt werden, B\u00fcrger Solaranlagen installieren oder neue Wohngebiete entstehen. Des Weiteren k\u00fcmmert sich die Stuttgart Netze im Auftrag der Landeshauptstadt um die Instandhaltung der Stra\u00dfenbeleuchtung. Perspektivisch wird das Unternehmen auch den Betrieb des Gasnetzes in Stuttgart \u00fcbernehmen, wenn alle juristischen Fragen gekl\u00e4rt sind und die Netzentflechtung stattgefunden hat. Weitere Informationen unter: <a href=\"http:\/\/www.stuttgart-netze.de\" target=\"_blank\" rel=\"noopener noreferrer\">www.stuttgart-netze.de<\/a><\/p>\n<p style=\"text-align: justify;\">Dem Stadtwerke-Konzern geh\u00f6ren neben der Stuttgart Netze nunmehr folgende Gesellschaften an: die 2011 gegr\u00fcndeten Stadtwerke Stuttgart GmbH, die Energiewende-Produkte und -Dienstleistungen anbietet, die Stadtwerke Stuttgart Vertriebsgesellschaft mbH, die gemeinsam mit dem Anteilseigner Elektrizit\u00e4tswerke Sch\u00f6nau 100-prozentigen \u00d6kostrom vertreibt, und die Energiedienste der Landeshauptstadt Stuttgart, die f\u00fcr die Landeshauptstadt Stuttgart unter anderem die Energiekonzepte f\u00fcr st\u00e4dtische Quartiere entwickelt und umsetzt.<\/p>\n<hr \/>\n<p style=\"text-align: justify;\">\n","protected":false},"excerpt":{"rendered":"<p>Gro\u00dfe Netzgesellschaft gegr\u00fcndet Stuttgart.| Das Strom- und Gasnetz in Stuttgart ist wieder \u00fcberwiegend in st\u00e4dtischer Hand. Dies gilt bereits seit Anfang des Jahres nicht mehr nur f\u00fcr das Eigentum der Netze, sondern auch f\u00fcr den Betrieb. Eigentum und Betrieb wurden nun in einer gro\u00dfen Netzgesellschaft, der Stuttgart Netze GmbH, zusammengefasst. Damit endet die \u00dcbergangszeit, die [&hellip;]<\/p>\n","protected":false},"author":4,"featured_media":0,"comment_status":"closed","ping_status":"open","sticky":false,"template":"","format":"standard","meta":{"inline_featured_image":false,"_exactmetrics_skip_tracking":false,"_exactmetrics_sitenote_active":false,"_exactmetrics_sitenote_note":"","_exactmetrics_sitenote_category":0,"footnotes":""},"categories":[2239],"tags":[14857,5,15421,68,9,275],"class_list":{"0":"post-136255","1":"post","2":"type-post","3":"status-publish","4":"format-standard","6":"category-stuttgart-lokal","7":"tag-die-webzeitung","8":"tag-internetzeitung","9":"tag-netze","10":"tag-online-zeitung","11":"tag-schaumedia","12":"tag-stuttgart"},"image_feature":null,"author_name":"Redaktion","pure_taxonomies":{"categories":[{"term_id":2239,"name":"Stuttgart","slug":"stuttgart-lokal","term_group":0,"term_taxonomy_id":2252,"taxonomy":"category","description":"Berichte und Informationen aus Stuttgart","parent":1433,"count":941,"filter":"raw","image":""}],"tags":[{"term_id":14857,"name":"Die-Webzeitung","slug":"die-webzeitung","term_group":0,"term_taxonomy_id":14876,"taxonomy":"post_tag","description":"","parent":0,"count":3621,"filter":"raw","image":""},{"term_id":5,"name":"Internetzeitung","slug":"internetzeitung","term_group":0,"term_taxonomy_id":5,"taxonomy":"post_tag","description":"","parent":0,"count":1461,"filter":"raw","image":""},{"term_id":15421,"name":"Netze","slug":"netze","term_group":0,"term_taxonomy_id":15440,"taxonomy":"post_tag","description":"","parent":0,"count":9,"filter":"raw","image":""},{"term_id":68,"name":"Online-Zeitung","slug":"online-zeitung","term_group":0,"term_taxonomy_id":69,"taxonomy":"post_tag","description":"","parent":0,"count":3591,"filter":"raw","image":""},{"term_id":9,"name":"SchauMedia","slug":"schaumedia","term_group":0,"term_taxonomy_id":9,"taxonomy":"post_tag","description":"","parent":0,"count":1607,"filter":"raw","image":""},{"term_id":275,"name":"Stuttgart","slug":"stuttgart","term_group":0,"term_taxonomy_id":281,"taxonomy":"post_tag","description":"","parent":0,"count":1194,"filter":"raw","image":""}]},"_links":{"self":[{"href":"https:\/\/die-webzeitung.de\/stuttgart\/wp-json\/wp\/v2\/posts\/136255","targetHints":{"allow":["GET"]}}],"collection":[{"href":"https:\/\/die-webzeitung.de\/stuttgart\/wp-json\/wp\/v2\/posts"}],"about":[{"href":"https:\/\/die-webzeitung.de\/stuttgart\/wp-json\/wp\/v2\/types\/post"}],"author":[{"embeddable":true,"href":"https:\/\/die-webzeitung.de\/stuttgart\/wp-json\/wp\/v2\/users\/4"}],"replies":[{"embeddable":true,"href":"https:\/\/die-webzeitung.de\/stuttgart\/wp-json\/wp\/v2\/comments?post=136255"}],"version-history":[{"count":1,"href":"https:\/\/die-webzeitung.de\/stuttgart\/wp-json\/wp\/v2\/posts\/136255\/revisions"}],"predecessor-version":[{"id":136256,"href":"https:\/\/die-webzeitung.de\/stuttgart\/wp-json\/wp\/v2\/posts\/136255\/revisions\/136256"}],"wp:attachment":[{"href":"https:\/\/die-webzeitung.de\/stuttgart\/wp-json\/wp\/v2\/media?parent=136255"}],"wp:term":[{"taxonomy":"category","embeddable":true,"href":"https:\/\/die-webzeitung.de\/stuttgart\/wp-json\/wp\/v2\/categories?post=136255"},{"taxonomy":"post_tag","embeddable":true,"href":"https:\/\/die-webzeitung.de\/stuttgart\/wp-json\/wp\/v2\/tags?post=136255"}],"curies":[{"name":"wp","href":"https:\/\/api.w.org\/{rel}","templated":true}]}}