{"id":136229,"date":"2019-09-24T17:59:45","date_gmt":"2019-09-24T16:59:45","guid":{"rendered":"https:\/\/die-webzeitung.de\/stuttgart\/?p=136229"},"modified":"2019-09-24T18:00:27","modified_gmt":"2019-09-24T17:00:27","slug":"laurents-hoerr-um-sieg-im-le-mans-cup-gebracht","status":"publish","type":"post","link":"https:\/\/die-webzeitung.de\/stuttgart\/2019\/09\/24\/laurents-hoerr-um-sieg-im-le-mans-cup-gebracht\/","title":{"rendered":"Laurents H\u00f6rr um Sieg im Le Mans Cup gebracht"},"content":{"rendered":"<p style=\"text-align: justify;\">Der junge Stuttgarter und sein Team DKR Engineering landeten im sechsten Saisonlauf in Spa- Francorchamps \u00fcberraschend auf dem letzten Rang sind aber weiterhin im Meisterschaftsrennen.<\/p>\n<p style=\"text-align: justify;\">Der franz\u00f6sische Gentleman-Fahrer Fran\u00e7ois Kirmann, Teamkollege von H\u00f6rr, erzielte die Bestzeit und legte so mit Startplatz 1 den Grundstein f\u00fcr ein erfolgreiches Rennen.<\/p>\n<p style=\"text-align: justify;\">Vom Start weg f\u00fchrte das Team DKR Engineering das Feld souver\u00e4n an und konnte bis zur Rennmitte einen komfortablen Vorsprung von fast 10 Sekunden auf die Verfolger herausfahren. Durch eine Safety Car-Phase kurz vor dem Boxenstopp war dieser Vorsprung dann leider wieder dahin.<\/p>\n<p style=\"text-align: justify;\">Laurents H\u00f6rr \u00fcbernahm in dieser Phase das Fahrzeug, immer noch auf P1, allerdings nur noch mit hauchd\u00fcnnem Vorsprung. Schon bald konnte er den alten Vorsprung wiederherstellen \u2013 bis die Rennleitung den jungen Stuttgarter mit einer umstrittenen Stop-and-Go-Strafe belegte. Die Stewarts bem\u00e4ngelten, dass H\u00f6rr anscheinend mit durchdrehenden Reifen in der Boxengasse losgefahren sei. Nach dieser harten und zeitraubenden Strafe fand sich Laurents H\u00f6rr auf Rang 3 wieder, den er trotz beherzter Attacken auf das vor ihm fahrende Fahrzeug, bis ins Ziel behielt.<\/p>\n<p style=\"text-align: justify;\">F\u00fcr die Meisterschaft war somit die Entscheidung vertagt. H\u00f6rr und Kirmann f\u00fchrten mit 99 Punkten vor den Zweitplatzierten mit 79 Punkten.<\/p>\n<p style=\"text-align: justify;\">Mit diesem Informationsstand ging es in den Abend und in die Nacht. Doch dann, nachts schlug eine Nachricht ein wie eine Bombe: Die Rennleitung des Le Mans Cup hat alle drei Teams des Podests nachtr\u00e4glich disqualifiziert. Der Grund: Die Verschraubung der Aufnahme der sog. Crashbox entspreche nicht den Regeln der Serie. Dies ist schwer nachvollziehbar, denn grunds\u00e4tzlich sind alle eingesetzten Fahrzeuge mehr oder weniger Baugleich, und nur die Top3 werden untersucht.<\/p>\n<p style=\"text-align: justify;\">So bleibt ein bitterer Nachgeschmack und in der Meisterschaft momentan nur Platz 2 mit 84 Punkten und 7 Punkten R\u00fcckstand auf das f\u00fchrende Team.<\/p>\n<p style=\"text-align: justify;\">Jetzt kommt es also am 27. Oktober beim letzten Rennen in Portim\u00e3o\/Portugal zum gro\u00dfen Showdown um die Meisterschaft.<\/p>\n<hr \/>\n<p style=\"text-align: justify;\">\n","protected":false},"excerpt":{"rendered":"<p>Der junge Stuttgarter und sein Team DKR Engineering landeten im sechsten Saisonlauf in Spa- Francorchamps \u00fcberraschend auf dem letzten Rang sind aber weiterhin im Meisterschaftsrennen. Der franz\u00f6sische Gentleman-Fahrer Fran\u00e7ois Kirmann, Teamkollege von H\u00f6rr, erzielte die Bestzeit und legte so mit Startplatz 1 den Grundstein f\u00fcr ein erfolgreiches Rennen. Vom Start weg f\u00fchrte das Team DKR [&hellip;]<\/p>\n","protected":false},"author":4,"featured_media":0,"comment_status":"closed","ping_status":"open","sticky":false,"template":"","format":"standard","meta":{"inline_featured_image":false,"_exactmetrics_skip_tracking":false,"_exactmetrics_sitenote_active":false,"_exactmetrics_sitenote_note":"","_exactmetrics_sitenote_category":0,"footnotes":""},"categories":[110],"tags":[14857,16389,5,1623,68],"class_list":{"0":"post-136229","1":"post","2":"type-post","3":"status-publish","4":"format-standard","6":"category-sport","7":"tag-die-webzeitung","8":"tag-hoerr","9":"tag-internetzeitung","10":"tag-motorsport","11":"tag-online-zeitung"},"image_feature":null,"author_name":"Redaktion","pure_taxonomies":{"categories":[{"term_id":110,"name":"Sport","slug":"sport","term_group":0,"term_taxonomy_id":112,"taxonomy":"category","description":"Sportberichte","parent":0,"count":1043,"filter":"raw","image":""}],"tags":[{"term_id":14857,"name":"Die-Webzeitung","slug":"die-webzeitung","term_group":0,"term_taxonomy_id":14876,"taxonomy":"post_tag","description":"","parent":0,"count":3621,"filter":"raw","image":""},{"term_id":16389,"name":"H\u00f6rr","slug":"hoerr","term_group":0,"term_taxonomy_id":16408,"taxonomy":"post_tag","description":"","parent":0,"count":26,"filter":"raw","image":""},{"term_id":5,"name":"Internetzeitung","slug":"internetzeitung","term_group":0,"term_taxonomy_id":5,"taxonomy":"post_tag","description":"","parent":0,"count":1461,"filter":"raw","image":""},{"term_id":1623,"name":"Motorsport","slug":"motorsport","term_group":0,"term_taxonomy_id":1632,"taxonomy":"post_tag","description":"","parent":0,"count":30,"filter":"raw","image":""},{"term_id":68,"name":"Online-Zeitung","slug":"online-zeitung","term_group":0,"term_taxonomy_id":69,"taxonomy":"post_tag","description":"","parent":0,"count":3591,"filter":"raw","image":""}]},"_links":{"self":[{"href":"https:\/\/die-webzeitung.de\/stuttgart\/wp-json\/wp\/v2\/posts\/136229","targetHints":{"allow":["GET"]}}],"collection":[{"href":"https:\/\/die-webzeitung.de\/stuttgart\/wp-json\/wp\/v2\/posts"}],"about":[{"href":"https:\/\/die-webzeitung.de\/stuttgart\/wp-json\/wp\/v2\/types\/post"}],"author":[{"embeddable":true,"href":"https:\/\/die-webzeitung.de\/stuttgart\/wp-json\/wp\/v2\/users\/4"}],"replies":[{"embeddable":true,"href":"https:\/\/die-webzeitung.de\/stuttgart\/wp-json\/wp\/v2\/comments?post=136229"}],"version-history":[{"count":1,"href":"https:\/\/die-webzeitung.de\/stuttgart\/wp-json\/wp\/v2\/posts\/136229\/revisions"}],"predecessor-version":[{"id":136230,"href":"https:\/\/die-webzeitung.de\/stuttgart\/wp-json\/wp\/v2\/posts\/136229\/revisions\/136230"}],"wp:attachment":[{"href":"https:\/\/die-webzeitung.de\/stuttgart\/wp-json\/wp\/v2\/media?parent=136229"}],"wp:term":[{"taxonomy":"category","embeddable":true,"href":"https:\/\/die-webzeitung.de\/stuttgart\/wp-json\/wp\/v2\/categories?post=136229"},{"taxonomy":"post_tag","embeddable":true,"href":"https:\/\/die-webzeitung.de\/stuttgart\/wp-json\/wp\/v2\/tags?post=136229"}],"curies":[{"name":"wp","href":"https:\/\/api.w.org\/{rel}","templated":true}]}}