{"id":136210,"date":"2019-09-22T16:18:07","date_gmt":"2019-09-22T15:18:07","guid":{"rendered":"https:\/\/die-webzeitung.de\/stuttgart\/?p=136210"},"modified":"2019-09-22T16:18:36","modified_gmt":"2019-09-22T15:18:36","slug":"erster-autofreier-sonntag-zieht-viele-tausend-buergerinnen-und-buerger-an","status":"publish","type":"post","link":"https:\/\/die-webzeitung.de\/stuttgart\/2019\/09\/22\/erster-autofreier-sonntag-zieht-viele-tausend-buergerinnen-und-buerger-an\/","title":{"rendered":"Erster autofreier Sonntag zieht viele tausend B\u00fcrgerinnen und B\u00fcrger an"},"content":{"rendered":"<h5 style=\"text-align: justify;\"><strong>OB Kuhn: \u201eTheo \u2013 autofrei\u2018 soll Appetit machen auf mehr\u201c<\/strong><\/h5>\n<p style=\"text-align: justify;\">Stuttgart.| Die Landeshauptstadt Stuttgart feiert am Sonntag, 22. September, auf der Theodor- Heuss-Stra\u00dfe den ersten autofreien Sonntag in der Stadt. Bei der Er\u00f6ffnung von \u201eTheo \u2013 auto<strong>frei<\/strong>\u201c sagte Oberb\u00fcrgermeister Fritz Kuhn: \u201eWir wollen den Sonntag genie\u00dfen und zugleich erfahrbar machen, was im \u00f6ffentlichen Raum alles m\u00f6glich ist, wenn die Autos mal nicht unterwegs sind. ,Theo \u2013 autof<strong>rei<\/strong>\u2018 soll Appetit machen auf mehr. In Zukunft wollen wir den autofreien Sonntag, einmal im Jahr, noch ausweiten. Im \u00dcbrigen fangen wir noch in diesem Jahr in der Eberhardstra\u00dfe an, die Innenstadt in Stuttgart dauerhaft autofrei zu gestalten. Am Ende k\u00f6nnen Autos dann nur noch die Parkh\u00e4user anfahren, aber nicht mehr die City durchqueren. Das schafft mehr Lebensqualit\u00e4t, was auch dem Einzelhandel zugute kommt.\u201c<\/p>\n<p style=\"text-align: justify;\">Bereits bis zum Nachmittag besuchten viele, viele tausend B\u00fcrgerinnen und B\u00fcrger die Veranstaltung. Sie informierten sich, beteiligten sich an den zahlreichen Mitmachaktionen, flanierten oder picknickten auf der autofreien Theo.<\/p>\n<p style=\"text-align: justify;\">Rund 30 Partner sind in diesem Jahr bei \u201eTheo \u2013 auto<strong>frei<\/strong>\u201c dabei. Darunter sind: AWS, Blinden- und Sehbehindertenverband Baden-W\u00fcrttemberg, BUND Kreisverband Stuttgart, B\u00fcrgerstiftung Stuttgart, Deutsche Umwelt-Aktion, DRK Kreisverband Stuttgart, Fridays for Future, FUSS e.V. Stuttgart, Sportkreis Stuttgart, Motor Presse Stuttgart, MTV Stuttgart, Polizeipr\u00e4sidium Stuttgart, RadKULTUR, RegioRADStuttgart DB, SSB, Stadtwerke Stuttgart, Stuttgarter Jugendhaus gGmbH, VCD Kreisverband Stuttgart, VVS sowie verschiedene \u00c4mter der Stadtverwaltung. F\u00fcr Stimmung sorgen die beiden Medienpartner \u201eDie Neue 107.7\u201c und das \u201ePop-B\u00fcro Region Stuttgart\u201c.<\/p>\n<p style=\"text-align: justify;\">OB Kuhn verschaffte sich bei einem Rundgang \u00fcber die Theo einen \u00dcberblick \u00fcber das vielf\u00e4ltige Angebot. Er dankte allen, die an der Verwirklichung von \u201eTheo \u2013 auto<strong>frei<\/strong>\u201c mitgewirkt haben: \u201eDas ist ein tolles Fest geworden.\u201c<\/p>\n<p style=\"text-align: justify;\">Der Aktionstag \u201eTheo \u2013 auto<strong>frei<\/strong>\u201c findet im Rahmen der Europ\u00e4ischen Mobilit\u00e4tswoche statt. Die Nutzung des Nahverkehrs im gesamten Stadtgebiet Stuttgart (Tarifzone 1 des VVS) ist an diesem Tag kostenlos.<\/p>\n<p style=\"text-align: justify;\"><strong>Aktionstag Elektromobilit\u00e4t als Wegweiser f\u00fcr die Zukunft<br \/>\n<\/strong>Parallel zu \u201eTheo \u2013 auto<strong>frei<\/strong>\u201c findet auf dem Markt- und Karlsplatz der 3. Aktionstag Elektromobilit\u00e4t (AtEm) statt. Verschiedene Aussteller pr\u00e4sentieren die neuesten Angebote und Services in den Bereichen E-Fahrzeuge, Car-Sharing, Roller-Sharing, Pedelecs und \u00d6PNV.<\/p>\n<p style=\"text-align: justify;\">Dr. Martin Schairer, B\u00fcrgermeister f\u00fcr Sicherheit, Ordnung und Sport, sagte bei der Er\u00f6ffnung von AtEm: \u201eHeute ist ein Zukunftstag. Wir widmen uns bei ,Theo \u2013 autof<strong>rei<\/strong>\u2018 und dem Aktionstag Elektromobilit\u00e4t den Fragen, wie wir uns k\u00fcnftig fortbewegen und wie wir leben wollen. Es braucht alternative Fortbewegungsmittel, die leise und umweltvertr\u00e4glich sind. Hierbei spielt Elektromobilit\u00e4t eine wichtige Rolle. Mit dem heutigen Tag wollen wir Denkanst\u00f6\u00dfe liefern und zeigen, wie eine lebenswerte Stadt aussehen kann.\u201c<\/p>\n<p style=\"text-align: justify;\">Mehr Infos gibt es unter <a href=\"http:\/\/www.region-stuttgart.de\/atem\" target=\"_blank\" rel=\"noopener noreferrer\">www.region-stuttgart.de\/atem<\/a>.<\/p>\n<hr \/>\n<p style=\"text-align: justify;\">\n","protected":false},"excerpt":{"rendered":"<p>OB Kuhn: \u201eTheo \u2013 autofrei\u2018 soll Appetit machen auf mehr\u201c Stuttgart.| Die Landeshauptstadt Stuttgart feiert am Sonntag, 22. September, auf der Theodor- Heuss-Stra\u00dfe den ersten autofreien Sonntag in der Stadt. Bei der Er\u00f6ffnung von \u201eTheo \u2013 autofrei\u201c sagte Oberb\u00fcrgermeister Fritz Kuhn: \u201eWir wollen den Sonntag genie\u00dfen und zugleich erfahrbar machen, was im \u00f6ffentlichen Raum alles [&hellip;]<\/p>\n","protected":false},"author":4,"featured_media":136211,"comment_status":"closed","ping_status":"open","sticky":false,"template":"","format":"standard","meta":{"inline_featured_image":false,"_exactmetrics_skip_tracking":false,"_exactmetrics_sitenote_active":false,"_exactmetrics_sitenote_note":"","_exactmetrics_sitenote_category":0,"footnotes":""},"categories":[59,2239],"tags":[16384,14857,5,68,9,13345,275],"class_list":{"0":"post-136210","1":"post","2":"type-post","3":"status-publish","4":"format-standard","5":"has-post-thumbnail","7":"category-aktuell","8":"category-stuttgart-lokal","9":"tag-autofrei","10":"tag-die-webzeitung","11":"tag-internetzeitung","12":"tag-online-zeitung","13":"tag-schaumedia","14":"tag-sonntag","15":"tag-stuttgart"},"image_feature":"https:\/\/die-webzeitung.de\/stuttgart\/wp-content\/uploads\/sites\/4\/2019\/09\/Foto-2_Erster-autofreier-Sonntag_-LHS_Leif-Piechowski.jpg","author_name":"Redaktion","pure_taxonomies":{"categories":[{"term_id":59,"name":"Aktuell","slug":"aktuell","term_group":0,"term_taxonomy_id":60,"taxonomy":"category","description":"","parent":0,"count":1017,"filter":"raw","image":""},{"term_id":2239,"name":"Stuttgart","slug":"stuttgart-lokal","term_group":0,"term_taxonomy_id":2252,"taxonomy":"category","description":"Berichte und Informationen aus Stuttgart","parent":1433,"count":941,"filter":"raw","image":""}],"tags":[{"term_id":16384,"name":"autofrei","slug":"autofrei","term_group":0,"term_taxonomy_id":16403,"taxonomy":"post_tag","description":"","parent":0,"count":2,"filter":"raw","image":""},{"term_id":14857,"name":"Die-Webzeitung","slug":"die-webzeitung","term_group":0,"term_taxonomy_id":14876,"taxonomy":"post_tag","description":"","parent":0,"count":3621,"filter":"raw","image":""},{"term_id":5,"name":"Internetzeitung","slug":"internetzeitung","term_group":0,"term_taxonomy_id":5,"taxonomy":"post_tag","description":"","parent":0,"count":1461,"filter":"raw","image":""},{"term_id":68,"name":"Online-Zeitung","slug":"online-zeitung","term_group":0,"term_taxonomy_id":69,"taxonomy":"post_tag","description":"","parent":0,"count":3591,"filter":"raw","image":""},{"term_id":9,"name":"SchauMedia","slug":"schaumedia","term_group":0,"term_taxonomy_id":9,"taxonomy":"post_tag","description":"","parent":0,"count":1607,"filter":"raw","image":""},{"term_id":13345,"name":"Sonntag","slug":"sonntag","term_group":0,"term_taxonomy_id":13386,"taxonomy":"post_tag","description":"","parent":0,"count":1,"filter":"raw","image":""},{"term_id":275,"name":"Stuttgart","slug":"stuttgart","term_group":0,"term_taxonomy_id":281,"taxonomy":"post_tag","description":"","parent":0,"count":1194,"filter":"raw","image":""}]},"_links":{"self":[{"href":"https:\/\/die-webzeitung.de\/stuttgart\/wp-json\/wp\/v2\/posts\/136210","targetHints":{"allow":["GET"]}}],"collection":[{"href":"https:\/\/die-webzeitung.de\/stuttgart\/wp-json\/wp\/v2\/posts"}],"about":[{"href":"https:\/\/die-webzeitung.de\/stuttgart\/wp-json\/wp\/v2\/types\/post"}],"author":[{"embeddable":true,"href":"https:\/\/die-webzeitung.de\/stuttgart\/wp-json\/wp\/v2\/users\/4"}],"replies":[{"embeddable":true,"href":"https:\/\/die-webzeitung.de\/stuttgart\/wp-json\/wp\/v2\/comments?post=136210"}],"version-history":[{"count":1,"href":"https:\/\/die-webzeitung.de\/stuttgart\/wp-json\/wp\/v2\/posts\/136210\/revisions"}],"predecessor-version":[{"id":136212,"href":"https:\/\/die-webzeitung.de\/stuttgart\/wp-json\/wp\/v2\/posts\/136210\/revisions\/136212"}],"wp:featuredmedia":[{"embeddable":true,"href":"https:\/\/die-webzeitung.de\/stuttgart\/wp-json\/wp\/v2\/media\/136211"}],"wp:attachment":[{"href":"https:\/\/die-webzeitung.de\/stuttgart\/wp-json\/wp\/v2\/media?parent=136210"}],"wp:term":[{"taxonomy":"category","embeddable":true,"href":"https:\/\/die-webzeitung.de\/stuttgart\/wp-json\/wp\/v2\/categories?post=136210"},{"taxonomy":"post_tag","embeddable":true,"href":"https:\/\/die-webzeitung.de\/stuttgart\/wp-json\/wp\/v2\/tags?post=136210"}],"curies":[{"name":"wp","href":"https:\/\/api.w.org\/{rel}","templated":true}]}}