{"id":136192,"date":"2019-09-20T15:22:26","date_gmt":"2019-09-20T14:22:26","guid":{"rendered":"https:\/\/die-webzeitung.de\/stuttgart\/?p=136192"},"modified":"2019-09-20T15:22:26","modified_gmt":"2019-09-20T14:22:26","slug":"mehrere-kundgebungen-in-der-innenstadt","status":"publish","type":"post","link":"https:\/\/die-webzeitung.de\/stuttgart\/2019\/09\/20\/mehrere-kundgebungen-in-der-innenstadt\/","title":{"rendered":"Mehrere Kundgebungen in der Innenstadt"},"content":{"rendered":"<p style=\"text-align: justify;\">Stuttgart-Innenstadt.| Tausende Menschen haben am Freitagmittag (20.09.2019) in der Innenstadt Stuttgart an mehreren Kundgebungen zum Themenkomplex Klimawandel teilgenommen.<\/p>\n<p style=\"text-align: justify;\">Drei Sternm\u00e4rsche zogen ab zirka 12.00 Uhr friedlich vom H\u00f6lderlinplatz, vom Kernerplatz und vom Erwin-Sch\u00f6ttle-Platz zum Schlossplatz, ein Fahrradaufzug, von Esslingen kommend, schloss sich ebenfalls an. Die letzten Teilnehmer trafen gegen 14.00 Uhr auf dem Schlo\u00dfplatz zur Abschlusskundgebung ein, an der letztlich eine beeindruckend gro\u00dfe Menschenmenge teilnahm.<\/p>\n<p style=\"text-align: justify;\">Durch die Aufz\u00fcge kam es zuvor zu Verkehrsbehinderungen.<\/p>\n<hr \/>\n<p style=\"text-align: justify;\">\n","protected":false},"excerpt":{"rendered":"<p>Stuttgart-Innenstadt.| Tausende Menschen haben am Freitagmittag (20.09.2019) in der Innenstadt Stuttgart an mehreren Kundgebungen zum Themenkomplex Klimawandel teilgenommen. Drei Sternm\u00e4rsche zogen ab zirka 12.00 Uhr friedlich vom H\u00f6lderlinplatz, vom Kernerplatz und vom Erwin-Sch\u00f6ttle-Platz zum Schlossplatz, ein Fahrradaufzug, von Esslingen kommend, schloss sich ebenfalls an. Die letzten Teilnehmer trafen gegen 14.00 Uhr auf dem Schlo\u00dfplatz zur [&hellip;]<\/p>\n","protected":false},"author":4,"featured_media":0,"comment_status":"closed","ping_status":"open","sticky":false,"template":"","format":"standard","meta":{"inline_featured_image":false,"_exactmetrics_skip_tracking":false,"_exactmetrics_sitenote_active":false,"_exactmetrics_sitenote_note":"","_exactmetrics_sitenote_category":0,"footnotes":""},"categories":[59,2239],"tags":[14857,5,16388,68,16387,9,275],"class_list":{"0":"post-136192","1":"post","2":"type-post","3":"status-publish","4":"format-standard","6":"category-aktuell","7":"category-stuttgart-lokal","8":"tag-die-webzeitung","9":"tag-internetzeitung","10":"tag-klimawandel","11":"tag-online-zeitung","12":"tag-protestmarsch","13":"tag-schaumedia","14":"tag-stuttgart"},"image_feature":null,"author_name":"Redaktion","pure_taxonomies":{"categories":[{"term_id":59,"name":"Aktuell","slug":"aktuell","term_group":0,"term_taxonomy_id":60,"taxonomy":"category","description":"","parent":0,"count":1017,"filter":"raw","image":""},{"term_id":2239,"name":"Stuttgart","slug":"stuttgart-lokal","term_group":0,"term_taxonomy_id":2252,"taxonomy":"category","description":"Berichte und Informationen aus Stuttgart","parent":1433,"count":941,"filter":"raw","image":""}],"tags":[{"term_id":14857,"name":"Die-Webzeitung","slug":"die-webzeitung","term_group":0,"term_taxonomy_id":14876,"taxonomy":"post_tag","description":"","parent":0,"count":3623,"filter":"raw","image":""},{"term_id":5,"name":"Internetzeitung","slug":"internetzeitung","term_group":0,"term_taxonomy_id":5,"taxonomy":"post_tag","description":"","parent":0,"count":1461,"filter":"raw","image":""},{"term_id":16388,"name":"Klimawandel","slug":"klimawandel","term_group":0,"term_taxonomy_id":16407,"taxonomy":"post_tag","description":"","parent":0,"count":3,"filter":"raw","image":""},{"term_id":68,"name":"Online-Zeitung","slug":"online-zeitung","term_group":0,"term_taxonomy_id":69,"taxonomy":"post_tag","description":"","parent":0,"count":3593,"filter":"raw","image":""},{"term_id":16387,"name":"Protestmarsch","slug":"protestmarsch","term_group":0,"term_taxonomy_id":16406,"taxonomy":"post_tag","description":"","parent":0,"count":1,"filter":"raw","image":""},{"term_id":9,"name":"SchauMedia","slug":"schaumedia","term_group":0,"term_taxonomy_id":9,"taxonomy":"post_tag","description":"","parent":0,"count":1607,"filter":"raw","image":""},{"term_id":275,"name":"Stuttgart","slug":"stuttgart","term_group":0,"term_taxonomy_id":281,"taxonomy":"post_tag","description":"","parent":0,"count":1194,"filter":"raw","image":""}]},"_links":{"self":[{"href":"https:\/\/die-webzeitung.de\/stuttgart\/wp-json\/wp\/v2\/posts\/136192","targetHints":{"allow":["GET"]}}],"collection":[{"href":"https:\/\/die-webzeitung.de\/stuttgart\/wp-json\/wp\/v2\/posts"}],"about":[{"href":"https:\/\/die-webzeitung.de\/stuttgart\/wp-json\/wp\/v2\/types\/post"}],"author":[{"embeddable":true,"href":"https:\/\/die-webzeitung.de\/stuttgart\/wp-json\/wp\/v2\/users\/4"}],"replies":[{"embeddable":true,"href":"https:\/\/die-webzeitung.de\/stuttgart\/wp-json\/wp\/v2\/comments?post=136192"}],"version-history":[{"count":1,"href":"https:\/\/die-webzeitung.de\/stuttgart\/wp-json\/wp\/v2\/posts\/136192\/revisions"}],"predecessor-version":[{"id":136193,"href":"https:\/\/die-webzeitung.de\/stuttgart\/wp-json\/wp\/v2\/posts\/136192\/revisions\/136193"}],"wp:attachment":[{"href":"https:\/\/die-webzeitung.de\/stuttgart\/wp-json\/wp\/v2\/media?parent=136192"}],"wp:term":[{"taxonomy":"category","embeddable":true,"href":"https:\/\/die-webzeitung.de\/stuttgart\/wp-json\/wp\/v2\/categories?post=136192"},{"taxonomy":"post_tag","embeddable":true,"href":"https:\/\/die-webzeitung.de\/stuttgart\/wp-json\/wp\/v2\/tags?post=136192"}],"curies":[{"name":"wp","href":"https:\/\/api.w.org\/{rel}","templated":true}]}}