{"id":136190,"date":"2019-09-20T13:45:48","date_gmt":"2019-09-20T12:45:48","guid":{"rendered":"https:\/\/die-webzeitung.de\/stuttgart\/?p=136190"},"modified":"2019-09-20T13:45:48","modified_gmt":"2019-09-20T12:45:48","slug":"neue-taxipreise-im-landkreis-boeblingen-ab-1-oktober","status":"publish","type":"post","link":"https:\/\/die-webzeitung.de\/stuttgart\/2019\/09\/20\/neue-taxipreise-im-landkreis-boeblingen-ab-1-oktober\/","title":{"rendered":"Neue Taxipreise im Landkreis B\u00f6blingen ab 1. Oktober"},"content":{"rendered":"<h5 style=\"text-align: justify;\"><strong>\u00c4nderung aufgrund der Erh\u00f6hung des Mindestlohns<\/strong><\/h5>\n<p style=\"text-align: justify;\">Kreis B\u00f6blingen.| Ab dem 1. Oktober gelten im Landkreis B\u00f6blingen neue Preise f\u00fcr Taxifahrten. Die Tarife wurden aufgrund der Erh\u00f6hung des Mindestlohns angepasst und gelten f\u00fcr Fahrten im gesamten Kreisgebiet.<\/p>\n<p style=\"text-align: justify;\">Die Grundgeb\u00fchr steigt tags\u00fcber auf 3,20 Euro pro Fahrt. Darin sind die Bereitstellung, die Anfahrt und die erste Fahreinheit bereits enthalten. In der Zeit von 22 Uhr bis 5 Uhr wird die Grundgeb\u00fchr um einen geringf\u00fcgigen Nachtzuschlag in H\u00f6he von 1 Euro auf 4,20 Euro erh\u00f6ht.<\/p>\n<p style=\"text-align: justify;\">Im Taxi und im Gro\u00dfraumtaxi kostet jeder weitere Kilometer bis zum Ziel k\u00fcnftig 2,20 Euro. Die Anfahrt zum Einsatzort wird mit 1,50 Euro pro Kilometer berechnet. Erh\u00f6ht wird der Preis f\u00fcr die Zeit, in der ein Taxi auf Wunsch des Kunden wartet oder im Stau steht. Ab 1. Oktober kostet den Fahrgast dieses Warten 32 Euro pro Stunde.<\/p>\n<p style=\"text-align: justify;\">Die Bef\u00f6rderung in einem Gro\u00dfraumtaxi (Taxen mit f\u00fcnf oder mehr Fahrgastsitzpl\u00e4tzen bei Bestellung oder bei Bef\u00f6rderung von mindestens 5 Fahrg\u00e4sten) wird zuk\u00fcnftig 10,20 Euro und in der Nacht 11,20 Euro Grundgeb\u00fchr kosten.<\/p>\n<p style=\"text-align: justify;\">\u201eDie Preisanpassungen sind aus unserer Sicht moderat und entsprechen der notwendigen Preisentwicklung, um die Mitarbeiter angemessen zu entlohnen\u201c, sagt Barbara Dortenmann, die zust\u00e4ndige Amtsleiterin f\u00fcr den \u00f6ffentlichen Nahverkehr im Landratsamt.<\/p>\n<hr \/>\n<p style=\"text-align: justify;\">\n","protected":false},"excerpt":{"rendered":"<p>\u00c4nderung aufgrund der Erh\u00f6hung des Mindestlohns Kreis B\u00f6blingen.| Ab dem 1. Oktober gelten im Landkreis B\u00f6blingen neue Preise f\u00fcr Taxifahrten. Die Tarife wurden aufgrund der Erh\u00f6hung des Mindestlohns angepasst und gelten f\u00fcr Fahrten im gesamten Kreisgebiet. Die Grundgeb\u00fchr steigt tags\u00fcber auf 3,20 Euro pro Fahrt. Darin sind die Bereitstellung, die Anfahrt und die erste Fahreinheit [&hellip;]<\/p>\n","protected":false},"author":4,"featured_media":0,"comment_status":"closed","ping_status":"open","sticky":false,"template":"","format":"standard","meta":{"inline_featured_image":false,"_exactmetrics_skip_tracking":false,"_exactmetrics_sitenote_active":false,"_exactmetrics_sitenote_note":"","_exactmetrics_sitenote_category":0,"footnotes":""},"categories":[59,2246],"tags":[3061,14857,68,9,16386],"class_list":{"0":"post-136190","1":"post","2":"type-post","3":"status-publish","4":"format-standard","6":"category-aktuell","7":"category-kreis-boeblingen","8":"tag-boblingen","9":"tag-die-webzeitung","10":"tag-online-zeitung","11":"tag-schaumedia","12":"tag-taxitarif"},"image_feature":null,"author_name":"Redaktion","pure_taxonomies":{"categories":[{"term_id":59,"name":"Aktuell","slug":"aktuell","term_group":0,"term_taxonomy_id":60,"taxonomy":"category","description":"","parent":0,"count":1017,"filter":"raw","image":""},{"term_id":2246,"name":"Kreis B\u00f6blingen","slug":"kreis-boeblingen","term_group":0,"term_taxonomy_id":2259,"taxonomy":"category","description":"","parent":171,"count":197,"filter":"raw","image":""}],"tags":[{"term_id":3061,"name":"B\u00f6blingen","slug":"boblingen","term_group":0,"term_taxonomy_id":3075,"taxonomy":"post_tag","description":"","parent":0,"count":260,"filter":"raw","image":""},{"term_id":14857,"name":"Die-Webzeitung","slug":"die-webzeitung","term_group":0,"term_taxonomy_id":14876,"taxonomy":"post_tag","description":"","parent":0,"count":3623,"filter":"raw","image":""},{"term_id":68,"name":"Online-Zeitung","slug":"online-zeitung","term_group":0,"term_taxonomy_id":69,"taxonomy":"post_tag","description":"","parent":0,"count":3593,"filter":"raw","image":""},{"term_id":9,"name":"SchauMedia","slug":"schaumedia","term_group":0,"term_taxonomy_id":9,"taxonomy":"post_tag","description":"","parent":0,"count":1607,"filter":"raw","image":""},{"term_id":16386,"name":"Taxitarif","slug":"taxitarif","term_group":0,"term_taxonomy_id":16405,"taxonomy":"post_tag","description":"","parent":0,"count":1,"filter":"raw","image":""}]},"_links":{"self":[{"href":"https:\/\/die-webzeitung.de\/stuttgart\/wp-json\/wp\/v2\/posts\/136190","targetHints":{"allow":["GET"]}}],"collection":[{"href":"https:\/\/die-webzeitung.de\/stuttgart\/wp-json\/wp\/v2\/posts"}],"about":[{"href":"https:\/\/die-webzeitung.de\/stuttgart\/wp-json\/wp\/v2\/types\/post"}],"author":[{"embeddable":true,"href":"https:\/\/die-webzeitung.de\/stuttgart\/wp-json\/wp\/v2\/users\/4"}],"replies":[{"embeddable":true,"href":"https:\/\/die-webzeitung.de\/stuttgart\/wp-json\/wp\/v2\/comments?post=136190"}],"version-history":[{"count":1,"href":"https:\/\/die-webzeitung.de\/stuttgart\/wp-json\/wp\/v2\/posts\/136190\/revisions"}],"predecessor-version":[{"id":136191,"href":"https:\/\/die-webzeitung.de\/stuttgart\/wp-json\/wp\/v2\/posts\/136190\/revisions\/136191"}],"wp:attachment":[{"href":"https:\/\/die-webzeitung.de\/stuttgart\/wp-json\/wp\/v2\/media?parent=136190"}],"wp:term":[{"taxonomy":"category","embeddable":true,"href":"https:\/\/die-webzeitung.de\/stuttgart\/wp-json\/wp\/v2\/categories?post=136190"},{"taxonomy":"post_tag","embeddable":true,"href":"https:\/\/die-webzeitung.de\/stuttgart\/wp-json\/wp\/v2\/tags?post=136190"}],"curies":[{"name":"wp","href":"https:\/\/api.w.org\/{rel}","templated":true}]}}