{"id":136182,"date":"2019-09-19T15:24:11","date_gmt":"2019-09-19T14:24:11","guid":{"rendered":"https:\/\/die-webzeitung.de\/stuttgart\/?p=136182"},"modified":"2019-09-19T15:24:11","modified_gmt":"2019-09-19T14:24:11","slug":"region-stuttgart-feiert-25-jubilaeum","status":"publish","type":"post","link":"https:\/\/die-webzeitung.de\/stuttgart\/2019\/09\/19\/region-stuttgart-feiert-25-jubilaeum\/","title":{"rendered":"Region Stuttgart feiert 25. Jubil\u00e4um"},"content":{"rendered":"<p style=\"text-align: justify;\">Stuttgart.| Prominente und Weggef\u00e4hrten haben gestern Abend (18.09.19) im Stadtpalais Stuttgart den 25. Geburtstag der Region Stuttgart gefeiert und die Verdienste des Verbands Region Stuttgart gew\u00fcrdigt. Der Animationsfilm \u201eRegion Stuttgart \u2013 Kr\u00e4fte b\u00fcndeln\u201c wurde erstmals gezeigt<\/p>\n<p style=\"text-align: justify;\">Vertreterinnen und Vertreter aus Politik, Wirtschaft, Kultur, Kommunen und regionalen Einrichtungen haben am gestrigen Abend, dem 18. September 2019, gemeinsam mit dem Verband Region Stuttgart und der Wirtschaftsf\u00f6rderung Region Stuttgart GmbH (WRS) im Stadtpalais Stuttgart das 25-j\u00e4hrige Bestehen der Region Stuttgart gefeiert. Dabei haben Wegbegleiter nicht nur an Vergangenes erinnert, sondern auch die Verdienste der Region gew\u00fcrdigt, deren besonderes Merkmal die direkt gew\u00e4hlte Regionalversammlung ist. Der Animationsfilm \u201eRegion Stuttgart \u2013 Kr\u00e4fte b\u00fcndeln\u201c feierte gestern Abend Premiere. Der Film stellt im Stil eines Pop-up-Buches regionale Einrichtungen vor. Durch den Film f\u00fchrt die liebenswerte Figur \u201eRegionaut\u201c.<\/p>\n<p style=\"text-align: justify;\">Er\u00f6ffnet wurde der Abend von Regionaldirektorin Dr. Nicola Schelling: \u201eDer Verband Region Stuttgart hat sich seit seinem Bestehen deutlich als politische Organisation und guter Mitstreiter etabliert. Gemeinsam mit Partnern haben wir Gro\u00dfartiges auf den Weg gebracht, zum Beispiel die Remstal Gartenschau oder die Gigabit Region Stuttgart.\u201c<\/p>\n<p style=\"text-align: justify;\">Thomas S. Bopp, der frischgew\u00e4hlte Vorsitzende des Verbands Region Stuttgart, erg\u00e4nzte: \u201eEin weiteres besonderes Zukunftsthema der Verbandsarbeit wird die Internationale Bauausstellung 2027 Stadtregion Stuttgart sein. Sie wird Antworten auf Fragen des zukunftsweisenden Wohnungsbaus in gemischten Quartieren in Verbindung mit nachhaltiger Mobilit\u00e4t liefern, die weit in die Zukunft Bestand haben werden.\u201c<\/p>\n<p style=\"text-align: justify;\"><strong>R\u00fcckblick mit Ministerpr\u00e4sident a.D. Prof. Erwin Teufel und Unternehmer Hans-Peter Stihl<br \/>\n<\/strong>Die beiden Gr\u00fcnderv\u00e4ter, Prof. Erwin Teufel und Hans-Peter Stihl, lie\u00dfen das Publikum an ihren Erinnerungen an die Urspr\u00fcnge im Jahr 1994 teilhaben. Der damalige Ministerpr\u00e4sident Prof. Erwin Teufel war ma\u00dfgeblich an der Gr\u00fcndung des Verbands Region Stuttgart beteiligt. \u201eDie Region Stuttgart erm\u00f6glicht es ihren Mitgliedern, Dinge, die notwendig sind, aber \u00fcber die Kraft Einzelner hinausgehen, anzupacken\u201c, betonte Teufel. Unternehmer Hans-Peter Stihl war 1994 Pr\u00e4sident der regionalen Industrie- und Handelskammer und einer der nachdr\u00fccklichsten Bef\u00fcrworter der Gr\u00fcndung des Verbands Region Stuttgart: \u201eDie Region Stuttgart ist im Lauf der Zeit gut zusammengewachsen. Das ist auch ein Verdienst von Herrn Teufel. F\u00fcr die Zukunft w\u00fcrde ich mich freuen, wenn die Region mehr Kompetenzen erhielte.\u201c<\/p>\n<p style=\"text-align: justify;\"><strong>Festrede von Landtagspr\u00e4sidentin Muhterem Aras \u2013 Erfolg durch Vielfalt<br \/>\n<\/strong>Muhterem Aras, die Pr\u00e4sidentin des Landtags von Baden-W\u00fcrttemberg, widmete sich in ihrer Festrede einem Charakteristikum der Region Stuttgart \u2013 dem Erfolg durch Vielfalt: \u201eDie Region Stuttgart l\u00e4sst sich nicht in ein Schema pressen und ist auch nicht Summe ihrer Einzelteile. Die gelebte Vielfalt verbreitert das Fundament, auf dem die Region fu\u00dft.\u201c Zur Bedeutung der Region Stuttgart erg\u00e4nzte Aras: \u201eDas vertrauensvolle Miteinander ist ein wesentlicher Erfolgsfaktor in ihrer 25-j\u00e4hrigen Geschichte.\u201c<\/p>\n<p style=\"text-align: justify;\"><strong>Talkrunde: Was zeichnet die Region Stuttgart aus?<br \/>\n<\/strong>IHK-Pr\u00e4sidentin Marjoke Breuning, der Intendant der W\u00fcrttembergischen Staatstheater Marc-Oliver Hendriks, Schauspielerin Astrid F\u00fcnderich, Entertainer Michael Gaedt und Doktorand Marcel Schliebs diskutierten \u00fcber die Besonderheiten der Region Stuttgart und \u00fcber ihre Visionen und W\u00fcnsche f\u00fcr die Zukunft. F\u00fcnderich betonte, wie freundlich sie nach ihrem Umzug in der Region aufgenommen worden sei. Breuning erg\u00e4nzte, dass die Attraktivit\u00e4t des Lebensortes Region Stuttgart auch der starken Wirtschaft zu verdanken sei. Die herausragende Kulturlandschaft in der Region sei laut Hendricks elementar f\u00fcr das weitere Prosperieren. Der j\u00fcngste Talkgast Marcel Schliebs verdeutlichte die Chancen, die die Region gerade jungen Menschen biete: \u201eIch habe hier schon als Kind kulturelle Vielfalt erleben d\u00fcrfen.\u201c Entertainer Gaedt nutzte die Gunst der Stunde und sprach der Regionalversammlung des Verbands Region Stuttgart ein Kompliment aus: \u201eMein gr\u00f6\u00dfter Respekt, dass Sie diese Arbeit machen.\u201c<\/p>\n<p style=\"text-align: justify;\"><strong>Premiere des Animationsfilms \u201eRegion Stuttgart \u2013 Kr\u00e4fte b\u00fcndeln\u201c<br \/>\n<\/strong>In Zusammenarbeit mit der Film- und Medienfestival gGmbH und dem Stuttgarter Trickfilmstudio M.A.R.K. 13 hat die WRS aus Anlass des 25-Jahr-Jubil\u00e4ums der Region Stuttgart einen Animationsfilm herausgebracht, der die regionalen Einrichtungen und die organisatorische Struktur der Region auf unterhaltsame Art vorstellt. \u201eDer Film \u201aRegion Stuttgart \u2013 Kr\u00e4fte b\u00fcndeln\u2018 zeigt die Vielfalt der regionalen Einrichtungen\u201c, betont Dr. Walter Rogg, Gesch\u00e4ftsf\u00fchrer der WRS. \u201eAn seiner Entstehung waren ausschlie\u00dflich regionale K\u00fcnstler und Produzenten beteiligt.\u201c<\/p>\n<p style=\"text-align: justify;\">Durch den Film f\u00fchrt der Regionaut, ein kleiner smarter Roboter, der die Arbeit der verschiedenen Einrichtungen pr\u00e4sentiert. Unter anderem werden im Film der Verband Region Stuttgart, die Wirtschaftsf\u00f6rderung Region Stuttgart GmbH, die Jugendregion Stuttgart, die SportRegion Stuttgart, die Regio Stuttgart Marketing- und Tourismus GmbH, die KulturRegion Stuttgart, die Internationale Bauausstellung 2027 StadtRegion Stuttgart GmbH und das Dialogforum der Kirchen vorgestellt.<\/p>\n<p style=\"text-align: justify;\">Begleitend zum Film konnten die Besucherinnen und Besucher des gestrigen Abends auch einen Button mit dem Regionauten und dem Slogan \u201eRegion Stuttgart \u2013 einfach ansteckend\u201c mitnehmen und weiterverschenken.<\/p>\n<hr \/>\n<p style=\"text-align: justify;\">\n","protected":false},"excerpt":{"rendered":"<p>Stuttgart.| Prominente und Weggef\u00e4hrten haben gestern Abend (18.09.19) im Stadtpalais Stuttgart den 25. Geburtstag der Region Stuttgart gefeiert und die Verdienste des Verbands Region Stuttgart gew\u00fcrdigt. Der Animationsfilm \u201eRegion Stuttgart \u2013 Kr\u00e4fte b\u00fcndeln\u201c wurde erstmals gezeigt Vertreterinnen und Vertreter aus Politik, Wirtschaft, Kultur, Kommunen und regionalen Einrichtungen haben am gestrigen Abend, dem 18. September 2019, [&hellip;]<\/p>\n","protected":false},"author":4,"featured_media":136183,"comment_status":"closed","ping_status":"open","sticky":false,"template":"","format":"standard","meta":{"inline_featured_image":false,"_exactmetrics_skip_tracking":false,"_exactmetrics_sitenote_active":false,"_exactmetrics_sitenote_note":"","_exactmetrics_sitenote_category":0,"footnotes":""},"categories":[59,2239],"tags":[14857,5,258,68,14433,9,275],"class_list":{"0":"post-136182","1":"post","2":"type-post","3":"status-publish","4":"format-standard","5":"has-post-thumbnail","7":"category-aktuell","8":"category-stuttgart-lokal","9":"tag-die-webzeitung","10":"tag-internetzeitung","11":"tag-jubilaum","12":"tag-online-zeitung","13":"tag-landkreis","14":"tag-schaumedia","15":"tag-stuttgart"},"image_feature":"https:\/\/die-webzeitung.de\/stuttgart\/wp-content\/uploads\/sites\/4\/2019\/09\/25-Jahre-Region-Stuttgart.-Jubila\u0308umsfeier.jpg","author_name":"Redaktion","pure_taxonomies":{"categories":[{"term_id":59,"name":"Aktuell","slug":"aktuell","term_group":0,"term_taxonomy_id":60,"taxonomy":"category","description":"","parent":0,"count":1017,"filter":"raw","image":""},{"term_id":2239,"name":"Stuttgart","slug":"stuttgart-lokal","term_group":0,"term_taxonomy_id":2252,"taxonomy":"category","description":"Berichte und Informationen aus Stuttgart","parent":1433,"count":941,"filter":"raw","image":""}],"tags":[{"term_id":14857,"name":"Die-Webzeitung","slug":"die-webzeitung","term_group":0,"term_taxonomy_id":14876,"taxonomy":"post_tag","description":"","parent":0,"count":3621,"filter":"raw","image":""},{"term_id":5,"name":"Internetzeitung","slug":"internetzeitung","term_group":0,"term_taxonomy_id":5,"taxonomy":"post_tag","description":"","parent":0,"count":1461,"filter":"raw","image":""},{"term_id":258,"name":"Jubil\u00e4um","slug":"jubilaum","term_group":0,"term_taxonomy_id":263,"taxonomy":"post_tag","description":"","parent":0,"count":4,"filter":"raw","image":""},{"term_id":68,"name":"Online-Zeitung","slug":"online-zeitung","term_group":0,"term_taxonomy_id":69,"taxonomy":"post_tag","description":"","parent":0,"count":3591,"filter":"raw","image":""},{"term_id":14433,"name":"Region","slug":"landkreis","term_group":0,"term_taxonomy_id":10363,"taxonomy":"post_tag","description":"","parent":0,"count":12,"filter":"raw","image":""},{"term_id":9,"name":"SchauMedia","slug":"schaumedia","term_group":0,"term_taxonomy_id":9,"taxonomy":"post_tag","description":"","parent":0,"count":1607,"filter":"raw","image":""},{"term_id":275,"name":"Stuttgart","slug":"stuttgart","term_group":0,"term_taxonomy_id":281,"taxonomy":"post_tag","description":"","parent":0,"count":1194,"filter":"raw","image":""}]},"_links":{"self":[{"href":"https:\/\/die-webzeitung.de\/stuttgart\/wp-json\/wp\/v2\/posts\/136182","targetHints":{"allow":["GET"]}}],"collection":[{"href":"https:\/\/die-webzeitung.de\/stuttgart\/wp-json\/wp\/v2\/posts"}],"about":[{"href":"https:\/\/die-webzeitung.de\/stuttgart\/wp-json\/wp\/v2\/types\/post"}],"author":[{"embeddable":true,"href":"https:\/\/die-webzeitung.de\/stuttgart\/wp-json\/wp\/v2\/users\/4"}],"replies":[{"embeddable":true,"href":"https:\/\/die-webzeitung.de\/stuttgart\/wp-json\/wp\/v2\/comments?post=136182"}],"version-history":[{"count":1,"href":"https:\/\/die-webzeitung.de\/stuttgart\/wp-json\/wp\/v2\/posts\/136182\/revisions"}],"predecessor-version":[{"id":136184,"href":"https:\/\/die-webzeitung.de\/stuttgart\/wp-json\/wp\/v2\/posts\/136182\/revisions\/136184"}],"wp:featuredmedia":[{"embeddable":true,"href":"https:\/\/die-webzeitung.de\/stuttgart\/wp-json\/wp\/v2\/media\/136183"}],"wp:attachment":[{"href":"https:\/\/die-webzeitung.de\/stuttgart\/wp-json\/wp\/v2\/media?parent=136182"}],"wp:term":[{"taxonomy":"category","embeddable":true,"href":"https:\/\/die-webzeitung.de\/stuttgart\/wp-json\/wp\/v2\/categories?post=136182"},{"taxonomy":"post_tag","embeddable":true,"href":"https:\/\/die-webzeitung.de\/stuttgart\/wp-json\/wp\/v2\/tags?post=136182"}],"curies":[{"name":"wp","href":"https:\/\/api.w.org\/{rel}","templated":true}]}}