{"id":136105,"date":"2019-09-17T18:04:38","date_gmt":"2019-09-17T17:04:38","guid":{"rendered":"https:\/\/die-webzeitung.de\/stuttgart\/?p=136105"},"modified":"2019-09-17T18:04:38","modified_gmt":"2019-09-17T17:04:38","slug":"erster-autofreier-sonntag","status":"publish","type":"post","link":"https:\/\/die-webzeitung.de\/stuttgart\/2019\/09\/17\/erster-autofreier-sonntag\/","title":{"rendered":"Erster autofreier Sonntag"},"content":{"rendered":"<h5 style=\"text-align: justify;\"><strong>OB Kuhn und in.Stuttgart-Gesch\u00e4ftsf\u00fchrer Kroll stellen Aktionstag \u201eTheo \u2013 autofrei\u201c und Programm vor<\/strong><\/h5>\n<p style=\"text-align: justify;\">Stuttgart.| Die Landeshauptstadt Stuttgart veranstaltet am 22. September 2019 von 11 bis 18 Uhr den ersten autofreien Sonntag in der Stadt. Das gro\u00dfe, bunte Stra\u00dfenfest auf der Theodor-Heuss-Stra\u00dfe zwischen der Fritz-Elsas-Stra\u00dfe und der Kronenstra\u00dfe tr\u00e4gt den Titel \u201eTheo \u2013 auto<strong>frei<\/strong>\u201c.<\/p>\n<p style=\"text-align: justify;\">Bei der Vorstellung des Aktionstags und des Programms sagte Oberb\u00fcrgermeister Fritz Kuhn am Dienstag, 17. September: \u201eDie Themen nachhaltige Mobilit\u00e4t, Lebensqualit\u00e4t, Gesundheit und Klimaschutz nehmen gerade auch in unserer Stadt eine immer wichtigere Rolle ein. Genau daf\u00fcr setzen wir mit dem autofreien Sonntag ein Zeichen. Wir wollen zeigen, was im Stadtraum ohne Autoverkehr alles m\u00f6glich ist. Information gepaart mit Unterhaltung: Es lohnt sich, die Theo auch mal autofrei zu erleben.\u201c<\/p>\n<p style=\"text-align: justify;\">Rund 30 Partner beteiligen sich an \u201eTheo \u2013 auto<strong>frei<\/strong>\u201c. Darunter sind: Blinden- und Sehbehindertenverband Baden-W\u00fcrttemberg, BUND Kreisverband Stuttgart, B\u00fcrgerstiftung Stuttgart, Deutsche Umwelt-Aktion, DRK Kreisverband Stuttgart, FUSS e.V. Stuttgart, Sportkreis Stuttgart, Motor Presse Stuttgart, MTV Stuttgart, Polizeipr\u00e4sidium Stuttgart, RadKULTUR, RegioRADStuttgart DB, SSB, Stadtwerke Stuttgart, Stuttgarter Jugendhaus gGmbH, VCD Kreisverband Stuttgart, VVS sowie verschiedene \u00c4mter der Stadtverwaltung.<\/p>\n<p style=\"text-align: justify;\">Die Akteure werden entlang der Theodor-Heuss-Stra\u00dfe ihre Informationsst\u00e4nde aufbauen und ein abwechslungsreiches Mitmachprogramm anbieten. So gibt es zum Beispiel Test- und Hindernisstrecken f\u00fcr Inline-Skater, Lastenradfahrer oder Fahrradfahrer, eine Kinder-Mal-Aktion auf einem VVS-Bus, eine solarbetriebene Kleink\u00fcche, in der Maultaschen klimaneutral zubereitet werden, einen Bungee Run und einen Soccer-Court, einen Fahrrad-Check, ein Spielmobil und weitere Bewegungsm\u00f6glichkeiten f\u00fcr Kinder, eine Testfahrt mit Liegehandbikes, einen \u201eWalk of Fame\u201c mit rotem Teppich und Foto-Session, Kinderschminken sowie vieles mehr.<\/p>\n<p style=\"text-align: justify;\">Die beiden Medienpartner \u201eDie Neue 107.7\u201c und das \u201ePop-B\u00fcro Region Stuttgart\u201c sorgen auf zwei B\u00fchnen f\u00fcr Stimmung. Beim Programm wirken mit: Gauthier Dance, die Band Ben Jakob, Slamer Moritz Konrad, die Band Steamy Bahir, Slamerin Marina<\/p>\n<p style=\"text-align: justify;\">Sigl, die Band Woodsman sowie Slamer Nikita Gorbunov. Auch das Staatstheater Stuttgart wird vertreten sein. Gastronomie gibt es ebenfalls \u2013 und viel Platz zum Flanieren und Picknicken. Die Er\u00f6ffnung des Events \u00fcbernimmt Oberb\u00fcrgermeister Fritz Kuhn.<\/p>\n<p style=\"text-align: justify;\">Der OB sagte am Dienstag: \u201eIch lade alle ein, am Sonntag herzukommen, das Programm zu genie\u00dfen und sich zu informieren, welche M\u00f6glichkeiten wir im nichtautomobilen Verkehr haben. Denn ich nehme wahr: Viele B\u00fcrgerinnen und B\u00fcrger akzeptieren nicht mehr, dass die Stra\u00dfe allein den Autos geh\u00f6rt.\u201c<\/p>\n<p style=\"text-align: justify;\">Organisiert wird \u201eTheo \u2013 auto<strong>frei<\/strong>\u201c von der Stadt in Zusammenarbeit mit der in.Stuttgart Veranstaltungsgesellschaft mbH &amp; Co. KG, einem Tochterunternehmen der Landeshauptstadt Stuttgart. Andreas Kroll, Gesch\u00e4ftsf\u00fchrer der in.Stuttgart, erkl\u00e4rte: \u201eEs ist f\u00fcr uns ein spannendes, neues Projekt in der Innenstadt. ,Theo \u2013 auto<strong>frei<\/strong>\u2018 weckt Erinnerungen an die autofreien Sonntage Anfang der 1970er Jahre. Die meisten haben die Tage damals als Wander- und Familientag genutzt und ausgedehnte Spazierg\u00e4nge und Radtouren auf leeren Landstra\u00dfen und Autobahnen gemacht. So ein ausgelassenes Miteinander w\u00fcnsche ich mir auch f\u00fcr die Theo.\u201c<\/p>\n<p style=\"text-align: justify;\">Es ist angedacht, den autofreien Sonntag in den kommenden Jahren fortzuf\u00fchren und r\u00e4umlich auszudehnen. Oberb\u00fcrgermeister Fritz Kuhn dazu: ,Theo \u2013 auto<strong>frei<\/strong>\u2018 ist ein Einstieg. Ich kann mir vorstellen, dass wir die Zone am autofreien Tag im kommenden Jahr ausweiten. Das muss mit dem Gemeinderat besprochen werden.\u201c<\/p>\n<p style=\"text-align: justify;\"><strong>Mit dem \u00d6PNV am 22. September kostenlos und bequem in der Stadt unterwegs<br \/>\n<\/strong>Die Nutzung des \u00f6ffentlichen Nahverkehrs im gesamten Stadtgebiet Stuttgart (Tarifzone 1 des VVS) wird am 22. September 2019 kostenfrei sein. Dementsprechend bezahlen die Fahrg\u00e4ste in diesem Bereich nichts f\u00fcr die Fahrt in der S-Bahn, der Stadtbahn, im Bus, in der Zacke oder in der Standseilbahn. Das hatte der Gemeinderat so beschlossen.<\/p>\n<p style=\"text-align: justify;\">F\u00fcr Besucherinnen und Besucher, die von au\u00dferhalb Stuttgarts mit dem \u00d6PNV anreisen, hei\u00dft das, dass sie einfach eine Zone weniger l\u00f6sen. Wichtig ist in diesem Zusammenhang, dass Tickets f\u00fcr eine Zone weniger als \u00fcblich nicht in den Verkaufskan\u00e4len (VVS-App, Automaten etc.) \u00fcber die Verbindungsauskunft von A nach B gekauft werden k\u00f6nnen: Wer sein Ticket am DB-Automaten l\u00f6sen m\u00f6chte, muss auf dem Startbildschirm zun\u00e4chst auf das Feld \u201eVerkehrs- und Tarifverbund Stuttgart\u201c klicken und anschlie\u00dfend \u00fcber \u201eZonendirektwahl\u201c die gew\u00fcnschten Zonen und Tickets ausw\u00e4hlen. Im Bus l\u00e4sst man sich vom Busfahrer ein entsprechendes Ticket geben. Wer sein Ticket \u00fcber die VVS-App kauft, klickt in der Men\u00fcauswahl einfach auf \u201eTickets\u201c und \u201eTicket kaufen\u201c. Dort sucht man seine Ticketart aus und die Anzahl der gew\u00fcnschten Zonen.<\/p>\n<p style=\"text-align: justify;\">Damit die Fahrg\u00e4ste bequem unterwegs sind, werden auf den Stadtbahnlinien U6, U7 und U12 den ganzen Tag \u00fcber Doppelz\u00fcge eingesetzt. Die S-Bahnen der Linien S4, S5 und S6 sind bereits ab 5 Uhr als Vollz\u00fcge unterwegs.<\/p>\n<p style=\"text-align: justify;\"><strong>Hintergrund zum autofreien Sonntag<br \/>\n<\/strong>Der Aktionstag \u201eTheo \u2013 auto<strong>frei<\/strong>\u201c geht auf einen Beschluss des Gemeinderats zur\u00fcck. Das Konzept, bewusst einen Tag auf den Gebrauch des Autos zu verzichten, wird bereits seit dem Ende der 1980er Jahre in vielen St\u00e4dten und Gemeinden weltweit in unterschiedlichen Formen umgesetzt. Ziele von autofreien Tagen k\u00f6nnen unter anderem sein, die Luftverschmutzung (etwa durch Schadstoffe wie Kohlendioxid, Stickstoffdioxid und Feinstaub) zu reduzieren, L\u00e4rm zu verringern, die Zahl der Unf\u00e4lle zu minimieren oder den positiven Einfluss auf die Gesundheit hervorzuheben. Auch die F\u00f6rderung von alternativen Mobilit\u00e4tsformen wie Bus, Bahn, Fahrrad und Fu\u00dfverkehr sowie von attraktiven und lebendigen Stadtquartieren k\u00f6nnen einen autofreien Tag begr\u00fcnden.<\/p>\n<p style=\"text-align: justify;\">Der autofreie Sonntag \u201eTheo \u2013 auto<strong>frei<\/strong>\u201c findet im Rahmen der Europ\u00e4ischen Mobilit\u00e4tswoche (EMW) statt. Die EMW ist eine Kampagne der Europ\u00e4ischen Kommission. Jedes Jahr, immer vom 16. bis 22. September, werden bei der EMW innovative Verkehrsl\u00f6sungen ausprobiert oder mit kreativen Ideen f\u00fcr eine nachhaltige Mobilit\u00e4t in den Kommunen geworben. Infos unter <a href=\"http:\/\/www.mobilitaetswoche.eu\" target=\"_blank\" rel=\"noopener noreferrer\">www.mobilitaetswoche.eu<\/a>.<\/p>\n<p style=\"text-align: justify;\"><strong>Aktionstag Elektromobilit\u00e4t geht in die dritte Runde<br \/>\n<\/strong>Parallel zu \u201eTheo \u2013 auto<strong>frei<\/strong>\u201c findet am 22. September auf dem Markt- und Karlsplatz der dritte Aktionstag Elektromobilit\u00e4t (AtEm) statt. Verschiedene Aussteller pr\u00e4sentieren von 11 bis 18 Uhr die neuesten Angebote und Services in den Bereichen E-Fahrzeuge, Car-Sharing, Roller-Sharing, Pedelecs und \u00d6PNV. Mehr Infos gibt es unter <a href=\"http:\/\/www.region-stuttgart.de\/atem\" target=\"_blank\" rel=\"noopener noreferrer\">www.region-stuttgart.de\/atem<\/a>.<\/p>\n<hr \/>\n<p style=\"text-align: justify;\">\n","protected":false},"excerpt":{"rendered":"<p>OB Kuhn und in.Stuttgart-Gesch\u00e4ftsf\u00fchrer Kroll stellen Aktionstag \u201eTheo \u2013 autofrei\u201c und Programm vor Stuttgart.| Die Landeshauptstadt Stuttgart veranstaltet am 22. September 2019 von 11 bis 18 Uhr den ersten autofreien Sonntag in der Stadt. Das gro\u00dfe, bunte Stra\u00dfenfest auf der Theodor-Heuss-Stra\u00dfe zwischen der Fritz-Elsas-Stra\u00dfe und der Kronenstra\u00dfe tr\u00e4gt den Titel \u201eTheo \u2013 autofrei\u201c. Bei der [&hellip;]<\/p>\n","protected":false},"author":4,"featured_media":136106,"comment_status":"closed","ping_status":"open","sticky":false,"template":"","format":"standard","meta":{"inline_featured_image":false,"_exactmetrics_skip_tracking":false,"_exactmetrics_sitenote_active":false,"_exactmetrics_sitenote_note":"","_exactmetrics_sitenote_category":0,"footnotes":""},"categories":[59,2239],"tags":[9242,16384,14857,5,68,275],"class_list":{"0":"post-136105","1":"post","2":"type-post","3":"status-publish","4":"format-standard","5":"has-post-thumbnail","7":"category-aktuell","8":"category-stuttgart-lokal","9":"tag-aktionstag","10":"tag-autofrei","11":"tag-die-webzeitung","12":"tag-internetzeitung","13":"tag-online-zeitung","14":"tag-stuttgart"},"image_feature":"https:\/\/die-webzeitung.de\/stuttgart\/wp-content\/uploads\/sites\/4\/2019\/09\/Vorstellung-Theo-autofrei-Programm-1709.jpg","author_name":"Redaktion","pure_taxonomies":{"categories":[{"term_id":59,"name":"Aktuell","slug":"aktuell","term_group":0,"term_taxonomy_id":60,"taxonomy":"category","description":"","parent":0,"count":1017,"filter":"raw","image":""},{"term_id":2239,"name":"Stuttgart","slug":"stuttgart-lokal","term_group":0,"term_taxonomy_id":2252,"taxonomy":"category","description":"Berichte und Informationen aus Stuttgart","parent":1433,"count":941,"filter":"raw","image":""}],"tags":[{"term_id":9242,"name":"Aktionstag","slug":"aktionstag","term_group":0,"term_taxonomy_id":9270,"taxonomy":"post_tag","description":"","parent":0,"count":2,"filter":"raw","image":""},{"term_id":16384,"name":"autofrei","slug":"autofrei","term_group":0,"term_taxonomy_id":16403,"taxonomy":"post_tag","description":"","parent":0,"count":2,"filter":"raw","image":""},{"term_id":14857,"name":"Die-Webzeitung","slug":"die-webzeitung","term_group":0,"term_taxonomy_id":14876,"taxonomy":"post_tag","description":"","parent":0,"count":3621,"filter":"raw","image":""},{"term_id":5,"name":"Internetzeitung","slug":"internetzeitung","term_group":0,"term_taxonomy_id":5,"taxonomy":"post_tag","description":"","parent":0,"count":1461,"filter":"raw","image":""},{"term_id":68,"name":"Online-Zeitung","slug":"online-zeitung","term_group":0,"term_taxonomy_id":69,"taxonomy":"post_tag","description":"","parent":0,"count":3591,"filter":"raw","image":""},{"term_id":275,"name":"Stuttgart","slug":"stuttgart","term_group":0,"term_taxonomy_id":281,"taxonomy":"post_tag","description":"","parent":0,"count":1194,"filter":"raw","image":""}]},"_links":{"self":[{"href":"https:\/\/die-webzeitung.de\/stuttgart\/wp-json\/wp\/v2\/posts\/136105","targetHints":{"allow":["GET"]}}],"collection":[{"href":"https:\/\/die-webzeitung.de\/stuttgart\/wp-json\/wp\/v2\/posts"}],"about":[{"href":"https:\/\/die-webzeitung.de\/stuttgart\/wp-json\/wp\/v2\/types\/post"}],"author":[{"embeddable":true,"href":"https:\/\/die-webzeitung.de\/stuttgart\/wp-json\/wp\/v2\/users\/4"}],"replies":[{"embeddable":true,"href":"https:\/\/die-webzeitung.de\/stuttgart\/wp-json\/wp\/v2\/comments?post=136105"}],"version-history":[{"count":1,"href":"https:\/\/die-webzeitung.de\/stuttgart\/wp-json\/wp\/v2\/posts\/136105\/revisions"}],"predecessor-version":[{"id":136107,"href":"https:\/\/die-webzeitung.de\/stuttgart\/wp-json\/wp\/v2\/posts\/136105\/revisions\/136107"}],"wp:featuredmedia":[{"embeddable":true,"href":"https:\/\/die-webzeitung.de\/stuttgart\/wp-json\/wp\/v2\/media\/136106"}],"wp:attachment":[{"href":"https:\/\/die-webzeitung.de\/stuttgart\/wp-json\/wp\/v2\/media?parent=136105"}],"wp:term":[{"taxonomy":"category","embeddable":true,"href":"https:\/\/die-webzeitung.de\/stuttgart\/wp-json\/wp\/v2\/categories?post=136105"},{"taxonomy":"post_tag","embeddable":true,"href":"https:\/\/die-webzeitung.de\/stuttgart\/wp-json\/wp\/v2\/tags?post=136105"}],"curies":[{"name":"wp","href":"https:\/\/api.w.org\/{rel}","templated":true}]}}