{"id":136069,"date":"2019-09-13T15:00:03","date_gmt":"2019-09-13T14:00:03","guid":{"rendered":"https:\/\/die-webzeitung.de\/stuttgart\/2019\/09\/13\/brummis-im-blick\/"},"modified":"2019-09-13T15:00:16","modified_gmt":"2019-09-13T14:00:16","slug":"brummis-im-blick","status":"publish","type":"post","link":"https:\/\/die-webzeitung.de\/stuttgart\/2019\/09\/13\/brummis-im-blick\/","title":{"rendered":"Brummis im Blick"},"content":{"rendered":"<ul>\n<li style=\"text-align: justify;\"><strong>Bundesweiter Aktionstag f\u00fcr mehr Verkehrssicherheit<\/strong><\/li>\n<li style=\"text-align: justify;\"><strong>Kontrollschwerpunkt gewerblicher G\u00fcter- und Personenverkehr Bilanz des Polizeipr\u00e4sidiums Ludwigsburg<\/strong><\/li>\n<\/ul>\n<p style=\"text-align: justify;\">Ludwigsburg.| Das Motto &#8220;Brummis im Blick&#8221; stand am Donnerstag (12.09.19) zwischen 06.00 Uhr und 24.00 Uhr auf der Agenda des Polizeipr\u00e4sidiums Ludwigsburg. Im Rahmen der Verkehrssicherheitsaktion &#8220;sicher.mobil.leben&#8221; wurden l\u00e4nder\u00fcbergreifende Kontrollma\u00dfnahmen durchgef\u00fchrt, die den gewerblichen G\u00fcter- und Personenverkehr als Schwerpunkt innehatten.<\/p>\n<p style=\"text-align: justify;\">In den beiden Landkreisen B\u00f6blingen und Ludwigsburg f\u00fchrten insgesamt 147 Polizeibeamte der Verkehrspolizeidirektion und der zehn Polizeireviere unterst\u00fctzt durch Kr\u00e4fte des Polizeipr\u00e4sidiums Einsatz 33 Kontrollaktionen durch. Die Beamten \u00fcberpr\u00fcften 499 Fahrzeuge. Dabei handelte es sich um 181 Kleintransporter, 162 LKW \u00fcber 3,5 Tonnen, 155 \u00fcber 12 Tonnen und 1 Bus.<\/p>\n<p style=\"text-align: justify;\">In 45 F\u00e4llen kam es zu einer Kontrolle, da die Fahrzeuglenker von ihrer fahrerischen T\u00e4tigkeit abgelenkt waren. Sie telefonierten beispielsweise mit dem Handy oder waren w\u00e4hrend der Fahrt anderweitig besch\u00e4ftigt. 29 Fahrer m\u00fcssen mit einer Anzeige wegen zu geringen Abstands zum Vordermann rechnen. 14 Lenker werden sich wegen Geschwindigkeitsverst\u00f6\u00dfen verantworten m\u00fcssen. 12 Fahrzeuge wiesen technische M\u00e4ngel auf. Bei 11 Brummis stellten die Kontrollbeamten fest, dass die Ladung nicht fachgerecht gesichert war. Dar\u00fcber hinaus registrierten die eingesetzten Polizeibeamten 7 Verst\u00f6\u00dfe gegen die Lenk- und Ruhezeiten.<\/p>\n<hr \/>\n<p style=\"text-align: justify;\">\n","protected":false},"excerpt":{"rendered":"<p>Bundesweiter Aktionstag f\u00fcr mehr Verkehrssicherheit Kontrollschwerpunkt gewerblicher G\u00fcter- und Personenverkehr Bilanz des Polizeipr\u00e4sidiums Ludwigsburg Ludwigsburg.| Das Motto &#8220;Brummis im Blick&#8221; stand am Donnerstag (12.09.19) zwischen 06.00 Uhr und 24.00 Uhr auf der Agenda des Polizeipr\u00e4sidiums Ludwigsburg. Im Rahmen der Verkehrssicherheitsaktion &#8220;sicher.mobil.leben&#8221; wurden l\u00e4nder\u00fcbergreifende Kontrollma\u00dfnahmen durchgef\u00fchrt, die den gewerblichen G\u00fcter- und Personenverkehr als Schwerpunkt innehatten. In [&hellip;]<\/p>\n","protected":false},"author":4,"featured_media":0,"comment_status":"closed","ping_status":"open","sticky":false,"template":"","format":"standard","meta":{"inline_featured_image":false,"_exactmetrics_skip_tracking":false,"_exactmetrics_sitenote_active":false,"_exactmetrics_sitenote_note":"","_exactmetrics_sitenote_category":0,"footnotes":""},"categories":[59,2246],"tags":[16382,14857,5,2134,68,205,9],"class_list":{"0":"post-136069","1":"post","2":"type-post","3":"status-publish","4":"format-standard","6":"category-aktuell","7":"category-kreis-boeblingen","8":"tag-brummi","9":"tag-die-webzeitung","10":"tag-internetzeitung","11":"tag-kontrolle","12":"tag-online-zeitung","13":"tag-polizei","14":"tag-schaumedia"},"image_feature":null,"author_name":"Redaktion","pure_taxonomies":{"categories":[{"term_id":59,"name":"Aktuell","slug":"aktuell","term_group":0,"term_taxonomy_id":60,"taxonomy":"category","description":"","parent":0,"count":1017,"filter":"raw","image":""},{"term_id":2246,"name":"Kreis B\u00f6blingen","slug":"kreis-boeblingen","term_group":0,"term_taxonomy_id":2259,"taxonomy":"category","description":"","parent":171,"count":197,"filter":"raw","image":""}],"tags":[{"term_id":16382,"name":"Brummi","slug":"brummi","term_group":0,"term_taxonomy_id":16401,"taxonomy":"post_tag","description":"","parent":0,"count":1,"filter":"raw","image":""},{"term_id":14857,"name":"Die-Webzeitung","slug":"die-webzeitung","term_group":0,"term_taxonomy_id":14876,"taxonomy":"post_tag","description":"","parent":0,"count":3621,"filter":"raw","image":""},{"term_id":5,"name":"Internetzeitung","slug":"internetzeitung","term_group":0,"term_taxonomy_id":5,"taxonomy":"post_tag","description":"","parent":0,"count":1461,"filter":"raw","image":""},{"term_id":2134,"name":"Kontrolle","slug":"kontrolle","term_group":0,"term_taxonomy_id":2146,"taxonomy":"post_tag","description":"","parent":0,"count":7,"filter":"raw","image":""},{"term_id":68,"name":"Online-Zeitung","slug":"online-zeitung","term_group":0,"term_taxonomy_id":69,"taxonomy":"post_tag","description":"","parent":0,"count":3591,"filter":"raw","image":""},{"term_id":205,"name":"Polizei","slug":"polizei","term_group":0,"term_taxonomy_id":208,"taxonomy":"post_tag","description":"","parent":0,"count":277,"filter":"raw","image":""},{"term_id":9,"name":"SchauMedia","slug":"schaumedia","term_group":0,"term_taxonomy_id":9,"taxonomy":"post_tag","description":"","parent":0,"count":1607,"filter":"raw","image":""}]},"_links":{"self":[{"href":"https:\/\/die-webzeitung.de\/stuttgart\/wp-json\/wp\/v2\/posts\/136069","targetHints":{"allow":["GET"]}}],"collection":[{"href":"https:\/\/die-webzeitung.de\/stuttgart\/wp-json\/wp\/v2\/posts"}],"about":[{"href":"https:\/\/die-webzeitung.de\/stuttgart\/wp-json\/wp\/v2\/types\/post"}],"author":[{"embeddable":true,"href":"https:\/\/die-webzeitung.de\/stuttgart\/wp-json\/wp\/v2\/users\/4"}],"replies":[{"embeddable":true,"href":"https:\/\/die-webzeitung.de\/stuttgart\/wp-json\/wp\/v2\/comments?post=136069"}],"version-history":[{"count":1,"href":"https:\/\/die-webzeitung.de\/stuttgart\/wp-json\/wp\/v2\/posts\/136069\/revisions"}],"predecessor-version":[{"id":136070,"href":"https:\/\/die-webzeitung.de\/stuttgart\/wp-json\/wp\/v2\/posts\/136069\/revisions\/136070"}],"wp:attachment":[{"href":"https:\/\/die-webzeitung.de\/stuttgart\/wp-json\/wp\/v2\/media?parent=136069"}],"wp:term":[{"taxonomy":"category","embeddable":true,"href":"https:\/\/die-webzeitung.de\/stuttgart\/wp-json\/wp\/v2\/categories?post=136069"},{"taxonomy":"post_tag","embeddable":true,"href":"https:\/\/die-webzeitung.de\/stuttgart\/wp-json\/wp\/v2\/tags?post=136069"}],"curies":[{"name":"wp","href":"https:\/\/api.w.org\/{rel}","templated":true}]}}