{"id":135931,"date":"2019-09-06T16:38:17","date_gmt":"2019-09-06T15:38:17","guid":{"rendered":"https:\/\/die-webzeitung.de\/stuttgart\/?p=135931"},"modified":"2019-09-06T16:38:17","modified_gmt":"2019-09-06T15:38:17","slug":"max-eyth-see-sauerstoffwerte-verbessern-sich","status":"publish","type":"post","link":"https:\/\/die-webzeitung.de\/stuttgart\/2019\/09\/06\/max-eyth-see-sauerstoffwerte-verbessern-sich\/","title":{"rendered":"Max-Eyth-See: Sauerstoffwerte verbessern sich"},"content":{"rendered":"<p style=\"text-align: justify;\">Stuttgart.| Die Sauerstoffwerte im Wasser des Max-Eyth-Sees haben sich verbessert. Der aktuelle Wert liegt bei 4,5 mg\/l. Die Anstrengungen von Tiefbauamt, Technischem Hilfswerk und W\u00fcrttembergischem Anglerverein zeigen Wirkung. Das hat die Stadt am Freitag, 6. September, bekannt gegeben.<\/p>\n<p style=\"text-align: justify;\">Seit Sonntag, 1. September, wird das Wasser mit Hilfe von bis zu 14 Pumpen im gesamten See umgew\u00e4lzt. So kann der Sauerstoffgehalt des Wassers erh\u00f6ht werden. Gleichzeitig hat das Tiefbauamt die Wasserzufuhr gesteigert und leitet mehr frisches Wasser in den See.<\/p>\n<p style=\"text-align: justify;\"><strong>Regelm\u00e4\u00dfige Kontrollen und St\u00fctzma\u00dfnahmen<br \/>\n<\/strong>Die Wasserqualit\u00e4t im Max-Eyth-See wird regelm\u00e4\u00dfig \u00fcberpr\u00fcft, in den hei\u00dfen Perioden mehrmals in der Woche. Am Freitag, 30. August, lag der Sauerstoffgehalt bei 12-13 mg\/l, am Samstag, 31. August, bei 8-9 mg\/l. Am Sonntag, 1. September, nahmen die Werte stark ab und sanken unter 4 mg\/l. Das Tiefbauamt hat sofort Ma\u00dfnahmen ergriffen und den Einsatz von Pumpen eingeleitet.<\/p>\n<p style=\"text-align: justify;\">Im Jahr 2018 konnte mit Hilfe von Pumpen der Sauerstoffgehalt des Seewassers stabilisiert werden. In diesem Jahr zeigte der Einsatz allerdings nicht die erhoffte Wirkung. Das massenhafte Sterben von Fischen und Wassertieren war nicht zu verhindern. Das Tiefbaumt entnimmt am Wochenende weitere Wasserproben. Sie sollen Auskunft geben \u00fcber eine m\u00f6gliche fortbestehende Belastung des Wassers.<\/p>\n<p style=\"text-align: justify;\"><strong>Ma\u00dfnahmen der Stadt um See in Gleichgewicht zu halten<br \/>\n<\/strong>Der Max-Eyth-See ist ein k\u00fcnstlich geschaffenes Gew\u00e4sser. Er ist flach und besitzt keinen nat\u00fcrlichen Zufluss. Au\u00dferdem ist das Wasser besonders n\u00e4hrstoffreich. Das beg\u00fcnstigt das Algenwachstum. Mit diesen Voraussetzungen kann der See bei ung\u00fcnstigen Witterungsverh\u00e4ltnissen aus dem Gleichgewicht geraten. Das bedeutet: Pflanzen und Tiere verzehren mehr Sauerstoff als vorhanden ist. Nachdem sich der See im Fr\u00fchjahr sehr klar zeigte, konnten erw\u00fcnschte Wasserpflanzen, wie das Krause Laichkraut, wachsen. Der gro\u00dfe Bestand an Wasserpflanzen ist Ende August stark zur\u00fcckgegangen. Ein Gro\u00dfteil der Pflanzen ist abgestorben, die Zersetzung f\u00fchrte zu einem erh\u00f6hten Sauerstoffverbrauch. Gleichzeitig konnten sich Algen ungehindert im See ausbreiten. Witterungsbedingt ist auch ein Gro\u00dfteil des Algenbestands abgestorben und f\u00fchrte zu einem weiteren Verbrauch von Sauerstoff.<\/p>\n<p style=\"text-align: justify;\">Der Klimawandel mit w\u00e4rmeren Temperaturen und geringeren Niederschl\u00e4gen in den Sommermonaten verst\u00e4rkt die Problematik bei allen stehenden Gew\u00e4ssern. In den letzten Jahren hat die Stadt daher Ma\u00dfnahmen ergriffen, um die Wasserqualit\u00e4t im Max-Eyth-See zu verbessern. Da der See keine eigene Frischwasserzufuhr hat, wurde eine k\u00fcnstliche Quellwasserzufuhr geschaffen. Ebenso wurden neue Flachwasserzonen mit Wasserpflanzen geschaffen, um die nat\u00fcrliche Reinigungskraft des Gew\u00e4ssers zu st\u00e4rken. Die Abtrennung vom Neckar 2016 war ein wichtiger Eingriff. Das Neckarwasser hat einen hohen Phosphatgehalt und ist damit sehr n\u00e4hrstoffreich. Dieses n\u00e4hrstoffreiche Wasser bef\u00f6rdert in stehenden Gew\u00e4ssern u.a. das Algenwachstum. Dem Wasser des Max-Eyth-Sees wurde in der Vergangenheit das Phosphat entzogen. So wurde zuletzt 2016 mit Hilfe eines F\u00e4llmittels der N\u00e4hrstoffgehalt deutlich reduziert.<\/p>\n<p style=\"text-align: justify;\"><strong>Ausblick: Dauerhafte L\u00f6sungsans\u00e4tze<br \/>\n<\/strong>Das Tiefbauamt arbeitet mit weiteren Fach\u00e4mtern seit \u00fcber einem Jahr an dauerhaften L\u00f6sungen, um Extremsituationen vorzubeugen. Geplant sind zum Beispiel eine station\u00e4re Bel\u00fcftungsanlage und Elektroanschl\u00fcsse f\u00fcr kurzzeitige Ma\u00dfnahmen. Damit sollen Sauerstoffgehalt und Wasserqualit\u00e4t im normalen Bereich gehalten werden. Es wird auch weiterhin Quellwasser eingeleitet. Au\u00dferdem wird die M\u00f6glichkeit gepr\u00fcft, n\u00e4hrstoffreiches Wasser ausleiten zu k\u00f6nnen. Diese Vorschl\u00e4ge sollen Ende des Jahres in den Aussch\u00fcssen pr\u00e4sentiert werden. Ziel ist es, Vorschl\u00e4ge und Ma\u00dfnahmen schnellstm\u00f6glich umzusetzen.<\/p>\n<p style=\"text-align: justify;\">Parallel will die Stadtverwaltung mit allen Beteiligten, insbesondere mit dem W\u00fcrttembergischen Anglerverein und der Stiftung Christoph Sonntag, zeitnah Gespr\u00e4che f\u00fchren, um sich \u00fcber dauerhafte L\u00f6sungsm\u00f6glichkeiten auszutauschen.<\/p>\n<hr \/>\n<p style=\"text-align: justify;\">\n","protected":false},"excerpt":{"rendered":"<p>Stuttgart.| Die Sauerstoffwerte im Wasser des Max-Eyth-Sees haben sich verbessert. Der aktuelle Wert liegt bei 4,5 mg\/l. Die Anstrengungen von Tiefbauamt, Technischem Hilfswerk und W\u00fcrttembergischem Anglerverein zeigen Wirkung. Das hat die Stadt am Freitag, 6. September, bekannt gegeben. Seit Sonntag, 1. September, wird das Wasser mit Hilfe von bis zu 14 Pumpen im gesamten See [&hellip;]<\/p>\n","protected":false},"author":4,"featured_media":0,"comment_status":"closed","ping_status":"open","sticky":false,"template":"","format":"standard","meta":{"inline_featured_image":false,"_exactmetrics_skip_tracking":false,"_exactmetrics_sitenote_active":false,"_exactmetrics_sitenote_note":"","_exactmetrics_sitenote_category":0,"footnotes":""},"categories":[59,2239],"tags":[14857,5,12482,68,275],"class_list":{"0":"post-135931","1":"post","2":"type-post","3":"status-publish","4":"format-standard","6":"category-aktuell","7":"category-stuttgart-lokal","8":"tag-die-webzeitung","9":"tag-internetzeitung","10":"tag-max-eyth-see","11":"tag-online-zeitung","12":"tag-stuttgart"},"image_feature":null,"author_name":"Redaktion","pure_taxonomies":{"categories":[{"term_id":59,"name":"Aktuell","slug":"aktuell","term_group":0,"term_taxonomy_id":60,"taxonomy":"category","description":"","parent":0,"count":1017,"filter":"raw","image":""},{"term_id":2239,"name":"Stuttgart","slug":"stuttgart-lokal","term_group":0,"term_taxonomy_id":2252,"taxonomy":"category","description":"Berichte und Informationen aus Stuttgart","parent":1433,"count":941,"filter":"raw","image":""}],"tags":[{"term_id":14857,"name":"Die-Webzeitung","slug":"die-webzeitung","term_group":0,"term_taxonomy_id":14876,"taxonomy":"post_tag","description":"","parent":0,"count":3621,"filter":"raw","image":""},{"term_id":5,"name":"Internetzeitung","slug":"internetzeitung","term_group":0,"term_taxonomy_id":5,"taxonomy":"post_tag","description":"","parent":0,"count":1461,"filter":"raw","image":""},{"term_id":12482,"name":"Max-Eyth-See","slug":"max-eyth-see","term_group":0,"term_taxonomy_id":12520,"taxonomy":"post_tag","description":"","parent":0,"count":5,"filter":"raw","image":""},{"term_id":68,"name":"Online-Zeitung","slug":"online-zeitung","term_group":0,"term_taxonomy_id":69,"taxonomy":"post_tag","description":"","parent":0,"count":3591,"filter":"raw","image":""},{"term_id":275,"name":"Stuttgart","slug":"stuttgart","term_group":0,"term_taxonomy_id":281,"taxonomy":"post_tag","description":"","parent":0,"count":1194,"filter":"raw","image":""}]},"_links":{"self":[{"href":"https:\/\/die-webzeitung.de\/stuttgart\/wp-json\/wp\/v2\/posts\/135931","targetHints":{"allow":["GET"]}}],"collection":[{"href":"https:\/\/die-webzeitung.de\/stuttgart\/wp-json\/wp\/v2\/posts"}],"about":[{"href":"https:\/\/die-webzeitung.de\/stuttgart\/wp-json\/wp\/v2\/types\/post"}],"author":[{"embeddable":true,"href":"https:\/\/die-webzeitung.de\/stuttgart\/wp-json\/wp\/v2\/users\/4"}],"replies":[{"embeddable":true,"href":"https:\/\/die-webzeitung.de\/stuttgart\/wp-json\/wp\/v2\/comments?post=135931"}],"version-history":[{"count":1,"href":"https:\/\/die-webzeitung.de\/stuttgart\/wp-json\/wp\/v2\/posts\/135931\/revisions"}],"predecessor-version":[{"id":135932,"href":"https:\/\/die-webzeitung.de\/stuttgart\/wp-json\/wp\/v2\/posts\/135931\/revisions\/135932"}],"wp:attachment":[{"href":"https:\/\/die-webzeitung.de\/stuttgart\/wp-json\/wp\/v2\/media?parent=135931"}],"wp:term":[{"taxonomy":"category","embeddable":true,"href":"https:\/\/die-webzeitung.de\/stuttgart\/wp-json\/wp\/v2\/categories?post=135931"},{"taxonomy":"post_tag","embeddable":true,"href":"https:\/\/die-webzeitung.de\/stuttgart\/wp-json\/wp\/v2\/tags?post=135931"}],"curies":[{"name":"wp","href":"https:\/\/api.w.org\/{rel}","templated":true}]}}