{"id":135889,"date":"2019-09-02T17:45:02","date_gmt":"2019-09-02T16:45:02","guid":{"rendered":"https:\/\/die-webzeitung.de\/stuttgart\/?p=135889"},"modified":"2019-09-02T17:45:02","modified_gmt":"2019-09-02T16:45:02","slug":"neue-beschaeftigte-bei-der-polizei","status":"publish","type":"post","link":"https:\/\/die-webzeitung.de\/stuttgart\/2019\/09\/02\/neue-beschaeftigte-bei-der-polizei\/","title":{"rendered":"Neue Besch\u00e4ftigte bei der Polizei"},"content":{"rendered":"<p style=\"text-align: justify;\">Stuttgart.| Polizeipr\u00e4sident Franz Lutz hat am Montag (02.09.2019) insgesamt 40 neue Besch\u00e4ftigte beim Polizeipr\u00e4sidium Stuttgart begr\u00fc\u00dft. Auch der f\u00fcr den Bereich der Landeshauptstadt zust\u00e4ndige Polizeiseelsorger richtete ein Gru\u00dfwort an die neuen Stuttgarter Polizistinnen und Polizisten.<\/p>\n<p style=\"text-align: justify;\">32 junge Beamtinnen und Beamten sind nach erfolgreich absolvierter Ausbildung direkt von der Polizeischule nach Stuttgart versetzt worden. Sie leisteten heute in feierlichem Rahmen den Eid auf die Landesverfassung Baden-W\u00fcrttembergs. Acht bislang bei der Bundespolizei, dem Landesamt f\u00fcr Verfassungsschutz und bei den Polizeipr\u00e4sidien Einsatz, Ludwigsburg und Heilbronn arbeitende Kollegen sind nun hier im Stadtgebiet auf Streife. Von den Neuen wird die Mehrzahl zuk\u00fcnftig ihren Dienst bei der Einsatzhundertschaft, den Polizeirevieren und bei der Verkehrspolizei verrichten.<\/p>\n<p style=\"text-align: justify;\">Damit die vielen Abl\u00e4ufe in einem Polizeipr\u00e4sidium gelingen, bedarf es nicht nur den Polizistinnen und Polizisten, sondern auch weiteren Besch\u00e4ftigten. Umso mehr freute sich Pr\u00e4sident Lutz \u00fcber weitere 22 Fachleute, die in der Verwaltung, der B\u00fcrokommunikation, als Einsatzassistentinnen im F\u00fchrungs- und Lagezentrum, als Schie\u00dfstandwart und als Informatiker im Pr\u00e4sidium t\u00e4tig sein werden.<\/p>\n<hr \/>\n<p style=\"text-align: justify;\">\n","protected":false},"excerpt":{"rendered":"<p>Stuttgart.| Polizeipr\u00e4sident Franz Lutz hat am Montag (02.09.2019) insgesamt 40 neue Besch\u00e4ftigte beim Polizeipr\u00e4sidium Stuttgart begr\u00fc\u00dft. Auch der f\u00fcr den Bereich der Landeshauptstadt zust\u00e4ndige Polizeiseelsorger richtete ein Gru\u00dfwort an die neuen Stuttgarter Polizistinnen und Polizisten. 32 junge Beamtinnen und Beamten sind nach erfolgreich absolvierter Ausbildung direkt von der Polizeischule nach Stuttgart versetzt worden. Sie leisteten [&hellip;]<\/p>\n","protected":false},"author":4,"featured_media":0,"comment_status":"closed","ping_status":"open","sticky":false,"template":"","format":"standard","meta":{"inline_featured_image":false,"_exactmetrics_skip_tracking":false,"_exactmetrics_sitenote_active":false,"_exactmetrics_sitenote_note":"","_exactmetrics_sitenote_category":0,"footnotes":""},"categories":[59,2239],"tags":[14857,5,68,205,9,275],"class_list":{"0":"post-135889","1":"post","2":"type-post","3":"status-publish","4":"format-standard","6":"category-aktuell","7":"category-stuttgart-lokal","8":"tag-die-webzeitung","9":"tag-internetzeitung","10":"tag-online-zeitung","11":"tag-polizei","12":"tag-schaumedia","13":"tag-stuttgart"},"image_feature":null,"author_name":"Redaktion","pure_taxonomies":{"categories":[{"term_id":59,"name":"Aktuell","slug":"aktuell","term_group":0,"term_taxonomy_id":60,"taxonomy":"category","description":"","parent":0,"count":1017,"filter":"raw","image":""},{"term_id":2239,"name":"Stuttgart","slug":"stuttgart-lokal","term_group":0,"term_taxonomy_id":2252,"taxonomy":"category","description":"Berichte und Informationen aus Stuttgart","parent":1433,"count":941,"filter":"raw","image":""}],"tags":[{"term_id":14857,"name":"Die-Webzeitung","slug":"die-webzeitung","term_group":0,"term_taxonomy_id":14876,"taxonomy":"post_tag","description":"","parent":0,"count":3621,"filter":"raw","image":""},{"term_id":5,"name":"Internetzeitung","slug":"internetzeitung","term_group":0,"term_taxonomy_id":5,"taxonomy":"post_tag","description":"","parent":0,"count":1461,"filter":"raw","image":""},{"term_id":68,"name":"Online-Zeitung","slug":"online-zeitung","term_group":0,"term_taxonomy_id":69,"taxonomy":"post_tag","description":"","parent":0,"count":3591,"filter":"raw","image":""},{"term_id":205,"name":"Polizei","slug":"polizei","term_group":0,"term_taxonomy_id":208,"taxonomy":"post_tag","description":"","parent":0,"count":277,"filter":"raw","image":""},{"term_id":9,"name":"SchauMedia","slug":"schaumedia","term_group":0,"term_taxonomy_id":9,"taxonomy":"post_tag","description":"","parent":0,"count":1607,"filter":"raw","image":""},{"term_id":275,"name":"Stuttgart","slug":"stuttgart","term_group":0,"term_taxonomy_id":281,"taxonomy":"post_tag","description":"","parent":0,"count":1194,"filter":"raw","image":""}]},"_links":{"self":[{"href":"https:\/\/die-webzeitung.de\/stuttgart\/wp-json\/wp\/v2\/posts\/135889","targetHints":{"allow":["GET"]}}],"collection":[{"href":"https:\/\/die-webzeitung.de\/stuttgart\/wp-json\/wp\/v2\/posts"}],"about":[{"href":"https:\/\/die-webzeitung.de\/stuttgart\/wp-json\/wp\/v2\/types\/post"}],"author":[{"embeddable":true,"href":"https:\/\/die-webzeitung.de\/stuttgart\/wp-json\/wp\/v2\/users\/4"}],"replies":[{"embeddable":true,"href":"https:\/\/die-webzeitung.de\/stuttgart\/wp-json\/wp\/v2\/comments?post=135889"}],"version-history":[{"count":1,"href":"https:\/\/die-webzeitung.de\/stuttgart\/wp-json\/wp\/v2\/posts\/135889\/revisions"}],"predecessor-version":[{"id":135890,"href":"https:\/\/die-webzeitung.de\/stuttgart\/wp-json\/wp\/v2\/posts\/135889\/revisions\/135890"}],"wp:attachment":[{"href":"https:\/\/die-webzeitung.de\/stuttgart\/wp-json\/wp\/v2\/media?parent=135889"}],"wp:term":[{"taxonomy":"category","embeddable":true,"href":"https:\/\/die-webzeitung.de\/stuttgart\/wp-json\/wp\/v2\/categories?post=135889"},{"taxonomy":"post_tag","embeddable":true,"href":"https:\/\/die-webzeitung.de\/stuttgart\/wp-json\/wp\/v2\/tags?post=135889"}],"curies":[{"name":"wp","href":"https:\/\/api.w.org\/{rel}","templated":true}]}}