{"id":135880,"date":"2019-09-02T13:06:18","date_gmt":"2019-09-02T12:06:18","guid":{"rendered":"https:\/\/die-webzeitung.de\/stuttgart\/?p=135880"},"modified":"2019-09-02T13:06:18","modified_gmt":"2019-09-02T12:06:18","slug":"spatenstich-fuer-den-radschnellweg","status":"publish","type":"post","link":"https:\/\/die-webzeitung.de\/stuttgart\/2019\/09\/02\/spatenstich-fuer-den-radschnellweg\/","title":{"rendered":"Spatenstich f\u00fcr den Radschnellweg"},"content":{"rendered":"<h5 style=\"text-align: justify;\"><strong>Bauabschnitt von Ehningen nach B\u00f6blingen beginnt<br \/>\n<\/strong><\/h5>\n<p style=\"text-align: justify;\"><strong>Montag, 9. September 2019, um 13.30 Uhr mit Verkehrsminister Winfried Hermann<\/strong><\/p>\n<p style=\"text-align: justify;\">Kreis B\u00f6blingen.| Der Radschnellweg-Bauabschnitt zwischen Ehningen und B\u00f6blingen geht in die Realisierungsphase. Verkehrsminister Winfried Hermann (MdL) wird gemeinsam mit Landrat Roland Bernhard, Oberb\u00fcrgermeister Dr. Stefan Belz und B\u00fcrgermeister Claus Unger den Startschuss f\u00fcr die Bauarbeiten geben.<\/p>\n<p style=\"text-align: justify;\">Treffpunkt f\u00fcr alle Interessierten ist am Montag, 9. September 2019, um 13.30 Uhr am Parkplatz an der Kreisstra\u00dfe von B\u00f6blingen nach Ehningen zwischen dem Kreistierheim und der Autobahnbr\u00fccke.<\/p>\n<p style=\"text-align: justify;\">Fast auf den Tag vor einem Jahr, am 10. September 2018 war der Startschuss f\u00fcr die zwischenzeitlich in Betrieb gegangene Radschnellverbindung von B\u00f6blingen\/Sindelfingen nach Stuttgart erfolgt. Der Abschnitt von Ehningen nach B\u00f6blingen ist nun schon das zweite Radschnellweg-Bauprojekt in der Region Stuttgart, das der Landkreis B\u00f6blingen in die Tat umsetzt.<\/p>\n<hr \/>\n<p style=\"text-align: justify;\">\n","protected":false},"excerpt":{"rendered":"<p>Bauabschnitt von Ehningen nach B\u00f6blingen beginnt Montag, 9. September 2019, um 13.30 Uhr mit Verkehrsminister Winfried Hermann Kreis B\u00f6blingen.| Der Radschnellweg-Bauabschnitt zwischen Ehningen und B\u00f6blingen geht in die Realisierungsphase. Verkehrsminister Winfried Hermann (MdL) wird gemeinsam mit Landrat Roland Bernhard, Oberb\u00fcrgermeister Dr. Stefan Belz und B\u00fcrgermeister Claus Unger den Startschuss f\u00fcr die Bauarbeiten geben. Treffpunkt f\u00fcr [&hellip;]<\/p>\n","protected":false},"author":4,"featured_media":0,"comment_status":"closed","ping_status":"open","sticky":false,"template":"","format":"standard","meta":{"inline_featured_image":false,"_exactmetrics_skip_tracking":false,"_exactmetrics_sitenote_active":false,"_exactmetrics_sitenote_note":"","_exactmetrics_sitenote_category":0,"footnotes":""},"categories":[2246],"tags":[3061,14857,5,68,15905],"class_list":{"0":"post-135880","1":"post","2":"type-post","3":"status-publish","4":"format-standard","6":"category-kreis-boeblingen","7":"tag-boblingen","8":"tag-die-webzeitung","9":"tag-internetzeitung","10":"tag-online-zeitung","11":"tag-radschnellweg"},"image_feature":null,"author_name":"Redaktion","pure_taxonomies":{"categories":[{"term_id":2246,"name":"Kreis B\u00f6blingen","slug":"kreis-boeblingen","term_group":0,"term_taxonomy_id":2259,"taxonomy":"category","description":"","parent":171,"count":197,"filter":"raw","image":""}],"tags":[{"term_id":3061,"name":"B\u00f6blingen","slug":"boblingen","term_group":0,"term_taxonomy_id":3075,"taxonomy":"post_tag","description":"","parent":0,"count":260,"filter":"raw","image":""},{"term_id":14857,"name":"Die-Webzeitung","slug":"die-webzeitung","term_group":0,"term_taxonomy_id":14876,"taxonomy":"post_tag","description":"","parent":0,"count":3621,"filter":"raw","image":""},{"term_id":5,"name":"Internetzeitung","slug":"internetzeitung","term_group":0,"term_taxonomy_id":5,"taxonomy":"post_tag","description":"","parent":0,"count":1461,"filter":"raw","image":""},{"term_id":68,"name":"Online-Zeitung","slug":"online-zeitung","term_group":0,"term_taxonomy_id":69,"taxonomy":"post_tag","description":"","parent":0,"count":3591,"filter":"raw","image":""},{"term_id":15905,"name":"Radschnellweg","slug":"radschnellweg","term_group":0,"term_taxonomy_id":15924,"taxonomy":"post_tag","description":"","parent":0,"count":7,"filter":"raw","image":""}]},"_links":{"self":[{"href":"https:\/\/die-webzeitung.de\/stuttgart\/wp-json\/wp\/v2\/posts\/135880","targetHints":{"allow":["GET"]}}],"collection":[{"href":"https:\/\/die-webzeitung.de\/stuttgart\/wp-json\/wp\/v2\/posts"}],"about":[{"href":"https:\/\/die-webzeitung.de\/stuttgart\/wp-json\/wp\/v2\/types\/post"}],"author":[{"embeddable":true,"href":"https:\/\/die-webzeitung.de\/stuttgart\/wp-json\/wp\/v2\/users\/4"}],"replies":[{"embeddable":true,"href":"https:\/\/die-webzeitung.de\/stuttgart\/wp-json\/wp\/v2\/comments?post=135880"}],"version-history":[{"count":1,"href":"https:\/\/die-webzeitung.de\/stuttgart\/wp-json\/wp\/v2\/posts\/135880\/revisions"}],"predecessor-version":[{"id":135881,"href":"https:\/\/die-webzeitung.de\/stuttgart\/wp-json\/wp\/v2\/posts\/135880\/revisions\/135881"}],"wp:attachment":[{"href":"https:\/\/die-webzeitung.de\/stuttgart\/wp-json\/wp\/v2\/media?parent=135880"}],"wp:term":[{"taxonomy":"category","embeddable":true,"href":"https:\/\/die-webzeitung.de\/stuttgart\/wp-json\/wp\/v2\/categories?post=135880"},{"taxonomy":"post_tag","embeddable":true,"href":"https:\/\/die-webzeitung.de\/stuttgart\/wp-json\/wp\/v2\/tags?post=135880"}],"curies":[{"name":"wp","href":"https:\/\/api.w.org\/{rel}","templated":true}]}}