{"id":135803,"date":"2019-08-26T13:44:49","date_gmt":"2019-08-26T12:44:49","guid":{"rendered":"https:\/\/die-webzeitung.de\/stuttgart\/?p=135803"},"modified":"2019-08-26T13:44:49","modified_gmt":"2019-08-26T12:44:49","slug":"einschraenkungen-im-bahnverkehr-der-s-bahn-stuttgart","status":"publish","type":"post","link":"https:\/\/die-webzeitung.de\/stuttgart\/2019\/08\/26\/einschraenkungen-im-bahnverkehr-der-s-bahn-stuttgart\/","title":{"rendered":"Einschr\u00e4nkungen im Bahnverkehr der S-Bahn Stuttgart"},"content":{"rendered":"<p style=\"text-align: justify;\">Stuttgart.| Aufgrund einer Signalst\u00f6rung in Stuttgart Hauptbahnhof (tief) nach Bauarbeiten im Rahmen des Bahnprojekts \u201eStuttgart 21\u201c kommt es auf allen Linien der S-Bahn Stuttgart zu Einschr\u00e4nkungen: Alle S-Bahnen verkehren im Halbstundentakt auf den bekannten Wegen. Die S 6 und S 60 wenden vorzeitig in Zuffenhausen. Es kann dar\u00fcber hinaus zu Versp\u00e4tungen und weiteren Einschr\u00e4nkungen kommen. Aktuell ist davon auszugehen, dass die Verbindungen zum morgigen Betriebsbeginn (27. August) wieder wie gewohnt bedient werden.<\/p>\n<p style=\"text-align: justify;\">Alle Reisenden werden gebeten, die aktuellen \u00c4nderungen im Zugverkehr bei ihrer Reiseplanung zu ber\u00fccksichtigen mehr Reisezeit einzuplanen. Rechtzeitige Informationen \u00fcber St\u00f6rungen, Ersatzverkehr und Alternativrouten sind \u00fcber die neue Streckenagenten-App unter <a href=\"https:\/\/www.bahn.de\/p\/view\/service\/mobile\/streckenagent-app.shtml\" target=\"_blank\" rel=\"noopener noreferrer\">https:\/\/www.bahn.de\/p\/view\/service\/mobile\/streckenagent-app.shtml<\/a> abrufbar.<\/p>\n<hr \/>\n<p style=\"text-align: justify;\">\n","protected":false},"excerpt":{"rendered":"<p>Stuttgart.| Aufgrund einer Signalst\u00f6rung in Stuttgart Hauptbahnhof (tief) nach Bauarbeiten im Rahmen des Bahnprojekts \u201eStuttgart 21\u201c kommt es auf allen Linien der S-Bahn Stuttgart zu Einschr\u00e4nkungen: Alle S-Bahnen verkehren im Halbstundentakt auf den bekannten Wegen. Die S 6 und S 60 wenden vorzeitig in Zuffenhausen. Es kann dar\u00fcber hinaus zu Versp\u00e4tungen und weiteren Einschr\u00e4nkungen kommen. [&hellip;]<\/p>\n","protected":false},"author":4,"featured_media":0,"comment_status":"closed","ping_status":"open","sticky":false,"template":"","format":"standard","meta":{"inline_featured_image":false,"_exactmetrics_skip_tracking":false,"_exactmetrics_sitenote_active":false,"_exactmetrics_sitenote_note":"","_exactmetrics_sitenote_category":0,"footnotes":""},"categories":[59,2239],"tags":[14857,5,68,9610,275],"class_list":{"0":"post-135803","1":"post","2":"type-post","3":"status-publish","4":"format-standard","6":"category-aktuell","7":"category-stuttgart-lokal","8":"tag-die-webzeitung","9":"tag-internetzeitung","10":"tag-online-zeitung","11":"tag-s-bahn","12":"tag-stuttgart"},"image_feature":null,"author_name":"Redaktion","pure_taxonomies":{"categories":[{"term_id":59,"name":"Aktuell","slug":"aktuell","term_group":0,"term_taxonomy_id":60,"taxonomy":"category","description":"","parent":0,"count":1017,"filter":"raw","image":""},{"term_id":2239,"name":"Stuttgart","slug":"stuttgart-lokal","term_group":0,"term_taxonomy_id":2252,"taxonomy":"category","description":"Berichte und Informationen aus Stuttgart","parent":1433,"count":941,"filter":"raw","image":""}],"tags":[{"term_id":14857,"name":"Die-Webzeitung","slug":"die-webzeitung","term_group":0,"term_taxonomy_id":14876,"taxonomy":"post_tag","description":"","parent":0,"count":3621,"filter":"raw","image":""},{"term_id":5,"name":"Internetzeitung","slug":"internetzeitung","term_group":0,"term_taxonomy_id":5,"taxonomy":"post_tag","description":"","parent":0,"count":1461,"filter":"raw","image":""},{"term_id":68,"name":"Online-Zeitung","slug":"online-zeitung","term_group":0,"term_taxonomy_id":69,"taxonomy":"post_tag","description":"","parent":0,"count":3591,"filter":"raw","image":""},{"term_id":9610,"name":"S-Bahn","slug":"s-bahn","term_group":0,"term_taxonomy_id":9640,"taxonomy":"post_tag","description":"","parent":0,"count":14,"filter":"raw","image":""},{"term_id":275,"name":"Stuttgart","slug":"stuttgart","term_group":0,"term_taxonomy_id":281,"taxonomy":"post_tag","description":"","parent":0,"count":1194,"filter":"raw","image":""}]},"_links":{"self":[{"href":"https:\/\/die-webzeitung.de\/stuttgart\/wp-json\/wp\/v2\/posts\/135803","targetHints":{"allow":["GET"]}}],"collection":[{"href":"https:\/\/die-webzeitung.de\/stuttgart\/wp-json\/wp\/v2\/posts"}],"about":[{"href":"https:\/\/die-webzeitung.de\/stuttgart\/wp-json\/wp\/v2\/types\/post"}],"author":[{"embeddable":true,"href":"https:\/\/die-webzeitung.de\/stuttgart\/wp-json\/wp\/v2\/users\/4"}],"replies":[{"embeddable":true,"href":"https:\/\/die-webzeitung.de\/stuttgart\/wp-json\/wp\/v2\/comments?post=135803"}],"version-history":[{"count":1,"href":"https:\/\/die-webzeitung.de\/stuttgart\/wp-json\/wp\/v2\/posts\/135803\/revisions"}],"predecessor-version":[{"id":135804,"href":"https:\/\/die-webzeitung.de\/stuttgart\/wp-json\/wp\/v2\/posts\/135803\/revisions\/135804"}],"wp:attachment":[{"href":"https:\/\/die-webzeitung.de\/stuttgart\/wp-json\/wp\/v2\/media?parent=135803"}],"wp:term":[{"taxonomy":"category","embeddable":true,"href":"https:\/\/die-webzeitung.de\/stuttgart\/wp-json\/wp\/v2\/categories?post=135803"},{"taxonomy":"post_tag","embeddable":true,"href":"https:\/\/die-webzeitung.de\/stuttgart\/wp-json\/wp\/v2\/tags?post=135803"}],"curies":[{"name":"wp","href":"https:\/\/api.w.org\/{rel}","templated":true}]}}