{"id":135761,"date":"2019-08-22T12:48:41","date_gmt":"2019-08-22T11:48:41","guid":{"rendered":"https:\/\/die-webzeitung.de\/stuttgart\/?p=135761"},"modified":"2019-08-22T12:48:41","modified_gmt":"2019-08-22T11:48:41","slug":"bauarbeiten-an-der-schoenbuchbahn","status":"publish","type":"post","link":"https:\/\/die-webzeitung.de\/stuttgart\/2019\/08\/22\/bauarbeiten-an-der-schoenbuchbahn\/","title":{"rendered":"Bauarbeiten an der Sch\u00f6nbuchbahn"},"content":{"rendered":"<h5 style=\"text-align: justify;\"><strong>Vollsperrung muss bis 14. Dezember bestehen bleiben<\/strong><\/h5>\n<p style=\"text-align: justify;\">Kreis B\u00f6blingen.| Die Strecke der Sch\u00f6nbuchbahn zwischen Holzgerlingen und Dettenhausen muss leider auch nach den Sommerferien, bis 14. Dezember 2019 voll gesperrt bleiben. Gr\u00fcnde sind der Einbau der Leit- und Sicherungstechnik sowie weitere Arbeiten im Gleisbereich, f\u00fcr die die Strecke oder einzelne Abschnitte immer wieder gesperrt werden m\u00fcssten.<\/p>\n<p style=\"text-align: justify;\">Vereinzelte kurzfristige Streckensperrungen f\u00fcr jeweils wenige Tage oder Wochen und somit ein st\u00e4ndiger Wechsel des Fahrplans w\u00e4ren f\u00fcr die Fahrg\u00e4ste wenig praktikabel. Zudem k\u00f6nnen die Baufirmen so die Restarbeiten ohne Unterbrechungen z\u00fcgig erledigen.<\/p>\n<p style=\"text-align: justify;\">Als Ersatz bietet der Zweckverband Sch\u00f6nbuchbahn (ZVS) ab dem Ende der Sommerferien, 11. September 2019, einen verbesserten Schienenersatzverkehr mit Anpassung der Wochenend-Fahrzeiten und einem optimierten Fahrweg in Weil im Sch\u00f6nbuch an. Dort wird der Bus nicht mehr \u00fcber den Marktplatz und die Haltestelle R\u00f6te fahren, sondern die Haltestellen Hauptstra\u00dfe und Wilhelmstra\u00dfe bedienen. Zus\u00e4tzlich h\u00e4lt der Bus auch an der Turnhalle. So werden die Anschl\u00fcsse an die S-Bahnen in B\u00f6blingen sicherer und die Reiseketten stabiler.<\/p>\n<p style=\"text-align: justify;\">Ebenfalls ab 11. September verkehren in den Hauptverkehrszeiten zwischen B\u00f6blingen und Holzgerlingen zwei Busse pro Fahrt. Nur ein Bus wird von Holzgerlingen nach Dettenhausen weiterfahren. Fahrg\u00e4ste werden gebeten, auf die genaue Zielbeschilderung der Busse am B\u00f6blinger ZOB zu achten.<\/p>\n<p style=\"text-align: justify;\">In den ersten zwei Wochen des Schuljahres stehen Sch\u00fclerlotsen am ZOB und an der Haltestelle Sch\u00f6nbuchstra\u00dfe \/ T\u00fcbinger Stra\u00dfe. Sie sind an der gr\u00fcnen Warnweste zu erkennen.<\/p>\n<p style=\"text-align: justify;\">Der ZVS bittet alle Kunden um Verst\u00e4ndnis f\u00fcr diese erneute \u00c4nderung und die damit verbundenen Beeintr\u00e4chtigungen. Ab 15. Dezember 2019 wird der Schienenverkehr wieder auf der Gesamtstrecke aufgenommen, dann, w\u00e4hrend der Hauptverkehrszeiten und zu den Endzeiten der Schulen, zus\u00e4tzlich im 15 Minuten-Takt zwischen B\u00f6blingen und Holzgerlingen.<\/p>\n<hr \/>\n<p style=\"text-align: justify;\">\n","protected":false},"excerpt":{"rendered":"<p>Vollsperrung muss bis 14. Dezember bestehen bleiben Kreis B\u00f6blingen.| Die Strecke der Sch\u00f6nbuchbahn zwischen Holzgerlingen und Dettenhausen muss leider auch nach den Sommerferien, bis 14. Dezember 2019 voll gesperrt bleiben. Gr\u00fcnde sind der Einbau der Leit- und Sicherungstechnik sowie weitere Arbeiten im Gleisbereich, f\u00fcr die die Strecke oder einzelne Abschnitte immer wieder gesperrt werden m\u00fcssten. [&hellip;]<\/p>\n","protected":false},"author":4,"featured_media":0,"comment_status":"closed","ping_status":"open","sticky":false,"template":"","format":"standard","meta":{"inline_featured_image":false,"_exactmetrics_skip_tracking":false,"_exactmetrics_sitenote_active":false,"_exactmetrics_sitenote_note":"","_exactmetrics_sitenote_category":0,"footnotes":""},"categories":[2246],"tags":[3061,14857,5,68,14992],"class_list":{"0":"post-135761","1":"post","2":"type-post","3":"status-publish","4":"format-standard","6":"category-kreis-boeblingen","7":"tag-boblingen","8":"tag-die-webzeitung","9":"tag-internetzeitung","10":"tag-online-zeitung","11":"tag-schoenbuchbahn"},"image_feature":null,"author_name":"Redaktion","pure_taxonomies":{"categories":[{"term_id":2246,"name":"Kreis B\u00f6blingen","slug":"kreis-boeblingen","term_group":0,"term_taxonomy_id":2259,"taxonomy":"category","description":"","parent":171,"count":197,"filter":"raw","image":""}],"tags":[{"term_id":3061,"name":"B\u00f6blingen","slug":"boblingen","term_group":0,"term_taxonomy_id":3075,"taxonomy":"post_tag","description":"","parent":0,"count":260,"filter":"raw","image":""},{"term_id":14857,"name":"Die-Webzeitung","slug":"die-webzeitung","term_group":0,"term_taxonomy_id":14876,"taxonomy":"post_tag","description":"","parent":0,"count":3621,"filter":"raw","image":""},{"term_id":5,"name":"Internetzeitung","slug":"internetzeitung","term_group":0,"term_taxonomy_id":5,"taxonomy":"post_tag","description":"","parent":0,"count":1461,"filter":"raw","image":""},{"term_id":68,"name":"Online-Zeitung","slug":"online-zeitung","term_group":0,"term_taxonomy_id":69,"taxonomy":"post_tag","description":"","parent":0,"count":3591,"filter":"raw","image":""},{"term_id":14992,"name":"Sch\u00f6nbuchbahn","slug":"schoenbuchbahn","term_group":0,"term_taxonomy_id":15011,"taxonomy":"post_tag","description":"","parent":0,"count":17,"filter":"raw","image":""}]},"_links":{"self":[{"href":"https:\/\/die-webzeitung.de\/stuttgart\/wp-json\/wp\/v2\/posts\/135761","targetHints":{"allow":["GET"]}}],"collection":[{"href":"https:\/\/die-webzeitung.de\/stuttgart\/wp-json\/wp\/v2\/posts"}],"about":[{"href":"https:\/\/die-webzeitung.de\/stuttgart\/wp-json\/wp\/v2\/types\/post"}],"author":[{"embeddable":true,"href":"https:\/\/die-webzeitung.de\/stuttgart\/wp-json\/wp\/v2\/users\/4"}],"replies":[{"embeddable":true,"href":"https:\/\/die-webzeitung.de\/stuttgart\/wp-json\/wp\/v2\/comments?post=135761"}],"version-history":[{"count":1,"href":"https:\/\/die-webzeitung.de\/stuttgart\/wp-json\/wp\/v2\/posts\/135761\/revisions"}],"predecessor-version":[{"id":135762,"href":"https:\/\/die-webzeitung.de\/stuttgart\/wp-json\/wp\/v2\/posts\/135761\/revisions\/135762"}],"wp:attachment":[{"href":"https:\/\/die-webzeitung.de\/stuttgart\/wp-json\/wp\/v2\/media?parent=135761"}],"wp:term":[{"taxonomy":"category","embeddable":true,"href":"https:\/\/die-webzeitung.de\/stuttgart\/wp-json\/wp\/v2\/categories?post=135761"},{"taxonomy":"post_tag","embeddable":true,"href":"https:\/\/die-webzeitung.de\/stuttgart\/wp-json\/wp\/v2\/tags?post=135761"}],"curies":[{"name":"wp","href":"https:\/\/api.w.org\/{rel}","templated":true}]}}