{"id":135681,"date":"2019-08-13T18:24:25","date_gmt":"2019-08-13T17:24:25","guid":{"rendered":"https:\/\/die-webzeitung.de\/stuttgart\/?p=135681"},"modified":"2019-08-13T18:24:25","modified_gmt":"2019-08-13T17:24:25","slug":"vvs-kundenzentrum-am-hauptbahnhof-zieht-um","status":"publish","type":"post","link":"https:\/\/die-webzeitung.de\/stuttgart\/2019\/08\/13\/vvs-kundenzentrum-am-hauptbahnhof-zieht-um\/","title":{"rendered":"VVS-Kundenzentrum am Hauptbahnhof zieht um"},"content":{"rendered":"<ul>\n<li style=\"text-align: justify;\"><strong>VVS- Kundenzentrum direkt neben Gleis 1<\/strong><\/li>\n<li style=\"text-align: justify;\"><strong>DB-Reisezentrum k\u00fcnftig in BW-Bank<\/strong><\/li>\n<\/ul>\n<p style=\"text-align: justify;\">Stuttgart.| Das VVS-Kundenzentrum und das DB-Reisezentrum am Stuttgarter\u00a0 Hauptbahnhof ziehen um. Ab 15. August 2019 finden Fahrg\u00e4ste das VVS-Kundenzentrum in einem provisorischen Servicegeb\u00e4ude direkt neben Gleis 1. Das DB-Reisezentrum hat k\u00fcnftig in der Empfangshalle der BW-Bank direkt neben dem Hauptbahnhof seinen Platz. Dort sind neuerdings auch die beiden Kundencentren der beiden neuen Verkehrsunternehmen \u201eAbellio\u201c und \u201eGo-Ahead\u201c ans\u00e4ssig, wo Fahrg\u00e4ste sowohl VVS-Tickets als auch pers\u00f6nliche Beratung bekommen.<\/p>\n<p style=\"text-align: justify;\">Der Umzug h\u00e4ngt mit dem Umbau des historischen Bonatzbaus zusammen.<\/p>\n<hr \/>\n<p style=\"text-align: justify;\">\n","protected":false},"excerpt":{"rendered":"<p>VVS- Kundenzentrum direkt neben Gleis 1 DB-Reisezentrum k\u00fcnftig in BW-Bank Stuttgart.| Das VVS-Kundenzentrum und das DB-Reisezentrum am Stuttgarter\u00a0 Hauptbahnhof ziehen um. Ab 15. August 2019 finden Fahrg\u00e4ste das VVS-Kundenzentrum in einem provisorischen Servicegeb\u00e4ude direkt neben Gleis 1. Das DB-Reisezentrum hat k\u00fcnftig in der Empfangshalle der BW-Bank direkt neben dem Hauptbahnhof seinen Platz. Dort sind neuerdings [&hellip;]<\/p>\n","protected":false},"author":4,"featured_media":0,"comment_status":"closed","ping_status":"open","sticky":false,"template":"","format":"standard","meta":{"inline_featured_image":false,"_exactmetrics_skip_tracking":false,"_exactmetrics_sitenote_active":false,"_exactmetrics_sitenote_note":"","_exactmetrics_sitenote_category":0,"footnotes":""},"categories":[2239],"tags":[15995,14857,5,68,9,275,10720,317],"class_list":{"0":"post-135681","1":"post","2":"type-post","3":"status-publish","4":"format-standard","6":"category-stuttgart-lokal","7":"tag-bonatzbau","8":"tag-die-webzeitung","9":"tag-internetzeitung","10":"tag-online-zeitung","11":"tag-schaumedia","12":"tag-stuttgart","13":"tag-umbau","14":"tag-vvs"},"image_feature":null,"author_name":"Redaktion","pure_taxonomies":{"categories":[{"term_id":2239,"name":"Stuttgart","slug":"stuttgart-lokal","term_group":0,"term_taxonomy_id":2252,"taxonomy":"category","description":"Berichte und Informationen aus Stuttgart","parent":1433,"count":941,"filter":"raw","image":""}],"tags":[{"term_id":15995,"name":"Bonatzbau","slug":"bonatzbau","term_group":0,"term_taxonomy_id":16014,"taxonomy":"post_tag","description":"","parent":0,"count":8,"filter":"raw","image":""},{"term_id":14857,"name":"Die-Webzeitung","slug":"die-webzeitung","term_group":0,"term_taxonomy_id":14876,"taxonomy":"post_tag","description":"","parent":0,"count":3621,"filter":"raw","image":""},{"term_id":5,"name":"Internetzeitung","slug":"internetzeitung","term_group":0,"term_taxonomy_id":5,"taxonomy":"post_tag","description":"","parent":0,"count":1461,"filter":"raw","image":""},{"term_id":68,"name":"Online-Zeitung","slug":"online-zeitung","term_group":0,"term_taxonomy_id":69,"taxonomy":"post_tag","description":"","parent":0,"count":3591,"filter":"raw","image":""},{"term_id":9,"name":"SchauMedia","slug":"schaumedia","term_group":0,"term_taxonomy_id":9,"taxonomy":"post_tag","description":"","parent":0,"count":1607,"filter":"raw","image":""},{"term_id":275,"name":"Stuttgart","slug":"stuttgart","term_group":0,"term_taxonomy_id":281,"taxonomy":"post_tag","description":"","parent":0,"count":1194,"filter":"raw","image":""},{"term_id":10720,"name":"Umbau","slug":"umbau","term_group":0,"term_taxonomy_id":10756,"taxonomy":"post_tag","description":"","parent":0,"count":3,"filter":"raw","image":""},{"term_id":317,"name":"VVS","slug":"vvs","term_group":0,"term_taxonomy_id":323,"taxonomy":"post_tag","description":"","parent":0,"count":25,"filter":"raw","image":""}]},"_links":{"self":[{"href":"https:\/\/die-webzeitung.de\/stuttgart\/wp-json\/wp\/v2\/posts\/135681","targetHints":{"allow":["GET"]}}],"collection":[{"href":"https:\/\/die-webzeitung.de\/stuttgart\/wp-json\/wp\/v2\/posts"}],"about":[{"href":"https:\/\/die-webzeitung.de\/stuttgart\/wp-json\/wp\/v2\/types\/post"}],"author":[{"embeddable":true,"href":"https:\/\/die-webzeitung.de\/stuttgart\/wp-json\/wp\/v2\/users\/4"}],"replies":[{"embeddable":true,"href":"https:\/\/die-webzeitung.de\/stuttgart\/wp-json\/wp\/v2\/comments?post=135681"}],"version-history":[{"count":1,"href":"https:\/\/die-webzeitung.de\/stuttgart\/wp-json\/wp\/v2\/posts\/135681\/revisions"}],"predecessor-version":[{"id":135682,"href":"https:\/\/die-webzeitung.de\/stuttgart\/wp-json\/wp\/v2\/posts\/135681\/revisions\/135682"}],"wp:attachment":[{"href":"https:\/\/die-webzeitung.de\/stuttgart\/wp-json\/wp\/v2\/media?parent=135681"}],"wp:term":[{"taxonomy":"category","embeddable":true,"href":"https:\/\/die-webzeitung.de\/stuttgart\/wp-json\/wp\/v2\/categories?post=135681"},{"taxonomy":"post_tag","embeddable":true,"href":"https:\/\/die-webzeitung.de\/stuttgart\/wp-json\/wp\/v2\/tags?post=135681"}],"curies":[{"name":"wp","href":"https:\/\/api.w.org\/{rel}","templated":true}]}}