{"id":135625,"date":"2019-07-16T13:24:00","date_gmt":"2019-07-16T12:24:00","guid":{"rendered":"https:\/\/die-webzeitung.de\/stuttgart\/?p=135625"},"modified":"2019-07-16T13:24:00","modified_gmt":"2019-07-16T12:24:00","slug":"ob-kuhn-weist-vorwuerfe-aus-dem-akteneinsichtsausschuss-zurueck","status":"publish","type":"post","link":"https:\/\/die-webzeitung.de\/stuttgart\/2019\/07\/16\/ob-kuhn-weist-vorwuerfe-aus-dem-akteneinsichtsausschuss-zurueck\/","title":{"rendered":"OB Kuhn weist Vorw\u00fcrfe aus dem Akteneinsichtsausschuss zur\u00fcck"},"content":{"rendered":"<p style=\"text-align: justify;\">Stuttgart.| Oberb\u00fcrgermeister Fritz Kuhn hat die Vorw\u00fcrfe im Zusammenhang mit dem Vorl\u00e4ufigen Schlussbericht des Akteneinsichtsausschusses zu den Vorg\u00e4ngen der International Unit am Klinikum Stuttgart (AIU) zur\u00fcckgewiesen.<\/p>\n<p style=\"text-align: justify;\">Kuhn erkl\u00e4rte am Dienstag, 16. Juli, auf einen Medienbericht zum Vorl\u00e4ufigen Schlussbericht: \u201eIch habe den Gemeinderat stets entsprechend meinem jeweiligen Kenntnisstand informiert.\u201c Unterstellungen ihm gegen\u00fcber seien nicht belegt und basierten auf blo\u00dfen Vermutungen. Beispielhaft verwies Kuhn auf ein im Vorl\u00e4ufigen Schlussbericht erw\u00e4hntes Arbeitsessen aus dem ersten Quartal 2013, also kurz nach seinem Amtsantritt, das er mit dem Leiter der damaligen International Unit abgehalten habe. \u201eDeswegen zu vermuten, ich sei \u201adem Grunde nach\u2018 \u00fcber die Projekte Libyen und Kuwait informiert, ist abenteuerlich und eine Unterstellung.\u201c<\/p>\n<p style=\"text-align: justify;\">Kuhn \u00e4u\u00dferte schlie\u00dflich sein Befremden dar\u00fcber, dass der Vorl\u00e4ufige Schlussbericht der Ausschuss-Mehrheit des vertraulich arbeitenden AIU am selben Tag an ihn als Oberb\u00fcrgermeister und \u2013 zumindest in Teilen \u2013 auch an Medienvertreter gegangen ist.<\/p>\n<hr \/>\n<p style=\"text-align: justify;\">\n","protected":false},"excerpt":{"rendered":"<p>Stuttgart.| Oberb\u00fcrgermeister Fritz Kuhn hat die Vorw\u00fcrfe im Zusammenhang mit dem Vorl\u00e4ufigen Schlussbericht des Akteneinsichtsausschusses zu den Vorg\u00e4ngen der International Unit am Klinikum Stuttgart (AIU) zur\u00fcckgewiesen. Kuhn erkl\u00e4rte am Dienstag, 16. Juli, auf einen Medienbericht zum Vorl\u00e4ufigen Schlussbericht: \u201eIch habe den Gemeinderat stets entsprechend meinem jeweiligen Kenntnisstand informiert.\u201c Unterstellungen ihm gegen\u00fcber seien nicht belegt und [&hellip;]<\/p>\n","protected":false},"author":4,"featured_media":0,"comment_status":"closed","ping_status":"open","sticky":false,"template":"","format":"standard","meta":{"inline_featured_image":false,"_exactmetrics_skip_tracking":false,"_exactmetrics_sitenote_active":false,"_exactmetrics_sitenote_note":"","_exactmetrics_sitenote_category":0,"footnotes":""},"categories":[2239],"tags":[16356,14857,5,201,9766,68,9,275],"class_list":{"0":"post-135625","1":"post","2":"type-post","3":"status-publish","4":"format-standard","6":"category-stuttgart-lokal","7":"tag-akteneinsicht","8":"tag-die-webzeitung","9":"tag-internetzeitung","10":"tag-klinikum","11":"tag-kuhn","12":"tag-online-zeitung","13":"tag-schaumedia","14":"tag-stuttgart"},"image_feature":null,"author_name":"Redaktion","pure_taxonomies":{"categories":[{"term_id":2239,"name":"Stuttgart","slug":"stuttgart-lokal","term_group":0,"term_taxonomy_id":2252,"taxonomy":"category","description":"Berichte und Informationen aus Stuttgart","parent":1433,"count":941,"filter":"raw","image":""}],"tags":[{"term_id":16356,"name":"Akteneinsicht","slug":"akteneinsicht","term_group":0,"term_taxonomy_id":16375,"taxonomy":"post_tag","description":"","parent":0,"count":1,"filter":"raw","image":""},{"term_id":14857,"name":"Die-Webzeitung","slug":"die-webzeitung","term_group":0,"term_taxonomy_id":14876,"taxonomy":"post_tag","description":"","parent":0,"count":3621,"filter":"raw","image":""},{"term_id":5,"name":"Internetzeitung","slug":"internetzeitung","term_group":0,"term_taxonomy_id":5,"taxonomy":"post_tag","description":"","parent":0,"count":1461,"filter":"raw","image":""},{"term_id":201,"name":"Klinikum","slug":"klinikum","term_group":0,"term_taxonomy_id":204,"taxonomy":"post_tag","description":"","parent":0,"count":4,"filter":"raw","image":""},{"term_id":9766,"name":"Kuhn","slug":"kuhn","term_group":0,"term_taxonomy_id":9797,"taxonomy":"post_tag","description":"","parent":0,"count":5,"filter":"raw","image":""},{"term_id":68,"name":"Online-Zeitung","slug":"online-zeitung","term_group":0,"term_taxonomy_id":69,"taxonomy":"post_tag","description":"","parent":0,"count":3591,"filter":"raw","image":""},{"term_id":9,"name":"SchauMedia","slug":"schaumedia","term_group":0,"term_taxonomy_id":9,"taxonomy":"post_tag","description":"","parent":0,"count":1607,"filter":"raw","image":""},{"term_id":275,"name":"Stuttgart","slug":"stuttgart","term_group":0,"term_taxonomy_id":281,"taxonomy":"post_tag","description":"","parent":0,"count":1194,"filter":"raw","image":""}]},"_links":{"self":[{"href":"https:\/\/die-webzeitung.de\/stuttgart\/wp-json\/wp\/v2\/posts\/135625","targetHints":{"allow":["GET"]}}],"collection":[{"href":"https:\/\/die-webzeitung.de\/stuttgart\/wp-json\/wp\/v2\/posts"}],"about":[{"href":"https:\/\/die-webzeitung.de\/stuttgart\/wp-json\/wp\/v2\/types\/post"}],"author":[{"embeddable":true,"href":"https:\/\/die-webzeitung.de\/stuttgart\/wp-json\/wp\/v2\/users\/4"}],"replies":[{"embeddable":true,"href":"https:\/\/die-webzeitung.de\/stuttgart\/wp-json\/wp\/v2\/comments?post=135625"}],"version-history":[{"count":1,"href":"https:\/\/die-webzeitung.de\/stuttgart\/wp-json\/wp\/v2\/posts\/135625\/revisions"}],"predecessor-version":[{"id":135626,"href":"https:\/\/die-webzeitung.de\/stuttgart\/wp-json\/wp\/v2\/posts\/135625\/revisions\/135626"}],"wp:attachment":[{"href":"https:\/\/die-webzeitung.de\/stuttgart\/wp-json\/wp\/v2\/media?parent=135625"}],"wp:term":[{"taxonomy":"category","embeddable":true,"href":"https:\/\/die-webzeitung.de\/stuttgart\/wp-json\/wp\/v2\/categories?post=135625"},{"taxonomy":"post_tag","embeddable":true,"href":"https:\/\/die-webzeitung.de\/stuttgart\/wp-json\/wp\/v2\/tags?post=135625"}],"curies":[{"name":"wp","href":"https:\/\/api.w.org\/{rel}","templated":true}]}}