{"id":135605,"date":"2019-07-15T13:12:38","date_gmt":"2019-07-15T12:12:38","guid":{"rendered":"https:\/\/die-webzeitung.de\/stuttgart\/?p=135605"},"modified":"2019-07-15T13:12:57","modified_gmt":"2019-07-15T12:12:57","slug":"263-000-euro-fuer-welcome-service-region-und-welcome-center","status":"publish","type":"post","link":"https:\/\/die-webzeitung.de\/stuttgart\/2019\/07\/15\/263-000-euro-fuer-welcome-service-region-und-welcome-center\/","title":{"rendered":"263.000 Euro f\u00fcr Welcome Service und Welcome Center"},"content":{"rendered":"<p style=\"text-align: justify;\">Stuttgart.| Das Ministerium f\u00fcr Wirtschaft, Arbeit und Wohnungsbau Baden-W\u00fcrttemberg unterst\u00fctzt auch in Zukunft die erfolgreiche Arbeit des Welcome Service Region Stuttgart mit dem Welcome Center Stuttgart.<\/p>\n<p style=\"text-align: justify;\">Das Ministerium f\u00fcr Wirtschaft, Arbeit und Wohnungsbau Baden-W\u00fcrttemberg f\u00f6rdert den Welcome Service Region Stuttgart mit dem Welcome Center Stuttgart bis Ende 2020 mit einer F\u00f6rdersumme von 262.951 Euro.<\/p>\n<p style=\"text-align: justify;\">Insgesamt werden die 10 Welcome Center Baden-W\u00fcrttemberg im Rahmen des F\u00f6rderprogramms des Landes Baden-W\u00fcrttemberg \u201eWelcome Center f\u00fcr internationale Fachkr\u00e4fte \u201c mit einer Gesamtf\u00f6rdersumme von 2,1 Millionen Euro unterst\u00fctzt. Au\u00dferdem wird erstmals eine Stelle zur Koordinierung des Landesnetzwerks der baden-w\u00fcrttembergischen Welcome Center, die beim Welcome Center Region Stuttgart angesiedelt ist, mit bis zu 15.000 Euro gef\u00f6rdert.<\/p>\n<p style=\"text-align: justify;\">Die Aufgabe der Welcome Center ist es, kleinen und mittleren Unternehmen M\u00f6glichkeiten aufzuzeigen, wie sie Fachkr\u00e4fte aus dem Ausland rekrutieren und nachhaltig in den Betrieb integrieren k\u00f6nnen. Ebenso sollen sie internationale Fachkr\u00e4fte sowie ausl\u00e4ndische Studierende zu allen Fragen rund um Ankommen, Leben und Arbeiten in Stuttgart und in der Region beraten.<\/p>\n<p style=\"text-align: justify;\">Dr. Walter Rogg, Gesch\u00e4ftsf\u00fchrer der Wirtschaftsf\u00f6rderung Region Stuttgart GmbH (WRS), betont: \u201eDas Thema Fachkr\u00e4ftesicherung bleibt in Zukunft f\u00fcr die Region Stuttgart existenziell: Im Rahmen des F\u00f6rderhorizontes bis Ende 2020 werden wir die Arbeit des Welcome Service Region Stuttgart mit unseren bew\u00e4hrten Beratungs- und Veranstaltungsformaten im Welcome Center Stuttgart und der Region fortsetzen. Zugleich m\u00f6chten wir f\u00fcr KMUs und einzelne Branchen neue Schwerpunkte setzen und die Perspektiven aufzeigen, die das neue Fachkr\u00e4fteeinwanderungsgesetz mit sich bringt. Unser Ziel ist es weiterhin, dass internationale Fachkr\u00e4fte gut in der Region ankommen und langfristig hier arbeiten und bleiben wollen. Wir danken dem Wirtschaftsministerium f\u00fcr die erfolgreiche Zusammenarbeit.\u201c<\/p>\n<p style=\"text-align: justify;\">Im vergangen Jahr konnte der Welcome Service rund 50 Unternehmen bei Fragen zur Rekrutierung, zur Integration oder zu (aufenthalts-)rechtlichen Fragen unterst\u00fctzen und \u00fcber 200 Unternehmen \u00fcber Veranstaltungen wie der Jobmesse f\u00fcr internationale Fachkr\u00e4fte, Auszubildende und Unternehmen erreichen und sie mit internationalen Fachkr\u00e4ften zusammenbringen.<br \/>\nSeit Er\u00f6ffnung des Welcome Center Stuttgart im Oktober 2014, das die WRS gemeinsam mit der Landeshauptstadt Stuttgart (LHS) betreibt, wurden rund 6.600 qualifizierte internationale Fachkr\u00e4fte aus \u00fcber 150 L\u00e4ndern beraten: Die Themen Sprache, Aufenthalt und Arbeitssuche wurden dabei am h\u00e4ufigsten nachgefragt. Das zw\u00f6lfk\u00f6pfige Beratungsteam setzt sich aus Mitarbeitern der WRS, der LHS und der Migrationsberatungsdienste zusammen und spricht elf Sprachen. Je nach Anliegen verweist es die Ratsuchenden an spezielle Beratungsstellen und Einrichtungen wie die Ausl\u00e4nderbeh\u00f6rde, die Anerkennungsstellen oder an die Kammern.<\/p>\n<p style=\"text-align: justify;\">Egal ob es sich um die Beratung einer Fachkraft, eines Unternehmens oder ob es sich um eine Veranstaltung handelt: Der Austausch und die enge Kooperation mit anderen Arbeitsmarktakteuren ist von zentraler Bedeutung f\u00fcr die gelingende Fachkr\u00e4fteintegration. Hierzu geh\u00f6ren u.a. die Partner der Fachkr\u00e4fteallianz Region Stuttgart wie z.B. die Agentur f\u00fcr Arbeit Stuttgart, das Netzwerk zur Arbeitsmarktintegration spanischer Zuwanderer, ACLI Baden-W\u00fcrttemberg, BeFF \u2013 Berufliche F\u00f6rderung von Frauen e.V.\/Kontaktstelle Frau und Beruf Stuttgart oder die Hochschulen und viele andere.<\/p>\n<p style=\"text-align: justify;\">Staatssekret\u00e4rin Katrin Sch\u00fctz, Ministerium f\u00fcr Wirtschaft, Arbeit und Wohnungsbau Baden-W\u00fcrttemberg, sagte bei der \u00dcbergabe der Zuwendungsbescheide an die Tr\u00e4gerorganisationen am 8. Juli in Stuttgart: \u201eUnsere Welcome Center sind ein zentraler und erfolgreicher Baustein der Strategie des Landes zur Fachkr\u00e4ftesicherung. Mit unserem bundesweit einzigartigen Netz von Welcome Centern unterst\u00fctzen wir vor allem kleine und mittlere Unternehmen dabei, Fachkr\u00e4fte aus dem Ausland zu gewinnen und erfolgreich in den Arbeitsmarkt zu integrieren.\u201c Vor dem Hintergrund des neuen Fachkr\u00e4fteeinwanderungsgesetzes bedeutet dies f\u00fcr sie konkret: \u201eVor Ort m\u00fcssen nun die Unternehmen und die Verantwortlichen in Politik und Verwaltung die Bedingungen schaffen, dass ausl\u00e4ndische Fachkr\u00e4fte ihren Weg nach Baden-W\u00fcrttemberg finden und langfristig hier einen Platz in der Arbeitswelt und der Gesellschaft finden. Und genau dabei beraten unsere Welcome Center internationale Fachkr\u00e4fte und kleine und mittlere Unternehmen, damit die Integration in den Arbeitsmarkt gelingt.\u201c<\/p>\n<hr \/>\n<p style=\"text-align: justify;\">\n","protected":false},"excerpt":{"rendered":"<p>Stuttgart.| Das Ministerium f\u00fcr Wirtschaft, Arbeit und Wohnungsbau Baden-W\u00fcrttemberg unterst\u00fctzt auch in Zukunft die erfolgreiche Arbeit des Welcome Service Region Stuttgart mit dem Welcome Center Stuttgart. Das Ministerium f\u00fcr Wirtschaft, Arbeit und Wohnungsbau Baden-W\u00fcrttemberg f\u00f6rdert den Welcome Service Region Stuttgart mit dem Welcome Center Stuttgart bis Ende 2020 mit einer F\u00f6rdersumme von 262.951 Euro. Insgesamt [&hellip;]<\/p>\n","protected":false},"author":4,"featured_media":0,"comment_status":"closed","ping_status":"open","sticky":false,"template":"","format":"standard","meta":{"inline_featured_image":false,"_exactmetrics_skip_tracking":false,"_exactmetrics_sitenote_active":false,"_exactmetrics_sitenote_note":"","_exactmetrics_sitenote_category":0,"footnotes":""},"categories":[2239],"tags":[14857,5,68,9,10882,275,14902],"class_list":{"0":"post-135605","1":"post","2":"type-post","3":"status-publish","4":"format-standard","6":"category-stuttgart-lokal","7":"tag-die-webzeitung","8":"tag-internetzeitung","9":"tag-online-zeitung","10":"tag-schaumedia","11":"tag-service","12":"tag-stuttgart","13":"tag-welcome"},"image_feature":null,"author_name":"Redaktion","pure_taxonomies":{"categories":[{"term_id":2239,"name":"Stuttgart","slug":"stuttgart-lokal","term_group":0,"term_taxonomy_id":2252,"taxonomy":"category","description":"Berichte und Informationen aus Stuttgart","parent":1433,"count":941,"filter":"raw","image":""}],"tags":[{"term_id":14857,"name":"Die-Webzeitung","slug":"die-webzeitung","term_group":0,"term_taxonomy_id":14876,"taxonomy":"post_tag","description":"","parent":0,"count":3621,"filter":"raw","image":""},{"term_id":5,"name":"Internetzeitung","slug":"internetzeitung","term_group":0,"term_taxonomy_id":5,"taxonomy":"post_tag","description":"","parent":0,"count":1461,"filter":"raw","image":""},{"term_id":68,"name":"Online-Zeitung","slug":"online-zeitung","term_group":0,"term_taxonomy_id":69,"taxonomy":"post_tag","description":"","parent":0,"count":3591,"filter":"raw","image":""},{"term_id":9,"name":"SchauMedia","slug":"schaumedia","term_group":0,"term_taxonomy_id":9,"taxonomy":"post_tag","description":"","parent":0,"count":1607,"filter":"raw","image":""},{"term_id":10882,"name":"Service","slug":"service","term_group":0,"term_taxonomy_id":10919,"taxonomy":"post_tag","description":"","parent":0,"count":1,"filter":"raw","image":""},{"term_id":275,"name":"Stuttgart","slug":"stuttgart","term_group":0,"term_taxonomy_id":281,"taxonomy":"post_tag","description":"","parent":0,"count":1194,"filter":"raw","image":""},{"term_id":14902,"name":"Welcome","slug":"welcome","term_group":0,"term_taxonomy_id":14921,"taxonomy":"post_tag","description":"","parent":0,"count":1,"filter":"raw","image":""}]},"_links":{"self":[{"href":"https:\/\/die-webzeitung.de\/stuttgart\/wp-json\/wp\/v2\/posts\/135605","targetHints":{"allow":["GET"]}}],"collection":[{"href":"https:\/\/die-webzeitung.de\/stuttgart\/wp-json\/wp\/v2\/posts"}],"about":[{"href":"https:\/\/die-webzeitung.de\/stuttgart\/wp-json\/wp\/v2\/types\/post"}],"author":[{"embeddable":true,"href":"https:\/\/die-webzeitung.de\/stuttgart\/wp-json\/wp\/v2\/users\/4"}],"replies":[{"embeddable":true,"href":"https:\/\/die-webzeitung.de\/stuttgart\/wp-json\/wp\/v2\/comments?post=135605"}],"version-history":[{"count":2,"href":"https:\/\/die-webzeitung.de\/stuttgart\/wp-json\/wp\/v2\/posts\/135605\/revisions"}],"predecessor-version":[{"id":135607,"href":"https:\/\/die-webzeitung.de\/stuttgart\/wp-json\/wp\/v2\/posts\/135605\/revisions\/135607"}],"wp:attachment":[{"href":"https:\/\/die-webzeitung.de\/stuttgart\/wp-json\/wp\/v2\/media?parent=135605"}],"wp:term":[{"taxonomy":"category","embeddable":true,"href":"https:\/\/die-webzeitung.de\/stuttgart\/wp-json\/wp\/v2\/categories?post=135605"},{"taxonomy":"post_tag","embeddable":true,"href":"https:\/\/die-webzeitung.de\/stuttgart\/wp-json\/wp\/v2\/tags?post=135605"}],"curies":[{"name":"wp","href":"https:\/\/api.w.org\/{rel}","templated":true}]}}