{"id":135572,"date":"2019-07-12T14:50:28","date_gmt":"2019-07-12T13:50:28","guid":{"rendered":"https:\/\/die-webzeitung.de\/stuttgart\/?p=135572"},"modified":"2019-07-12T14:50:28","modified_gmt":"2019-07-12T13:50:28","slug":"veranstaltungen-im-wohncafe-ostheim","status":"publish","type":"post","link":"https:\/\/die-webzeitung.de\/stuttgart\/2019\/07\/12\/veranstaltungen-im-wohncafe-ostheim\/","title":{"rendered":"Veranstaltungen  im WohnCaf\u00e9 Ostheim"},"content":{"rendered":"<p style=\"text-align: justify;\"><strong>Lange Ost Nacht am 20.07.2019 ab 18.00 Uhr<br \/>\n<\/strong>Besuchen Sie unseren Stand bei der langen Ost Nacht. Wir sind mit Arbeiten aus unserer Kreativwerkstatt mit dabei. Sie finden uns in der Jakob-Holzinger-Gasse am Ostendplatz. Schauen Sie mal bei uns vorbei.<\/p>\n<p style=\"text-align: justify;\"><strong>Ausflug am 27.07.2019 zur Remstal Gartenschau nach Schw\u00e4bisch Gm\u00fcnd.<br \/>\n<\/strong>Nach Schorndorf besuchen wir jetzt gemeinsam die Gartenschau in Schw\u00e4bisch Gm\u00fcnd. Falls Sie Lust haben mit einer netten Gruppe mitzufahren melden Sie sich an unter 0711\/72232553. Hier erhalten Sie weitere Informationen.<br \/>\nWir treffen uns um 13.00 Uhr vor dem WohnCaf\u00e9 Ostheim in der Rotenbergstr. 110.<\/p>\n<p style=\"text-align: justify;\"><strong>Herzlich Willkommen in unserem WohnCafe\u00b4Ostheim.<br \/>\n<\/strong>Wir sind immer dienstags und donnerstags von 15.00-17.30 Uhr f\u00fcr Sie da. F\u00fcr alle, die Spa\u00df an der Begegnung aller Generationen haben.<\/p>\n<p style=\"text-align: justify;\">Das WohnCaf\u00e9 ist eine gemeinsame Initiative des Bau- und Wohnungsvereins Stuttgart, St. Josef und Anna Haag Mobil \u2013 Pflege und Service rund um die Familie. Als offener Quartierstreff f\u00fcr Jung und Alt tr\u00e4gt es durch Caf\u00e9-Nachmittage, Mittagstisch und kleinere Veranstaltungen zur Belebung des Wohngebiets bei.<\/p>\n<hr \/>\n<p style=\"text-align: justify;\">\n","protected":false},"excerpt":{"rendered":"<p>Lange Ost Nacht am 20.07.2019 ab 18.00 Uhr Besuchen Sie unseren Stand bei der langen Ost Nacht. Wir sind mit Arbeiten aus unserer Kreativwerkstatt mit dabei. Sie finden uns in der Jakob-Holzinger-Gasse am Ostendplatz. Schauen Sie mal bei uns vorbei. Ausflug am 27.07.2019 zur Remstal Gartenschau nach Schw\u00e4bisch Gm\u00fcnd. Nach Schorndorf besuchen wir jetzt gemeinsam [&hellip;]<\/p>\n","protected":false},"author":4,"featured_media":0,"comment_status":"closed","ping_status":"open","sticky":false,"template":"","format":"standard","meta":{"inline_featured_image":false,"_exactmetrics_skip_tracking":false,"_exactmetrics_sitenote_active":false,"_exactmetrics_sitenote_note":"","_exactmetrics_sitenote_category":0,"footnotes":""},"categories":[2239],"tags":[14857,5,68,9523,9],"class_list":{"0":"post-135572","1":"post","2":"type-post","3":"status-publish","4":"format-standard","6":"category-stuttgart-lokal","7":"tag-die-webzeitung","8":"tag-internetzeitung","9":"tag-online-zeitung","10":"tag-ostheim","11":"tag-schaumedia"},"image_feature":null,"author_name":"Redaktion","pure_taxonomies":{"categories":[{"term_id":2239,"name":"Stuttgart","slug":"stuttgart-lokal","term_group":0,"term_taxonomy_id":2252,"taxonomy":"category","description":"Berichte und Informationen aus Stuttgart","parent":1433,"count":941,"filter":"raw","image":""}],"tags":[{"term_id":14857,"name":"Die-Webzeitung","slug":"die-webzeitung","term_group":0,"term_taxonomy_id":14876,"taxonomy":"post_tag","description":"","parent":0,"count":3621,"filter":"raw","image":""},{"term_id":5,"name":"Internetzeitung","slug":"internetzeitung","term_group":0,"term_taxonomy_id":5,"taxonomy":"post_tag","description":"","parent":0,"count":1461,"filter":"raw","image":""},{"term_id":68,"name":"Online-Zeitung","slug":"online-zeitung","term_group":0,"term_taxonomy_id":69,"taxonomy":"post_tag","description":"","parent":0,"count":3591,"filter":"raw","image":""},{"term_id":9523,"name":"Ostheim","slug":"ostheim","term_group":0,"term_taxonomy_id":9553,"taxonomy":"post_tag","description":"","parent":0,"count":1,"filter":"raw","image":""},{"term_id":9,"name":"SchauMedia","slug":"schaumedia","term_group":0,"term_taxonomy_id":9,"taxonomy":"post_tag","description":"","parent":0,"count":1607,"filter":"raw","image":""}]},"_links":{"self":[{"href":"https:\/\/die-webzeitung.de\/stuttgart\/wp-json\/wp\/v2\/posts\/135572","targetHints":{"allow":["GET"]}}],"collection":[{"href":"https:\/\/die-webzeitung.de\/stuttgart\/wp-json\/wp\/v2\/posts"}],"about":[{"href":"https:\/\/die-webzeitung.de\/stuttgart\/wp-json\/wp\/v2\/types\/post"}],"author":[{"embeddable":true,"href":"https:\/\/die-webzeitung.de\/stuttgart\/wp-json\/wp\/v2\/users\/4"}],"replies":[{"embeddable":true,"href":"https:\/\/die-webzeitung.de\/stuttgart\/wp-json\/wp\/v2\/comments?post=135572"}],"version-history":[{"count":1,"href":"https:\/\/die-webzeitung.de\/stuttgart\/wp-json\/wp\/v2\/posts\/135572\/revisions"}],"predecessor-version":[{"id":135573,"href":"https:\/\/die-webzeitung.de\/stuttgart\/wp-json\/wp\/v2\/posts\/135572\/revisions\/135573"}],"wp:attachment":[{"href":"https:\/\/die-webzeitung.de\/stuttgart\/wp-json\/wp\/v2\/media?parent=135572"}],"wp:term":[{"taxonomy":"category","embeddable":true,"href":"https:\/\/die-webzeitung.de\/stuttgart\/wp-json\/wp\/v2\/categories?post=135572"},{"taxonomy":"post_tag","embeddable":true,"href":"https:\/\/die-webzeitung.de\/stuttgart\/wp-json\/wp\/v2\/tags?post=135572"}],"curies":[{"name":"wp","href":"https:\/\/api.w.org\/{rel}","templated":true}]}}