{"id":135563,"date":"2019-07-12T13:40:06","date_gmt":"2019-07-12T12:40:06","guid":{"rendered":"https:\/\/die-webzeitung.de\/stuttgart\/?p=135563"},"modified":"2019-07-12T13:41:36","modified_gmt":"2019-07-12T12:41:36","slug":"rekordueberschuss-im-ergebnishaushalt-der-stadt","status":"publish","type":"post","link":"https:\/\/die-webzeitung.de\/stuttgart\/2019\/07\/12\/rekordueberschuss-im-ergebnishaushalt-der-stadt\/","title":{"rendered":"Rekord\u00fcberschuss im Ergebnishaushalt der Stadt"},"content":{"rendered":"<h5 style=\"text-align: justify;\"><strong>Weiterhin abgesenkte Grundsteuer dadurch m\u00f6glich<\/strong><\/h5>\n<p style=\"text-align: justify;\"><strong>Haus &amp; Grund fordert Investitionen in private E-Ladestationen und massive Aufstockung der Mittel f\u00fcr energetische Geb\u00e4udesanierungen<\/strong><\/p>\n<p style=\"text-align: justify;\">Stuttgart.| Der Ergebnishaushalt der Stadt eilt von Rekord zu Rekord. Nach 382 Millionen Euro Einnahme\u00fcberschuss im Vorjahr sind es in 2018 sogar \u00fcber eine halbe Milliarde Euro, 525.7 Mio. genau. \u201eMehr als folgerichtig ist es deshalb, dass die Verwaltung dem Gemeinderat empfiehlt, f\u00fcr das Haushaltsjahr 2020 wieder die \u201eintelligente Grundsteuer\u201c zur Anwendung zu bringen und so die Hebesatzpunkte f\u00fcr die Grundsteuern bei 420 Punkten einzufrieren &#8211; wie es Haus &amp; Grund lange vor der Absenkung auf diesen Wert im Vorjahr gefordert hatte\u201c, betont Dr. Klaus Lang, der Vorsitzende des Haus- und Grundbesitzervereins, und begr\u00fc\u00dft, \u201edass so Eigent\u00fcmer, Mieter und Gewerbe um rund 30 Millionen Euro entlastet werden\u201c.<\/p>\n<p style=\"text-align: justify;\">H\u00f6chst irritierend ist allerdings, dass weder Oberb\u00fcrgermeister Fritz Kuhn noch Finanzb\u00fcrgermeister Thomas Fuhrmann bei der Vorstellung der Zahlen auf das so dr\u00e4ngende Thema Wohnen und den Mangel an bezahlbarem Wohnraum zu sprechen kommen. \u201eStattdessen malt der K\u00e4mmerer die Schatten einer Konjunkturflaute samt abnehmender Einnahmen an die Wand \u2013 und das Stadtoberhaupt wirft alles auf die Karte Klimaschutz und will, dass aus dem Jahres\u00fcberschuss 200 Millionen Euro in einen Klimaschutzfond flie\u00dfen\u201c, kritisiert Gesch\u00e4ftsf\u00fchrer Ulrich Wecker. Der Vereinsvorsitzende fordert den Gemeinderat dazu auf, \u201eeinen Teil der f\u00fcr den Klimaschutzfond gedachten Mittel f\u00fcr die Schaffung von preiswertem Wohnraum in der Stadt zu verwenden\u201c. Schlie\u00dflich gelte es, \u201eneben \u00d6kologie und Klima auch auf soziale Ausgewogenheit zu achten\u201c, so Dr. Lang.<\/p>\n<p style=\"text-align: justify;\">Wenn OB Kuhn jetzt ein st\u00e4dtisches Aktionsprogramm f\u00fcr Klimaschutz vorschl\u00e4gt, dann m\u00fcssten dabei \u201eImmobilieneigent\u00fcmer, die wesentliche Akteure der Energiewende sind, deutlich ber\u00fccksichtigt werden. Das Ziel muss sein, die Rate f\u00fcr energetische Sanierungen von Bestandsbauten signifikant zu erh\u00f6hen\u201c, betont Wecker und macht klar: \u201eDas aber gelingt nur durch eine substanzielle Aufstockung der Mittel. Denn sonst m\u00fcssen die Eigent\u00fcmer die hohen Investitionskosten alleine tragen. Energiewende und Klimaschutz sind aber eine gesamtgesellschaftliche Aufgabe!\u201c<\/p>\n<p style=\"text-align: justify;\">Im \u00dcbrigen profitierten davon auch die Mieter, weil so die Heiz- und Stromkosten gesenkt werden k\u00f6nnen.\u201c<\/p>\n<p style=\"text-align: justify;\">Zu den \u201enotwendigen Zukunftsinvestitionen\u201c, die Kuhn in Sachen Klimaschutz anmahnt, geh\u00f6re au\u00dferdem \u201ezwingend, dass die Stadt endlich in die \u00f6ffentliche F\u00f6rderung privater Lade-Infrastruktur f\u00fcr die Elektro-Mobilit\u00e4t einsteigt, wie dies andere St\u00e4dte wie etwa M\u00fcnchen schon l\u00e4nger praktizieren. Denn ohne E-Tankstellen bei privaten Wohnimmobilien wird die Verkehrswende nicht gelingen\u201c. Die Stadt m\u00fcsse begreifen, \u201edass sich die Hausbesitzer auch bei der Elektro-Mobilit\u00e4t als wichtige Akteure verstehen, denn Lade-Infrastruktur muss dort geschaffen werden, wo Fahrzeuge nicht zuletzt abgestellt werden: nachts, bei der Wohnung\u201c. Diesbez\u00fcglich sei Haus &amp; Grund j\u00fcngst mit einer E-Tankstelle f\u00fcr Mitglieder mit gutem Beispiel vorangegangen.<\/p>\n<p style=\"text-align: justify;\">Angesichts des neuen Rekord\u00fcberschusses fordert Haus und Grund:<\/p>\n<ul style=\"text-align: justify;\">\n<li>Die Stadt muss wesentlich mehr F\u00f6rdermittel f\u00fcr die energetische Ert\u00fcchtigung von Immobilien bereitstellen als die aktuell rund 2.5 Mio. Euro im Jahr.<\/li>\n<\/ul>\n<p style=\"text-align: justify;\">Das Zehnfache davon, also 25 Mio. Euro, w\u00e4ren angesichts eines Rekord\u00fcberschusses von \u00fcber einer halben Milliarde Euro ohne weiteres zu stemmen. \u201eDies w\u00e4re ein starkes Signal an die Wohnungswirtschaft \u2013 und ein Anreiz f\u00fcr Privateigent\u00fcmer, sich baulich f\u00fcr den Klimaschutz zu engagieren\u201c, unterstreicht der Gesch\u00e4ftsf\u00fchrer.<\/p>\n<ul>\n<li style=\"text-align: justify;\">Die Stadt muss jetzt massiv in die F\u00f6rderung privater Lade-Infra-Struktur einsteigen \u2013 damit die Wende zur E-Mobilit\u00e4t gelingt. Wecker dazu: \u201eEs w\u00e4re falsch, zuzuwarten bis der Bund vorangeht.\u201c<\/li>\n<li style=\"text-align: justify;\">Ein Teil des \u00dcberschusses muss zwingend in den Bau von bezahlbarem Wohnraum investiert werden. \u201eAus Gr\u00fcnden der sozialen Balance\u201c, wie Dr. Lang betont.<br \/>\n<hr \/>\n<\/li>\n<\/ul>\n","protected":false},"excerpt":{"rendered":"<p>Weiterhin abgesenkte Grundsteuer dadurch m\u00f6glich Haus &amp; Grund fordert Investitionen in private E-Ladestationen und massive Aufstockung der Mittel f\u00fcr energetische Geb\u00e4udesanierungen Stuttgart.| Der Ergebnishaushalt der Stadt eilt von Rekord zu Rekord. Nach 382 Millionen Euro Einnahme\u00fcberschuss im Vorjahr sind es in 2018 sogar \u00fcber eine halbe Milliarde Euro, 525.7 Mio. genau. \u201eMehr als folgerichtig ist [&hellip;]<\/p>\n","protected":false},"author":4,"featured_media":0,"comment_status":"closed","ping_status":"open","sticky":false,"template":"","format":"standard","meta":{"inline_featured_image":false,"_exactmetrics_skip_tracking":false,"_exactmetrics_sitenote_active":false,"_exactmetrics_sitenote_note":"","_exactmetrics_sitenote_category":0,"footnotes":""},"categories":[2239],"tags":[14857,11944,38,68,9,275],"class_list":{"0":"post-135563","1":"post","2":"type-post","3":"status-publish","4":"format-standard","6":"category-stuttgart-lokal","7":"tag-die-webzeitung","8":"tag-grund","9":"tag-haus","10":"tag-online-zeitung","11":"tag-schaumedia","12":"tag-stuttgart"},"image_feature":null,"author_name":"Redaktion","pure_taxonomies":{"categories":[{"term_id":2239,"name":"Stuttgart","slug":"stuttgart-lokal","term_group":0,"term_taxonomy_id":2252,"taxonomy":"category","description":"Berichte und Informationen aus Stuttgart","parent":1433,"count":941,"filter":"raw","image":""}],"tags":[{"term_id":14857,"name":"Die-Webzeitung","slug":"die-webzeitung","term_group":0,"term_taxonomy_id":14876,"taxonomy":"post_tag","description":"","parent":0,"count":3621,"filter":"raw","image":""},{"term_id":11944,"name":"Grund","slug":"grund","term_group":0,"term_taxonomy_id":11982,"taxonomy":"post_tag","description":"","parent":0,"count":4,"filter":"raw","image":""},{"term_id":38,"name":"Haus","slug":"haus","term_group":0,"term_taxonomy_id":38,"taxonomy":"post_tag","description":"","parent":0,"count":11,"filter":"raw","image":""},{"term_id":68,"name":"Online-Zeitung","slug":"online-zeitung","term_group":0,"term_taxonomy_id":69,"taxonomy":"post_tag","description":"","parent":0,"count":3591,"filter":"raw","image":""},{"term_id":9,"name":"SchauMedia","slug":"schaumedia","term_group":0,"term_taxonomy_id":9,"taxonomy":"post_tag","description":"","parent":0,"count":1607,"filter":"raw","image":""},{"term_id":275,"name":"Stuttgart","slug":"stuttgart","term_group":0,"term_taxonomy_id":281,"taxonomy":"post_tag","description":"","parent":0,"count":1194,"filter":"raw","image":""}]},"_links":{"self":[{"href":"https:\/\/die-webzeitung.de\/stuttgart\/wp-json\/wp\/v2\/posts\/135563","targetHints":{"allow":["GET"]}}],"collection":[{"href":"https:\/\/die-webzeitung.de\/stuttgart\/wp-json\/wp\/v2\/posts"}],"about":[{"href":"https:\/\/die-webzeitung.de\/stuttgart\/wp-json\/wp\/v2\/types\/post"}],"author":[{"embeddable":true,"href":"https:\/\/die-webzeitung.de\/stuttgart\/wp-json\/wp\/v2\/users\/4"}],"replies":[{"embeddable":true,"href":"https:\/\/die-webzeitung.de\/stuttgart\/wp-json\/wp\/v2\/comments?post=135563"}],"version-history":[{"count":2,"href":"https:\/\/die-webzeitung.de\/stuttgart\/wp-json\/wp\/v2\/posts\/135563\/revisions"}],"predecessor-version":[{"id":135566,"href":"https:\/\/die-webzeitung.de\/stuttgart\/wp-json\/wp\/v2\/posts\/135563\/revisions\/135566"}],"wp:attachment":[{"href":"https:\/\/die-webzeitung.de\/stuttgart\/wp-json\/wp\/v2\/media?parent=135563"}],"wp:term":[{"taxonomy":"category","embeddable":true,"href":"https:\/\/die-webzeitung.de\/stuttgart\/wp-json\/wp\/v2\/categories?post=135563"},{"taxonomy":"post_tag","embeddable":true,"href":"https:\/\/die-webzeitung.de\/stuttgart\/wp-json\/wp\/v2\/tags?post=135563"}],"curies":[{"name":"wp","href":"https:\/\/api.w.org\/{rel}","templated":true}]}}