{"id":135542,"date":"2019-07-10T17:51:08","date_gmt":"2019-07-10T16:51:08","guid":{"rendered":"https:\/\/die-webzeitung.de\/stuttgart\/?p=135542"},"modified":"2019-07-10T17:51:08","modified_gmt":"2019-07-10T16:51:08","slug":"schnelles-internet-fuer-rund-1-750-haushalte","status":"publish","type":"post","link":"https:\/\/die-webzeitung.de\/stuttgart\/2019\/07\/10\/schnelles-internet-fuer-rund-1-750-haushalte\/","title":{"rendered":"Schnelles Internet f\u00fcr rund 1.750 Haushalte"},"content":{"rendered":"<h5 style=\"text-align: justify;\"><strong>In Weil der Stadt f\u00e4llt der Startschuss f\u00fcr das Verlegen von 125 Kilometer Glasfaserkabel<\/strong><\/h5>\n<p style=\"text-align: justify;\">Weil der Stadt sagt Ja zum Glasfaserausbau, die Telekom beginnt mit dem Bau des schnellen Netzes. Das maximale Tempo beim Herunterladen steigt auf bis zu 1 Gigabit pro Sekunde (GBit\/s). Damit hat der Kunde einen Anschluss, der alle M\u00f6glichkeiten f\u00fcr digitale Anwendungen bietet: Video-Streaming, Gaming oder Arbeiten von zu Hause. Er eignet sich auch f\u00fcr Technologien wie Telemedizin und Smart Home. Aktuell profitieren von diesem Ausbau 1.750 Haushalte, die bereits bei der Vorvermarktung einen Glasfaser-Anschluss beauftragt haben. Die Telekom wird in Weil der Stadt ca. 125 Kilometer Glasfaser verlegen und 62 neue Glasfaser-Netzverteiler (NVt) aufstellen.<\/p>\n<p style=\"text-align: justify;\">F\u00fcr das Verlegen der Glasfaserkabel ist umfangreicher Tiefbau n\u00f6tig. Auf 1,5 von insgesamt 56 Kilometern mit Tiefbau kann die Telekom das sogenannte Trenching einsetzen. Dabei werden nur schmale Schlitze in den Bodenbelag gefr\u00e4st. Trenching ist f\u00fcnfmal schneller als das herk\u00f6mmliche Tiefbau-Verfahren. Tiefe und lange Baugruben geh\u00f6ren der Vergangenheit an. Das reduziert die Beeintr\u00e4chtigungen f\u00fcr die Anwohner.<\/p>\n<p style=\"text-align: justify;\">\u201eEin \u201aSmarter Landkreis\u2018 erh\u00f6ht die Lebensqualit\u00e4t seiner B\u00fcrgerinnen und B\u00fcrger sowie die Effizienz und Wettbewerbsf\u00e4higkeit ans\u00e4ssiger Unternehmen, indem er den digitalen Wandel aktiv, weitsichtig und bedarfsgerecht gestaltet\u201c, so der B\u00f6blinger Landrat Roland Bernhard. \u201eIndem wir fl\u00e4chendeckend eine potente digitale Infrastruktur aufbauen, schaffen wir im Landkreis B\u00f6blingen durch das regionale Kooperationsprojekt einen echten Mehrwert, der zuk\u00fcnftig sowohl in der Bev\u00f6lkerung als auch in der Wirtschaft durch bedarfsgerechte Anwendungen zum Tragen kommen wird.\u201c Nach den aktuellen Ergebnissen des Prognos Zukunftsatlas nehme der Landkreis B\u00f6blingen wieder eine Spitzenposition ein. Die aktuellen Entwicklungen zeigten aber auch auf, dass sich die wirtschaftlichen Rahmenbedingungen ge\u00e4ndert haben und eine erfolgreiche wirtschaftliche Wertsch\u00f6pfung immer wieder erneuert und hart erarbeitet werden m\u00fcsse. \u201eMit dem heutigen Spatenstich legen wir den Grundstein daf\u00fcr, dass dies in einer digitalen Zukunft auch so bleibt\u201c, so Bernhard.<\/p>\n<p style=\"text-align: justify;\">\u00a0\u201eB\u00fcrgermeister und Erster Beigeordneter freuen sich, dass die Arbeiten als Pilotkommune Im Landkreis B\u00f6blingen nun in Weil der Stadt richtig beginnen \u201c, sagt B\u00fcrgermeister Thilo Schreiber. \u201eDer Startschuss der Telekom f\u00fcr den Glasfasernetz-Ausbau mit \u00dcbertragungsraten von bis zu 1.000 Mbit pro Sekunde stellt einen Quantensprung f\u00fcr die Digitalisierung unserer Gesamtstadt dar. Dies ist eine ausgesprochen gute Zukunftsnachricht f\u00fcr unsere B\u00fcrger und Unternehmer, trotz der vielen Baustellen und Beeintr\u00e4chtigungen.\u201c<\/p>\n<p style=\"text-align: justify;\">\u201eAuch ich freue mich dar\u00fcber, dass sich so viele Interessenten f\u00fcr einen Glasfaser-Anschluss registriert haben. Wir k\u00f6nnen loslegen. Dieser Spatenstich hier in Weil der Stadt ist gleichzeitig der Startschuss des Ausbaus im Landkreis B\u00f6blingen in der Region Stuttgart. Dies ist das gr\u00f6\u00dfte Glasfaser-Projekt der Telekom in Deutschland\u201c, erkl\u00e4rt Sabine Wittlinger. Sie dankt allen Verantwortlichen in der Kommune, im Landkreis und der Region f\u00fcr deren Unterst\u00fctzung. &#8220;Die ersten Haushalte in Weil der Stadt werden ihren Glasfaser-Anschluss voraussichtlich Ende des Jahres nutzen k\u00f6nnen\u201c, so Wittlinger, Partner-Managerin Region Stuttgart der Deutschen Telekom.<\/p>\n<p style=\"text-align: justify;\">&#8220;Unser Kooperationsprogramm sorgt fl\u00e4chendeckend f\u00fcr schnelles Internet in der gesamten Region, in St\u00e4dten ebenso wie in kleineren Gemeinden, sofern die Nachfrage vorhanden ist&#8221;, erkl\u00e4rte Hans-J\u00fcrgen Bahde, Gesch\u00e4ftsf\u00fchrer der Gigabit Region Stuttgart GmbH und Breitbandbeauftragter der Region Stuttgart.<\/p>\n<p style=\"text-align: justify;\">Der Ausbau in Weil der Stadt ist Ergebnis einer Kooperation der Gigabit Region Stuttgart GmbH mit der Deutschen Telekom. Im Fokus des Gigabitprojekts steht der gemeinsame Ausbau des ultraschnellen Glasfasernetzes. Bis 2025 sollen 99 Prozent der Bev\u00f6lkerung Mobilfunk (LTE) nutzen k\u00f6nnen. Die Telekom will ferner ein leistungsstarkes 5G-Netz aufbauen. Der Vertrag ist in dieser Dimension deutschlandweit einmalig. Weitere Unternehmen sollen die entstehende digitale Infrastruktur zu fairen und markt\u00fcblichen Konditionen nutzen k\u00f6nnen.<\/p>\n<p style=\"text-align: justify;\">Das Ausbaugebiet umfasst derzeit 174 Kommunen in der Stadt Stuttgart sowie in den f\u00fcnf benachbarten Landkreisen B\u00f6blingen, Esslingen, G\u00f6ppingen, Ludwigsburg und Rems-Murr. In dem Ballungsraum leben rund 2,8 Millionen Menschen. 140.000 Unternehmen sind dort angesiedelt. Mehr Informationen zur Verf\u00fcgbarkeit und zu den Tarifen der Telekom:<\/p>\n<ul>\n<li style=\"text-align: justify;\">Telekom Shop, Leonberger Stra\u00dfe 98, 71229 Leonberg<\/li>\n<li style=\"text-align: justify;\">Telekom Shop, Tilsiter Stra\u00dfe 15, 71065 Sindelfingen<\/li>\n<li style=\"text-align: justify;\">Telekom Shop, Wolfgang-Brumme Allee 27, 71034 B\u00f6blingen<\/li>\n<li style=\"text-align: justify;\"><a href=\"http:\/\/www.telekom.de\/schneller\" target=\"_blank\" rel=\"noopener noreferrer\">telekom.de\/schneller<\/a><\/li>\n<li style=\"text-align: justify;\">Neukunden: 0800 330 3000 (kostenfrei)<\/li>\n<li style=\"text-align: justify;\">Telekom-Kunden: 0800 330 1000 (kostenfrei)<\/li>\n<li style=\"text-align: justify;\">Kleine und mittlere Unternehmen 0800 330 1300 (kostenfrei)<br \/>\n<hr \/>\n<\/li>\n<\/ul>\n","protected":false},"excerpt":{"rendered":"<p>In Weil der Stadt f\u00e4llt der Startschuss f\u00fcr das Verlegen von 125 Kilometer Glasfaserkabel Weil der Stadt sagt Ja zum Glasfaserausbau, die Telekom beginnt mit dem Bau des schnellen Netzes. Das maximale Tempo beim Herunterladen steigt auf bis zu 1 Gigabit pro Sekunde (GBit\/s). Damit hat der Kunde einen Anschluss, der alle M\u00f6glichkeiten f\u00fcr digitale [&hellip;]<\/p>\n","protected":false},"author":4,"featured_media":135543,"comment_status":"closed","ping_status":"open","sticky":false,"template":"","format":"standard","meta":{"inline_featured_image":false,"_exactmetrics_skip_tracking":false,"_exactmetrics_sitenote_active":false,"_exactmetrics_sitenote_note":"","_exactmetrics_sitenote_category":0,"footnotes":""},"categories":[59,2246],"tags":[1385,3061,14857,15782,5,68,16349],"class_list":{"0":"post-135542","1":"post","2":"type-post","3":"status-publish","4":"format-standard","5":"has-post-thumbnail","7":"category-aktuell","8":"category-kreis-boeblingen","9":"tag-ausbau","10":"tag-boblingen","11":"tag-die-webzeitung","12":"tag-glasfaser","13":"tag-internetzeitung","14":"tag-online-zeitung","15":"tag-weil-der-stadt"},"image_feature":"https:\/\/die-webzeitung.de\/stuttgart\/wp-content\/uploads\/sites\/4\/2019\/07\/Bild-1.jpg","author_name":"Redaktion","pure_taxonomies":{"categories":[{"term_id":59,"name":"Aktuell","slug":"aktuell","term_group":0,"term_taxonomy_id":60,"taxonomy":"category","description":"","parent":0,"count":1017,"filter":"raw","image":""},{"term_id":2246,"name":"Kreis B\u00f6blingen","slug":"kreis-boeblingen","term_group":0,"term_taxonomy_id":2259,"taxonomy":"category","description":"","parent":171,"count":197,"filter":"raw","image":""}],"tags":[{"term_id":1385,"name":"Ausbau","slug":"ausbau","term_group":0,"term_taxonomy_id":1394,"taxonomy":"post_tag","description":"","parent":0,"count":12,"filter":"raw","image":""},{"term_id":3061,"name":"B\u00f6blingen","slug":"boblingen","term_group":0,"term_taxonomy_id":3075,"taxonomy":"post_tag","description":"","parent":0,"count":259,"filter":"raw","image":""},{"term_id":14857,"name":"Die-Webzeitung","slug":"die-webzeitung","term_group":0,"term_taxonomy_id":14876,"taxonomy":"post_tag","description":"","parent":0,"count":3616,"filter":"raw","image":""},{"term_id":15782,"name":"Glasfaser","slug":"glasfaser","term_group":0,"term_taxonomy_id":15801,"taxonomy":"post_tag","description":"","parent":0,"count":4,"filter":"raw","image":""},{"term_id":5,"name":"Internetzeitung","slug":"internetzeitung","term_group":0,"term_taxonomy_id":5,"taxonomy":"post_tag","description":"","parent":0,"count":1461,"filter":"raw","image":""},{"term_id":68,"name":"Online-Zeitung","slug":"online-zeitung","term_group":0,"term_taxonomy_id":69,"taxonomy":"post_tag","description":"","parent":0,"count":3586,"filter":"raw","image":""},{"term_id":16349,"name":"Weil der Stadt","slug":"weil-der-stadt","term_group":0,"term_taxonomy_id":16368,"taxonomy":"post_tag","description":"","parent":0,"count":1,"filter":"raw","image":""}]},"_links":{"self":[{"href":"https:\/\/die-webzeitung.de\/stuttgart\/wp-json\/wp\/v2\/posts\/135542","targetHints":{"allow":["GET"]}}],"collection":[{"href":"https:\/\/die-webzeitung.de\/stuttgart\/wp-json\/wp\/v2\/posts"}],"about":[{"href":"https:\/\/die-webzeitung.de\/stuttgart\/wp-json\/wp\/v2\/types\/post"}],"author":[{"embeddable":true,"href":"https:\/\/die-webzeitung.de\/stuttgart\/wp-json\/wp\/v2\/users\/4"}],"replies":[{"embeddable":true,"href":"https:\/\/die-webzeitung.de\/stuttgart\/wp-json\/wp\/v2\/comments?post=135542"}],"version-history":[{"count":1,"href":"https:\/\/die-webzeitung.de\/stuttgart\/wp-json\/wp\/v2\/posts\/135542\/revisions"}],"predecessor-version":[{"id":135544,"href":"https:\/\/die-webzeitung.de\/stuttgart\/wp-json\/wp\/v2\/posts\/135542\/revisions\/135544"}],"wp:featuredmedia":[{"embeddable":true,"href":"https:\/\/die-webzeitung.de\/stuttgart\/wp-json\/wp\/v2\/media\/135543"}],"wp:attachment":[{"href":"https:\/\/die-webzeitung.de\/stuttgart\/wp-json\/wp\/v2\/media?parent=135542"}],"wp:term":[{"taxonomy":"category","embeddable":true,"href":"https:\/\/die-webzeitung.de\/stuttgart\/wp-json\/wp\/v2\/categories?post=135542"},{"taxonomy":"post_tag","embeddable":true,"href":"https:\/\/die-webzeitung.de\/stuttgart\/wp-json\/wp\/v2\/tags?post=135542"}],"curies":[{"name":"wp","href":"https:\/\/api.w.org\/{rel}","templated":true}]}}