{"id":135534,"date":"2019-07-10T13:31:40","date_gmt":"2019-07-10T12:31:40","guid":{"rendered":"https:\/\/die-webzeitung.de\/stuttgart\/2019\/07\/10\/vordraengeln-bei-roter-ampel-kann-den-fuehrerschein-kosten\/"},"modified":"2019-07-10T13:31:55","modified_gmt":"2019-07-10T12:31:55","slug":"vordraengeln-bei-roter-ampel-kann-den-fuehrerschein-kosten","status":"publish","type":"post","link":"https:\/\/die-webzeitung.de\/stuttgart\/2019\/07\/10\/vordraengeln-bei-roter-ampel-kann-den-fuehrerschein-kosten\/","title":{"rendered":"Vordr\u00e4ngeln bei roter Ampel kann den F\u00fchrerschein kosten"},"content":{"rendered":"<p style=\"text-align: justify;\"><strong>Immer wieder dr\u00e4ngeln sich Autofahrer an Kreuzungen vor, indem sie eine vor einer roten Ampel wartende Autoschlange auf der freien Nachbarspur \u00fcberholen, dann die Spur wechseln und vor den wartenden Fahrzeugen in die Kreuzung hineinfahren. Die W\u00fcrttembergische Versicherung, ein Unternehmen der W\u00fcstenrot &amp; W\u00fcrttembergische-Gruppe (W&amp;W), teilt mit, dass ein solches Fahrman\u00f6ver nach einer Entscheidung des Oberlandesgerichts Bamberg (3 Ss OWi 1698\/18) dem \u00dcberfahren einer roten Ampel gleichkommt. Es ist deshalb mit einem empfindlichen Bu\u00dfgeld und einem Fahrverbot von einem Monat zu ahnden.<\/strong><\/p>\n<p style=\"text-align: justify;\">Ein Autofahrer fuhr auf einer geradeaus f\u00fchrenden Spur auf eine Kreuzung zu und wechselte in der Kreuzung auf die links abbiegende Nachbarspur. Dabei \u00fcberholte er eine Autoschlange, die auf der linken Abbiegespur vor einer roten Ampel wartete. In der Kreuzung lie\u00df der Autofahrer den Gegenverkehr passieren und fuhr dann nach links weiter. Daf\u00fcr erhielt er eine Geldbu\u00dfe von 305 Euro und ein Fahrverbot von einem Monat, da er verbotenerweise eine rote Ampel \u00fcberfahren habe. Der Autofahrer erhob Einspruch, kam damit aber vor Gericht nicht durch.<\/p>\n<p style=\"text-align: justify;\">Laut der Entscheidung des zust\u00e4ndigen Oberlandesgerichts Bamberg war das \u00dcberholman\u00f6ver genauso gef\u00e4hrlich, wie wenn der Autofahrer auf der linken Spur \u00fcber die rote Ampel in die Kreuzung hinein gefahren w\u00e4re. Der Autofahrer musste dabei erkennen, dass es nicht den Verkehrsregeln entsprechen konnte, wenn er eine an einer roten Ampel wartende Autoschlange \u00fcberholte, um sich vor ihr einzureihen. Laut dem Bu\u00dfgeldkatalog h\u00e4ngen Fahrverbot und die H\u00f6he des Bu\u00dfgeldes davon ab, ob andere Verkehrsteilnehmer gef\u00e4hrdet wurden und ob die Ampel vor mehr oder weniger als einer Sekunde auf Rot umgeschaltet hatte. Da im entschiedenen Fall die Ampel schon l\u00e4nger als eine Sekunde Rot anzeigte, musste ein Fahrverbot von einem Monat ausgesprochen werden, auch wenn niemand zu Schaden kam.<\/p>\n<hr \/>\n<p style=\"text-align: justify;\">\n","protected":false},"excerpt":{"rendered":"<p>Immer wieder dr\u00e4ngeln sich Autofahrer an Kreuzungen vor, indem sie eine vor einer roten Ampel wartende Autoschlange auf der freien Nachbarspur \u00fcberholen, dann die Spur wechseln und vor den wartenden Fahrzeugen in die Kreuzung hineinfahren. Die W\u00fcrttembergische Versicherung, ein Unternehmen der W\u00fcstenrot &amp; W\u00fcrttembergische-Gruppe (W&amp;W), teilt mit, dass ein solches Fahrman\u00f6ver nach einer Entscheidung des [&hellip;]<\/p>\n","protected":false},"author":4,"featured_media":0,"comment_status":"closed","ping_status":"open","sticky":false,"template":"","format":"standard","meta":{"inline_featured_image":false,"_exactmetrics_skip_tracking":false,"_exactmetrics_sitenote_active":false,"_exactmetrics_sitenote_note":"","_exactmetrics_sitenote_category":0,"footnotes":""},"categories":[2237],"tags":[1400,14857,16348,5,68,9],"class_list":{"0":"post-135534","1":"post","2":"type-post","3":"status-publish","4":"format-standard","6":"category-ratgeber-leben","7":"tag-ampel","8":"tag-die-webzeitung","9":"tag-draengler","10":"tag-internetzeitung","11":"tag-online-zeitung","12":"tag-schaumedia"},"image_feature":null,"author_name":"Redaktion","pure_taxonomies":{"categories":[{"term_id":2237,"name":"Ratgeber","slug":"ratgeber-leben","term_group":0,"term_taxonomy_id":2250,"taxonomy":"category","description":"","parent":482,"count":380,"filter":"raw","image":""}],"tags":[{"term_id":1400,"name":"Ampel","slug":"ampel","term_group":0,"term_taxonomy_id":1409,"taxonomy":"post_tag","description":"","parent":0,"count":1,"filter":"raw","image":""},{"term_id":14857,"name":"Die-Webzeitung","slug":"die-webzeitung","term_group":0,"term_taxonomy_id":14876,"taxonomy":"post_tag","description":"","parent":0,"count":3616,"filter":"raw","image":""},{"term_id":16348,"name":"Dr\u00e4ngler","slug":"draengler","term_group":0,"term_taxonomy_id":16367,"taxonomy":"post_tag","description":"","parent":0,"count":1,"filter":"raw","image":""},{"term_id":5,"name":"Internetzeitung","slug":"internetzeitung","term_group":0,"term_taxonomy_id":5,"taxonomy":"post_tag","description":"","parent":0,"count":1461,"filter":"raw","image":""},{"term_id":68,"name":"Online-Zeitung","slug":"online-zeitung","term_group":0,"term_taxonomy_id":69,"taxonomy":"post_tag","description":"","parent":0,"count":3586,"filter":"raw","image":""},{"term_id":9,"name":"SchauMedia","slug":"schaumedia","term_group":0,"term_taxonomy_id":9,"taxonomy":"post_tag","description":"","parent":0,"count":1607,"filter":"raw","image":""}]},"_links":{"self":[{"href":"https:\/\/die-webzeitung.de\/stuttgart\/wp-json\/wp\/v2\/posts\/135534","targetHints":{"allow":["GET"]}}],"collection":[{"href":"https:\/\/die-webzeitung.de\/stuttgart\/wp-json\/wp\/v2\/posts"}],"about":[{"href":"https:\/\/die-webzeitung.de\/stuttgart\/wp-json\/wp\/v2\/types\/post"}],"author":[{"embeddable":true,"href":"https:\/\/die-webzeitung.de\/stuttgart\/wp-json\/wp\/v2\/users\/4"}],"replies":[{"embeddable":true,"href":"https:\/\/die-webzeitung.de\/stuttgart\/wp-json\/wp\/v2\/comments?post=135534"}],"version-history":[{"count":1,"href":"https:\/\/die-webzeitung.de\/stuttgart\/wp-json\/wp\/v2\/posts\/135534\/revisions"}],"predecessor-version":[{"id":135535,"href":"https:\/\/die-webzeitung.de\/stuttgart\/wp-json\/wp\/v2\/posts\/135534\/revisions\/135535"}],"wp:attachment":[{"href":"https:\/\/die-webzeitung.de\/stuttgart\/wp-json\/wp\/v2\/media?parent=135534"}],"wp:term":[{"taxonomy":"category","embeddable":true,"href":"https:\/\/die-webzeitung.de\/stuttgart\/wp-json\/wp\/v2\/categories?post=135534"},{"taxonomy":"post_tag","embeddable":true,"href":"https:\/\/die-webzeitung.de\/stuttgart\/wp-json\/wp\/v2\/tags?post=135534"}],"curies":[{"name":"wp","href":"https:\/\/api.w.org\/{rel}","templated":true}]}}