{"id":135518,"date":"2019-07-08T18:06:09","date_gmt":"2019-07-08T17:06:09","guid":{"rendered":"https:\/\/die-webzeitung.de\/stuttgart\/?p=135518"},"modified":"2019-07-08T18:06:09","modified_gmt":"2019-07-08T17:06:09","slug":"die-fantastischen-vier-tragen-sich-ins-goldene-buch-ein","status":"publish","type":"post","link":"https:\/\/die-webzeitung.de\/stuttgart\/2019\/07\/08\/die-fantastischen-vier-tragen-sich-ins-goldene-buch-ein\/","title":{"rendered":"Die Fantastischen Vier tragen sich ins Goldene Buch ein"},"content":{"rendered":"<p style=\"text-align: justify;\"><strong>\u201eL\u00e4sst einen nicht kalt\u201c<\/strong><\/p>\n<p style=\"text-align: justify;\">Stuttgart.| Die Fantastischen Vier haben sich am Montag, 8. Januar, ins Goldene Buch der Landeshauptstadt Stuttgart eingetragen. Oberb\u00fcrgermeister Fritz Kuhn und Erster B\u00fcrgermeister Dr. Fabian Mayer hatten die Band zuvor zu einem pers\u00f6nlichen Gespr\u00e4ch empfangen.<\/p>\n<p style=\"text-align: justify;\">OB Kuhn: \u201eWir sind happy, die Fanta Vier heute hier zu haben. Ein Anlass ist Euer 30-j\u00e4hriges Bestehen \u2013 der andere ist, dass Ihr so saum\u00e4\u00dfig viel getan habt f\u00fcr Stuttgart. F\u00fcr uns ist es eine Ehre, dass Ihr Euch ins Goldene Buch eintragt.\u201c<\/p>\n<p style=\"text-align: justify;\">Michi Beck schrieb f\u00fcr die Band \u201eWir bleiben TROY \u2013 F 4\u201c ins Buch. Er sagte: \u201eWir sind viel rumgekommen, f\u00fchlen uns aber immer noch als Stuttgarter Band. Stuttgart ist unsere Heimat. Bei aller Abgebr\u00fchtheit: Das l\u00e4sst einen nicht kalt, sich ins Goldene Buch der Stadt Stuttgart eintragen zu d\u00fcrfen.\u201c<\/p>\n<p style=\"text-align: justify;\">Den Fantastischen Vier \u2013 bestehend aus Michael \u201eMichi\u201c Beck alias Dee Jot Hausmarke, Bernd Michael Schmidt alias Smudo, Thomas D\u00fcrr alias Hausmeister Thomas D, Andreas Rieke alias And.Ypsilon und Andreas \u201eB\u00e4r\u201c L\u00e4sker \u2013 widmet das StadtPalais die Ausstellung \u201eTROY \u2013 30 Jahre Die Fantastischen Vier\u201c. Sie wird am Abend er\u00f6ffnet und ist noch bis 29. M\u00e4rz 2020 zu sehen.<\/p>\n<hr \/>\n<p style=\"text-align: justify;\">\n","protected":false},"excerpt":{"rendered":"<p>\u201eL\u00e4sst einen nicht kalt\u201c Stuttgart.| Die Fantastischen Vier haben sich am Montag, 8. Januar, ins Goldene Buch der Landeshauptstadt Stuttgart eingetragen. Oberb\u00fcrgermeister Fritz Kuhn und Erster B\u00fcrgermeister Dr. Fabian Mayer hatten die Band zuvor zu einem pers\u00f6nlichen Gespr\u00e4ch empfangen. OB Kuhn: \u201eWir sind happy, die Fanta Vier heute hier zu haben. Ein Anlass ist Euer [&hellip;]<\/p>\n","protected":false},"author":4,"featured_media":135519,"comment_status":"closed","ping_status":"open","sticky":false,"template":"","format":"standard","meta":{"inline_featured_image":false,"_exactmetrics_skip_tracking":false,"_exactmetrics_sitenote_active":false,"_exactmetrics_sitenote_note":"","_exactmetrics_sitenote_category":0,"footnotes":""},"categories":[59,2239],"tags":[14857,16346,5,68,9,275],"class_list":{"0":"post-135518","1":"post","2":"type-post","3":"status-publish","4":"format-standard","5":"has-post-thumbnail","7":"category-aktuell","8":"category-stuttgart-lokal","9":"tag-die-webzeitung","10":"tag-fanta4","11":"tag-internetzeitung","12":"tag-online-zeitung","13":"tag-schaumedia","14":"tag-stuttgart"},"image_feature":"https:\/\/die-webzeitung.de\/stuttgart\/wp-content\/uploads\/sites\/4\/2019\/07\/Michi-Beck-tra\u0308gt-sich-fu\u0308r-die-Fantastischen-Vier-ein-ins-Goldene-Buch-der-Stadt-Stuttgart.jpg","author_name":"Redaktion","pure_taxonomies":{"categories":[{"term_id":59,"name":"Aktuell","slug":"aktuell","term_group":0,"term_taxonomy_id":60,"taxonomy":"category","description":"","parent":0,"count":1017,"filter":"raw","image":""},{"term_id":2239,"name":"Stuttgart","slug":"stuttgart-lokal","term_group":0,"term_taxonomy_id":2252,"taxonomy":"category","description":"Berichte und Informationen aus Stuttgart","parent":1433,"count":941,"filter":"raw","image":""}],"tags":[{"term_id":14857,"name":"Die-Webzeitung","slug":"die-webzeitung","term_group":0,"term_taxonomy_id":14876,"taxonomy":"post_tag","description":"","parent":0,"count":3616,"filter":"raw","image":""},{"term_id":16346,"name":"Fanta4","slug":"fanta4","term_group":0,"term_taxonomy_id":16365,"taxonomy":"post_tag","description":"","parent":0,"count":1,"filter":"raw","image":""},{"term_id":5,"name":"Internetzeitung","slug":"internetzeitung","term_group":0,"term_taxonomy_id":5,"taxonomy":"post_tag","description":"","parent":0,"count":1461,"filter":"raw","image":""},{"term_id":68,"name":"Online-Zeitung","slug":"online-zeitung","term_group":0,"term_taxonomy_id":69,"taxonomy":"post_tag","description":"","parent":0,"count":3586,"filter":"raw","image":""},{"term_id":9,"name":"SchauMedia","slug":"schaumedia","term_group":0,"term_taxonomy_id":9,"taxonomy":"post_tag","description":"","parent":0,"count":1607,"filter":"raw","image":""},{"term_id":275,"name":"Stuttgart","slug":"stuttgart","term_group":0,"term_taxonomy_id":281,"taxonomy":"post_tag","description":"","parent":0,"count":1193,"filter":"raw","image":""}]},"_links":{"self":[{"href":"https:\/\/die-webzeitung.de\/stuttgart\/wp-json\/wp\/v2\/posts\/135518","targetHints":{"allow":["GET"]}}],"collection":[{"href":"https:\/\/die-webzeitung.de\/stuttgart\/wp-json\/wp\/v2\/posts"}],"about":[{"href":"https:\/\/die-webzeitung.de\/stuttgart\/wp-json\/wp\/v2\/types\/post"}],"author":[{"embeddable":true,"href":"https:\/\/die-webzeitung.de\/stuttgart\/wp-json\/wp\/v2\/users\/4"}],"replies":[{"embeddable":true,"href":"https:\/\/die-webzeitung.de\/stuttgart\/wp-json\/wp\/v2\/comments?post=135518"}],"version-history":[{"count":1,"href":"https:\/\/die-webzeitung.de\/stuttgart\/wp-json\/wp\/v2\/posts\/135518\/revisions"}],"predecessor-version":[{"id":135520,"href":"https:\/\/die-webzeitung.de\/stuttgart\/wp-json\/wp\/v2\/posts\/135518\/revisions\/135520"}],"wp:featuredmedia":[{"embeddable":true,"href":"https:\/\/die-webzeitung.de\/stuttgart\/wp-json\/wp\/v2\/media\/135519"}],"wp:attachment":[{"href":"https:\/\/die-webzeitung.de\/stuttgart\/wp-json\/wp\/v2\/media?parent=135518"}],"wp:term":[{"taxonomy":"category","embeddable":true,"href":"https:\/\/die-webzeitung.de\/stuttgart\/wp-json\/wp\/v2\/categories?post=135518"},{"taxonomy":"post_tag","embeddable":true,"href":"https:\/\/die-webzeitung.de\/stuttgart\/wp-json\/wp\/v2\/tags?post=135518"}],"curies":[{"name":"wp","href":"https:\/\/api.w.org\/{rel}","templated":true}]}}