{"id":135483,"date":"2019-07-04T17:27:11","date_gmt":"2019-07-04T16:27:11","guid":{"rendered":"https:\/\/die-webzeitung.de\/stuttgart\/?p=135483"},"modified":"2019-07-04T17:27:11","modified_gmt":"2019-07-04T16:27:11","slug":"gemeinderat-beschliesst-neuwahl-des-jugendrats-2020","status":"publish","type":"post","link":"https:\/\/die-webzeitung.de\/stuttgart\/2019\/07\/04\/gemeinderat-beschliesst-neuwahl-des-jugendrats-2020\/","title":{"rendered":"Gemeinderat beschlie\u00dft Neuwahl des Jugendrats 2020"},"content":{"rendered":"<p style=\"text-align: justify;\">Stuttgart.| Der Gemeinderat hat in seiner Sitzung am 4. Juli der turnusgem\u00e4\u00dfen Wahl und Bildung von Jugendr\u00e4ten und der Einrichtung von offenen Beteiligungsformen im Jahr 2020 in allen Stadtbezirken zugestimmt. Die 13. Jugendratswahl soll im Januar 2020 stattfinden. In den Stadtbezirken, in denen aufgrund zu geringer Kandidatenzahl keine Wahl stattfinden kann, sollen Projektgruppen oder offene Beteiligungsformen angeboten werden. 2017 gab es in 18 Stadtbezirken und den Innenstadtbezirken Mitte, Nord, Ost, S\u00fcd und West ausreichend Kandidierende f\u00fcr eine Wahl. Insgesamt meldeten sich 367 Kandidierende an. Die Zahl der gew\u00e4hlten Jugendratsgremien erh\u00f6hte sich gegen\u00fcber der vorherigen Wahl um drei auf 15 Gremien.<\/p>\n<p style=\"text-align: justify;\">F\u00fcr die Vorbereitung und Durchf\u00fchrung der Jugendratswahlen in allen Stadtbezirken werden maximal 80.000 Euro bereitgestellt. 30.000 Euro davon werden in diesem Jahr, 50.000 Euro im Jahr 2020 ben\u00f6tigt. F\u00fcr die laufende Arbeit der Jugendbeteiligungsformen in den bis zu 19 Bezirken werden j\u00e4hrlich 87.700 Euro bereitgestellt. Ziel ist, dass bei der Jugendratswahl 2020 in allen Stadtbezirken Jugendr\u00e4te gew\u00e4hlt werden k\u00f6nnen. Daf\u00fcr muss die Anzahl der Bewerberinnen und Bewerber in den bestehenden Jugendratsbezirken mindestens erhalten und die Anzahl dort erh\u00f6ht werden, wo es bei der letzten Wahl zu wenig Kandidierende gab. Daf\u00fcr sollen die mit den Jugendr\u00e4ten erprobten und bew\u00e4hrten Werbema\u00dfnahmen weiterentwickelt werden.<\/p>\n<p style=\"text-align: justify;\"><strong>Zeitlicher Ablauf<br \/>\n<\/strong>Bis zum 21. September sollen alle rund 25.000 wahlberechtigten Jugendlichen in allen Stadtbezirken den Informations- und Anmeldeflyer zur Jugendratswahl 2020 erhalten. Der Bewerbungszeitraum f\u00fcr Kandidierende l\u00e4uft vom 23. September bis zum 31.Oktober. Gew\u00e4hlt werden kann vom 13. bis 31. Januar 2020. Der neue Jugendrat startet dann am 19. Februar im Rathaus seine Amtszeit, der alte Jugendrat wird gleichzeitig verabschiedet.<\/p>\n<hr \/>\n<p style=\"text-align: justify;\">\n","protected":false},"excerpt":{"rendered":"<p>Stuttgart.| Der Gemeinderat hat in seiner Sitzung am 4. Juli der turnusgem\u00e4\u00dfen Wahl und Bildung von Jugendr\u00e4ten und der Einrichtung von offenen Beteiligungsformen im Jahr 2020 in allen Stadtbezirken zugestimmt. Die 13. Jugendratswahl soll im Januar 2020 stattfinden. In den Stadtbezirken, in denen aufgrund zu geringer Kandidatenzahl keine Wahl stattfinden kann, sollen Projektgruppen oder offene [&hellip;]<\/p>\n","protected":false},"author":4,"featured_media":0,"comment_status":"closed","ping_status":"open","sticky":false,"template":"","format":"standard","meta":{"inline_featured_image":false,"_exactmetrics_skip_tracking":false,"_exactmetrics_sitenote_active":false,"_exactmetrics_sitenote_note":"","_exactmetrics_sitenote_category":0,"footnotes":""},"categories":[2239],"tags":[14857,5,11623,9255,68,9,275],"class_list":{"0":"post-135483","1":"post","2":"type-post","3":"status-publish","4":"format-standard","6":"category-stuttgart-lokal","7":"tag-die-webzeitung","8":"tag-internetzeitung","9":"tag-jugendrat","10":"tag-neuwahl","11":"tag-online-zeitung","12":"tag-schaumedia","13":"tag-stuttgart"},"image_feature":null,"author_name":"Redaktion","pure_taxonomies":{"categories":[{"term_id":2239,"name":"Stuttgart","slug":"stuttgart-lokal","term_group":0,"term_taxonomy_id":2252,"taxonomy":"category","description":"Berichte und Informationen aus Stuttgart","parent":1433,"count":941,"filter":"raw","image":""}],"tags":[{"term_id":14857,"name":"Die-Webzeitung","slug":"die-webzeitung","term_group":0,"term_taxonomy_id":14876,"taxonomy":"post_tag","description":"","parent":0,"count":3616,"filter":"raw","image":""},{"term_id":5,"name":"Internetzeitung","slug":"internetzeitung","term_group":0,"term_taxonomy_id":5,"taxonomy":"post_tag","description":"","parent":0,"count":1461,"filter":"raw","image":""},{"term_id":11623,"name":"Jugendrat","slug":"jugendrat","term_group":0,"term_taxonomy_id":11661,"taxonomy":"post_tag","description":"","parent":0,"count":3,"filter":"raw","image":""},{"term_id":9255,"name":"Neuwahl","slug":"neuwahl","term_group":0,"term_taxonomy_id":9283,"taxonomy":"post_tag","description":"","parent":0,"count":1,"filter":"raw","image":""},{"term_id":68,"name":"Online-Zeitung","slug":"online-zeitung","term_group":0,"term_taxonomy_id":69,"taxonomy":"post_tag","description":"","parent":0,"count":3586,"filter":"raw","image":""},{"term_id":9,"name":"SchauMedia","slug":"schaumedia","term_group":0,"term_taxonomy_id":9,"taxonomy":"post_tag","description":"","parent":0,"count":1607,"filter":"raw","image":""},{"term_id":275,"name":"Stuttgart","slug":"stuttgart","term_group":0,"term_taxonomy_id":281,"taxonomy":"post_tag","description":"","parent":0,"count":1193,"filter":"raw","image":""}]},"_links":{"self":[{"href":"https:\/\/die-webzeitung.de\/stuttgart\/wp-json\/wp\/v2\/posts\/135483","targetHints":{"allow":["GET"]}}],"collection":[{"href":"https:\/\/die-webzeitung.de\/stuttgart\/wp-json\/wp\/v2\/posts"}],"about":[{"href":"https:\/\/die-webzeitung.de\/stuttgart\/wp-json\/wp\/v2\/types\/post"}],"author":[{"embeddable":true,"href":"https:\/\/die-webzeitung.de\/stuttgart\/wp-json\/wp\/v2\/users\/4"}],"replies":[{"embeddable":true,"href":"https:\/\/die-webzeitung.de\/stuttgart\/wp-json\/wp\/v2\/comments?post=135483"}],"version-history":[{"count":1,"href":"https:\/\/die-webzeitung.de\/stuttgart\/wp-json\/wp\/v2\/posts\/135483\/revisions"}],"predecessor-version":[{"id":135484,"href":"https:\/\/die-webzeitung.de\/stuttgart\/wp-json\/wp\/v2\/posts\/135483\/revisions\/135484"}],"wp:attachment":[{"href":"https:\/\/die-webzeitung.de\/stuttgart\/wp-json\/wp\/v2\/media?parent=135483"}],"wp:term":[{"taxonomy":"category","embeddable":true,"href":"https:\/\/die-webzeitung.de\/stuttgart\/wp-json\/wp\/v2\/categories?post=135483"},{"taxonomy":"post_tag","embeddable":true,"href":"https:\/\/die-webzeitung.de\/stuttgart\/wp-json\/wp\/v2\/tags?post=135483"}],"curies":[{"name":"wp","href":"https:\/\/api.w.org\/{rel}","templated":true}]}}