{"id":135479,"date":"2019-07-04T17:23:07","date_gmt":"2019-07-04T16:23:07","guid":{"rendered":"https:\/\/die-webzeitung.de\/stuttgart\/?p=135479"},"modified":"2019-07-04T17:23:07","modified_gmt":"2019-07-04T16:23:07","slug":"gemeinderat-julia-schmid-verzichtet-auf-mandat","status":"publish","type":"post","link":"https:\/\/die-webzeitung.de\/stuttgart\/2019\/07\/04\/gemeinderat-julia-schmid-verzichtet-auf-mandat\/","title":{"rendered":"Gemeinderat: Julia Schmid verzichtet auf Mandat"},"content":{"rendered":"<h5 style=\"text-align: justify;\"><strong>Christian Walter r\u00fcckt nach<\/strong><\/h5>\n<p style=\"text-align: justify;\">Stuttgart.| Julia Schmid lehnt die ehrenamtliche T\u00e4tigkeit als Mitglied des Gemeinderats aus wichtigem Grund ab. Sie wird damit nicht in den f\u00fcr die Amtsperiode 2019 bis 2024 gew\u00e4hlten Gemeinderat der Landeshauptstadt Stuttgart eintreten. Dies hat der Gemeinderat am Donnerstag, 4. Juli, festgestellt.<\/p>\n<p style=\"text-align: justify;\">Bei der Gemeinderatswahl am 26. Mai 2019 wurde Julia Schmid auf dem Wahlvorschlag der Jungen Liste Stuttgart in den Gemeinderat gew\u00e4hlt. Die Gemeindeordnung f\u00fcr Baden-W\u00fcrttemberg f\u00fchrt verschiedene Gr\u00fcnde auf, nach denen eine ehrenamtliche T\u00e4tigkeit abgelehnt werden kann. Hiervon macht Frau Schmid Gebrauch. An ihrer Stelle wird Christian Walter in den neu gew\u00e4hlten Gemeinderat eintreten. Er ist bereits seit 2014 f\u00fcr die Studentische Liste Mitglied des Gemeinderats.<\/p>\n<hr \/>\n<p style=\"text-align: justify;\">\n","protected":false},"excerpt":{"rendered":"<p>Christian Walter r\u00fcckt nach Stuttgart.| Julia Schmid lehnt die ehrenamtliche T\u00e4tigkeit als Mitglied des Gemeinderats aus wichtigem Grund ab. Sie wird damit nicht in den f\u00fcr die Amtsperiode 2019 bis 2024 gew\u00e4hlten Gemeinderat der Landeshauptstadt Stuttgart eintreten. Dies hat der Gemeinderat am Donnerstag, 4. Juli, festgestellt. Bei der Gemeinderatswahl am 26. Mai 2019 wurde Julia [&hellip;]<\/p>\n","protected":false},"author":4,"featured_media":0,"comment_status":"closed","ping_status":"open","sticky":false,"template":"","format":"standard","meta":{"inline_featured_image":false,"_exactmetrics_skip_tracking":false,"_exactmetrics_sitenote_active":false,"_exactmetrics_sitenote_note":"","_exactmetrics_sitenote_category":0,"footnotes":""},"categories":[2239],"tags":[14857,480,5,68,9,275],"class_list":{"0":"post-135479","1":"post","2":"type-post","3":"status-publish","4":"format-standard","6":"category-stuttgart-lokal","7":"tag-die-webzeitung","8":"tag-gemeinderat","9":"tag-internetzeitung","10":"tag-online-zeitung","11":"tag-schaumedia","12":"tag-stuttgart"},"image_feature":null,"author_name":"Redaktion","pure_taxonomies":{"categories":[{"term_id":2239,"name":"Stuttgart","slug":"stuttgart-lokal","term_group":0,"term_taxonomy_id":2252,"taxonomy":"category","description":"Berichte und Informationen aus Stuttgart","parent":1433,"count":941,"filter":"raw","image":""}],"tags":[{"term_id":14857,"name":"Die-Webzeitung","slug":"die-webzeitung","term_group":0,"term_taxonomy_id":14876,"taxonomy":"post_tag","description":"","parent":0,"count":3616,"filter":"raw","image":""},{"term_id":480,"name":"Gemeinderat","slug":"gemeinderat","term_group":0,"term_taxonomy_id":487,"taxonomy":"post_tag","description":"","parent":0,"count":10,"filter":"raw","image":""},{"term_id":5,"name":"Internetzeitung","slug":"internetzeitung","term_group":0,"term_taxonomy_id":5,"taxonomy":"post_tag","description":"","parent":0,"count":1461,"filter":"raw","image":""},{"term_id":68,"name":"Online-Zeitung","slug":"online-zeitung","term_group":0,"term_taxonomy_id":69,"taxonomy":"post_tag","description":"","parent":0,"count":3586,"filter":"raw","image":""},{"term_id":9,"name":"SchauMedia","slug":"schaumedia","term_group":0,"term_taxonomy_id":9,"taxonomy":"post_tag","description":"","parent":0,"count":1607,"filter":"raw","image":""},{"term_id":275,"name":"Stuttgart","slug":"stuttgart","term_group":0,"term_taxonomy_id":281,"taxonomy":"post_tag","description":"","parent":0,"count":1193,"filter":"raw","image":""}]},"_links":{"self":[{"href":"https:\/\/die-webzeitung.de\/stuttgart\/wp-json\/wp\/v2\/posts\/135479","targetHints":{"allow":["GET"]}}],"collection":[{"href":"https:\/\/die-webzeitung.de\/stuttgart\/wp-json\/wp\/v2\/posts"}],"about":[{"href":"https:\/\/die-webzeitung.de\/stuttgart\/wp-json\/wp\/v2\/types\/post"}],"author":[{"embeddable":true,"href":"https:\/\/die-webzeitung.de\/stuttgart\/wp-json\/wp\/v2\/users\/4"}],"replies":[{"embeddable":true,"href":"https:\/\/die-webzeitung.de\/stuttgart\/wp-json\/wp\/v2\/comments?post=135479"}],"version-history":[{"count":1,"href":"https:\/\/die-webzeitung.de\/stuttgart\/wp-json\/wp\/v2\/posts\/135479\/revisions"}],"predecessor-version":[{"id":135480,"href":"https:\/\/die-webzeitung.de\/stuttgart\/wp-json\/wp\/v2\/posts\/135479\/revisions\/135480"}],"wp:attachment":[{"href":"https:\/\/die-webzeitung.de\/stuttgart\/wp-json\/wp\/v2\/media?parent=135479"}],"wp:term":[{"taxonomy":"category","embeddable":true,"href":"https:\/\/die-webzeitung.de\/stuttgart\/wp-json\/wp\/v2\/categories?post=135479"},{"taxonomy":"post_tag","embeddable":true,"href":"https:\/\/die-webzeitung.de\/stuttgart\/wp-json\/wp\/v2\/tags?post=135479"}],"curies":[{"name":"wp","href":"https:\/\/api.w.org\/{rel}","templated":true}]}}