{"id":135476,"date":"2019-07-04T17:19:48","date_gmt":"2019-07-04T16:19:48","guid":{"rendered":"https:\/\/die-webzeitung.de\/stuttgart\/?p=135476"},"modified":"2019-07-04T17:19:48","modified_gmt":"2019-07-04T16:19:48","slug":"schnelles-internet-fuer-rund-500-haushalte","status":"publish","type":"post","link":"https:\/\/die-webzeitung.de\/stuttgart\/2019\/07\/04\/schnelles-internet-fuer-rund-500-haushalte\/","title":{"rendered":"Schnelles Internet f\u00fcr rund 500 Haushalte"},"content":{"rendered":"<ul style=\"text-align: justify;\">\n<li><strong>Maximales Tempo: 1 Gigabit\/s<\/strong><\/li>\n<li><strong>Trenching beschleunigt den Ausbau<\/strong><\/li>\n<li><strong>Mehr als 63 km Glasfaserkabel werden verlegt<\/strong><\/li>\n<\/ul>\n<p style=\"text-align: justify;\">Bempflingen.| Die Entscheidung ist gefallen. Bempflingen sagt Ja zum Glasfaserausbau. Fast 500 Haushalte haben sich bislang f\u00fcr einen Glasfaser-Tarif entschieden. Die Telekom beginnt jetzt mit dem Bau des schnellen Netzes. Das maximale Tempo beim Herunterladen steigt auf bis zu 1 Gigabit pro Sekunde (GBit\/s). Damit hat der Kunde einen Anschluss, der alle M\u00f6glichkeiten f\u00fcr digitale Anwendungen bietet: Video-Streaming, Gaming oder Arbeiten von zu Hause. Er eignet sich auch f\u00fcr Technologien wie Virtual Reality, Telemedizin und Smart Home.<\/p>\n<p style=\"text-align: justify;\">Aktuell profitieren von diesem Ausbau 499 Haushalte. Sie haben bereits bei der Vorvermarktung einen Glasfaseranschluss beauftragt. Die Telekom wird in Bempflingen ca. 63 Kilometer Glasfaser verlegen, 14 neue Glasfasernetzverteiler (NVt) aufstellen und zun\u00e4chst jene 499 neue Anschl\u00fcsse herstellen.<\/p>\n<p style=\"text-align: justify;\">F\u00fcr das Verlegen der Glasfaserkabel ist umfangreicher Tiefbau n\u00f6tig. Auf 4,5 von insgesamt 13,5 Kilometern mit Tiefbau kann die Telekom allerdings das sogenannte Trenching einsetzen.<\/p>\n<p style=\"text-align: justify;\">Beim Trenching m\u00fcssen f\u00fcr die Verlegung der Glasfaser keine Gr\u00e4ben ausgebaggert werden. Stattdessen werden schmale Schlitze in den Bodenbelag gefr\u00e4st. Trenching ist etwa f\u00fcnfmal schneller als das herk\u00f6mmliche Tiefbau-Verfahren. Die Beeintr\u00e4chtigungen f\u00fcr die Anwohner, aufgrund von Baustellen, wird damit auf ein Minimum reduziert.<\/p>\n<p style=\"text-align: justify;\">\u201eIch freue mich, dass die Arbeiten in Bempflingen nun starten\u201c, sagt B\u00fcrgermeister Bernd Welser, \u201emit dem Ausbau machen wir in Sachen Bandbreite einen Quantensprung. Bempflingen steigt in die erste deutsche Gigabit-Liga auf.\u201c<\/p>\n<p style=\"text-align: justify;\">\u201eAuch ich freue mich dar\u00fcber, dass sich so viele Interessenten f\u00fcr einen Glasfaseranschluss registriert haben und wir ausbauen k\u00f6nnen. Dieser Spatenstich hier in Bempflingen ist gleichzeitig der Startschuss des Ausbaus im Landkreis Esslingen in der Region Stuttgart. Dies ist das gr\u00f6\u00dfte Glasfaser-Projekt der Telekom in Deutschland.\u201c Sabine Wittlinger, Partner-Managerin Region Stuttgart der Telekom Deutschland, dankt allen Verantwortlichen in der Kommune, im Landkreis und der Region f\u00fcr deren Unterst\u00fctzung. Die ersten Haushalte in Bempflingen werden ihren Glasfaseranschluss voraussichtlich Ende des Jahres nutzen k\u00f6nnen\u201c, erkl\u00e4rt Wittlinger.<\/p>\n<p style=\"text-align: justify;\">\u201eBempflingen macht den Anfang f\u00fcr den schnellen Glasfaserausbau im Landkreis Esslingen. Wir sind zuversichtlich, unsere ehrgeizigen Ziele, bis 2025 alle Gewerbegebiete und bis 2030 90 % der Haushalte an das schnelle Internet anzuschlie\u00dfen, erreichen zu k\u00f6nnen\u201c, erkl\u00e4rt der Verbandsvorsitzende f\u00fcr den Zweckverband Breitbandversorgung Landkreis Esslingen, Landrat Heinz Eininger.<\/p>\n<p style=\"text-align: justify;\">\u201eDas Beispiel Bempflingen zeigt, dass von unserem Kooperationsprogramm nicht nur gr\u00f6\u00dfere St\u00e4dte profitieren, sondern auch der l\u00e4ndliche Raum, sofern bei den B\u00fcrgern eine ausreichende Nachfrage besteht\u201c, betont Hans-J\u00fcrgen Bahde, Gesch\u00e4ftsf\u00fchrer der Gigabit Region Stuttgart GmbH und Breitbandbeauftragter der Region Stuttgart.<\/p>\n<p style=\"text-align: justify;\"><strong>Kooperation von Deutscher Telekom und der Gigabit Region Stuttgart<br \/>\n<\/strong>Der Ausbau in Bempflingen ist Ergebnis einer Kooperation der Gigabit Region Stuttgart GmbH mit der Deutschen Telekom. Im Fokus des Gigabitprojekts steht der partnerschaftliche Ausbau des ultraschnellen Glasfasernetzes. Bis 2025 sollen zudem 99 Prozent der Bev\u00f6lkerung Mobilfunk (LTE) nutzen k\u00f6nnen. Au\u00dferdem ist geplant, ein leistungsstarkes 5G-Netz z\u00fcgig aufzubauen. Der Vertrag ist in dieser Dimension deutschlandweit einmalig. Weitere Unternehmen sollen die nun entstehende digitale Infrastruktur zu fairen und markt\u00fcblichen Konditionen nutzen k\u00f6nnen. Zudem soll das Programm Investitionen weiterer Marktteilnehmer in Glasfaser stimulieren.<\/p>\n<p style=\"text-align: justify;\">Das Ausbaugebiet umfasst derzeit 174 Kommunen in der Stadt Stuttgart sowie in den f\u00fcnf benachbarten Landkreisen B\u00f6blingen, Esslingen, G\u00f6ppingen, Ludwigsburg und Rems-Murr. In dem Ballungsraum leben rund 2,8 Millionen Menschen. Etwa 140.000 Unternehmen sind dort angesiedelt.<\/p>\n<hr \/>\n<p style=\"text-align: justify;\">\n","protected":false},"excerpt":{"rendered":"<p>Maximales Tempo: 1 Gigabit\/s Trenching beschleunigt den Ausbau Mehr als 63 km Glasfaserkabel werden verlegt Bempflingen.| Die Entscheidung ist gefallen. Bempflingen sagt Ja zum Glasfaserausbau. Fast 500 Haushalte haben sich bislang f\u00fcr einen Glasfaser-Tarif entschieden. Die Telekom beginnt jetzt mit dem Bau des schnellen Netzes. Das maximale Tempo beim Herunterladen steigt auf bis zu 1 [&hellip;]<\/p>\n","protected":false},"author":4,"featured_media":135477,"comment_status":"closed","ping_status":"open","sticky":false,"template":"","format":"standard","meta":{"inline_featured_image":false,"_exactmetrics_skip_tracking":false,"_exactmetrics_sitenote_active":false,"_exactmetrics_sitenote_note":"","_exactmetrics_sitenote_category":0,"footnotes":""},"categories":[59,2247],"tags":[14008,14857,14440,15782,167,5,68,9],"class_list":{"0":"post-135476","1":"post","2":"type-post","3":"status-publish","4":"format-standard","5":"has-post-thumbnail","7":"category-aktuell","8":"category-kreis-esslingen","9":"tag-breitband","10":"tag-die-webzeitung","11":"tag-esslingen","12":"tag-glasfaser","13":"tag-internet","14":"tag-internetzeitung","15":"tag-online-zeitung","16":"tag-schaumedia"},"image_feature":"https:\/\/die-webzeitung.de\/stuttgart\/wp-content\/uploads\/sites\/4\/2019\/07\/Bild-Bempflingen-Spatenstich-04.07.2019.jpg","author_name":"Redaktion","pure_taxonomies":{"categories":[{"term_id":59,"name":"Aktuell","slug":"aktuell","term_group":0,"term_taxonomy_id":60,"taxonomy":"category","description":"","parent":0,"count":1017,"filter":"raw","image":""},{"term_id":2247,"name":"Kreis Esslingen","slug":"kreis-esslingen","term_group":0,"term_taxonomy_id":2260,"taxonomy":"category","description":"Informationen aus dem Landkreis Esslingen","parent":171,"count":214,"filter":"raw","image":""}],"tags":[{"term_id":14008,"name":"Breitband","slug":"breitband","term_group":0,"term_taxonomy_id":14050,"taxonomy":"post_tag","description":"","parent":0,"count":4,"filter":"raw","image":""},{"term_id":14857,"name":"Die-Webzeitung","slug":"die-webzeitung","term_group":0,"term_taxonomy_id":14876,"taxonomy":"post_tag","description":"","parent":0,"count":3625,"filter":"raw","image":""},{"term_id":14440,"name":"Esslingen","slug":"esslingen","term_group":0,"term_taxonomy_id":3885,"taxonomy":"post_tag","description":"","parent":0,"count":202,"filter":"raw","image":""},{"term_id":15782,"name":"Glasfaser","slug":"glasfaser","term_group":0,"term_taxonomy_id":15801,"taxonomy":"post_tag","description":"","parent":0,"count":4,"filter":"raw","image":""},{"term_id":167,"name":"Internet","slug":"internet","term_group":0,"term_taxonomy_id":169,"taxonomy":"post_tag","description":"","parent":0,"count":3,"filter":"raw","image":""},{"term_id":5,"name":"Internetzeitung","slug":"internetzeitung","term_group":0,"term_taxonomy_id":5,"taxonomy":"post_tag","description":"","parent":0,"count":1461,"filter":"raw","image":""},{"term_id":68,"name":"Online-Zeitung","slug":"online-zeitung","term_group":0,"term_taxonomy_id":69,"taxonomy":"post_tag","description":"","parent":0,"count":3595,"filter":"raw","image":""},{"term_id":9,"name":"SchauMedia","slug":"schaumedia","term_group":0,"term_taxonomy_id":9,"taxonomy":"post_tag","description":"","parent":0,"count":1607,"filter":"raw","image":""}]},"_links":{"self":[{"href":"https:\/\/die-webzeitung.de\/stuttgart\/wp-json\/wp\/v2\/posts\/135476","targetHints":{"allow":["GET"]}}],"collection":[{"href":"https:\/\/die-webzeitung.de\/stuttgart\/wp-json\/wp\/v2\/posts"}],"about":[{"href":"https:\/\/die-webzeitung.de\/stuttgart\/wp-json\/wp\/v2\/types\/post"}],"author":[{"embeddable":true,"href":"https:\/\/die-webzeitung.de\/stuttgart\/wp-json\/wp\/v2\/users\/4"}],"replies":[{"embeddable":true,"href":"https:\/\/die-webzeitung.de\/stuttgart\/wp-json\/wp\/v2\/comments?post=135476"}],"version-history":[{"count":1,"href":"https:\/\/die-webzeitung.de\/stuttgart\/wp-json\/wp\/v2\/posts\/135476\/revisions"}],"predecessor-version":[{"id":135478,"href":"https:\/\/die-webzeitung.de\/stuttgart\/wp-json\/wp\/v2\/posts\/135476\/revisions\/135478"}],"wp:featuredmedia":[{"embeddable":true,"href":"https:\/\/die-webzeitung.de\/stuttgart\/wp-json\/wp\/v2\/media\/135477"}],"wp:attachment":[{"href":"https:\/\/die-webzeitung.de\/stuttgart\/wp-json\/wp\/v2\/media?parent=135476"}],"wp:term":[{"taxonomy":"category","embeddable":true,"href":"https:\/\/die-webzeitung.de\/stuttgart\/wp-json\/wp\/v2\/categories?post=135476"},{"taxonomy":"post_tag","embeddable":true,"href":"https:\/\/die-webzeitung.de\/stuttgart\/wp-json\/wp\/v2\/tags?post=135476"}],"curies":[{"name":"wp","href":"https:\/\/api.w.org\/{rel}","templated":true}]}}