{"id":135444,"date":"2019-07-03T13:21:46","date_gmt":"2019-07-03T12:21:46","guid":{"rendered":"https:\/\/die-webzeitung.de\/stuttgart\/?p=135444"},"modified":"2019-07-03T13:21:46","modified_gmt":"2019-07-03T12:21:46","slug":"sanierung-des-rosengartens-abgeschlossen","status":"publish","type":"post","link":"https:\/\/die-webzeitung.de\/stuttgart\/2019\/07\/03\/sanierung-des-rosengartens-abgeschlossen\/","title":{"rendered":"Sanierung des Rosengartens abgeschlossen"},"content":{"rendered":"<p style=\"text-align: justify;\"><strong>Jahrelanger \u201eDornr\u00f6schenschlaf\u201c beendet<\/strong><\/p>\n<p style=\"text-align: justify;\">Stuttgart.| Der Leiter des Garten-, Friedhofs- und Forstamts, Volker Schirner, hat am Mittwoch, 3. Juli, in den Rosengarten Villa Berg zu einem sommerlichen Nachmittag eingeladen. Mit der Pflanzung von 1.915 Rosenst\u00f6cken ist die Bauphase Rosengarten mit dem Belvedere im Park der Villa Berg offiziell abgeschlossen. Bereits Anfang Oktober 2018 konnten die technischen Anlagen dieses Teilbereichs der Parkanlage der \u00d6ffentlichkeit \u00fcbergeben werden. Damit steht den Anwohnern und Besuchern ihr lieb gewordener Rosengarten als Garten- und Balkonersatz wieder zur Verf\u00fcgung.<\/p>\n<p style=\"text-align: justify;\">Vor allem alte Rosensorten sind gepflanzt worden. Darunter finden sich illustre Namen wie zum Beispiel \u201eJacques Cartier\u201c von 1834 und \u201eMme. Boll\u201c (1850). Aber auch moderne Sorten wie \u201eConstanze Mozart\u201c (2012), \u201eGartenprinzessin Marie Jose\u201c (2012) und \u201eCarmen W\u00fcrth\u201c (2018) sind im Rosengarten zu bestaunen. An den S\u00e4ulen der Pergola ist beispielsweise als rankende Rose die Sorte \u201eLaure Davoust\u201c von 1834 zu sehen. Weitere Edelrosen schm\u00fccken die Beete.<\/p>\n<p style=\"text-align: justify;\">F\u00f6rdermittel aus Bundesprogrammen und Stiftung Stuttgarter Br\u00fcnnele<\/p>\n<p style=\"text-align: justify;\">Das Gesamtensemble Villa Berg und der Park der Villa Berg sind Teil der Sanierung Stuttgart 29 \u2013 Teilbereich St\u00f6ckach. F\u00fcr Teile der Parkanlage wurde ein Zuwendungsantrag im Rahmen des Bundesprogramms \u201eNationale Projekte des St\u00e4dtebaus\u201c bewilligt. Im Rahmen dieses Programms wurde der Rosengarten mit 580.000 Euro bezuschusst. Hiervon tr\u00e4gt das Bundesinstitut f\u00fcr Bau-, Stadt- und Raumforschung zwei Drittel. Ein Drittel der Kosten entfiel als Kofinanzierung auf die Landeshauptstadt Stuttgart.<\/p>\n<p style=\"text-align: justify;\">Dank der Spende der Stiftung Stuttgarter Br\u00fcnnele in H\u00f6he von 70.000 Euro konnte die Sanierung und Wiederinbetriebnahme des Wasserbeckens im Zentrum des unteren Rasenparterres umgesetzt werden. Damit ist das urspr\u00fcngliche Gesamtensemble mit einem funktionsf\u00e4higen Brunnen wiederhergestellt. Die Brunnentechnik ist um Beleuchtung und Wasserfont\u00e4nen erg\u00e4nzt worden.<\/p>\n<hr \/>\n<p style=\"text-align: justify;\">\n","protected":false},"excerpt":{"rendered":"<p>Jahrelanger \u201eDornr\u00f6schenschlaf\u201c beendet Stuttgart.| Der Leiter des Garten-, Friedhofs- und Forstamts, Volker Schirner, hat am Mittwoch, 3. Juli, in den Rosengarten Villa Berg zu einem sommerlichen Nachmittag eingeladen. Mit der Pflanzung von 1.915 Rosenst\u00f6cken ist die Bauphase Rosengarten mit dem Belvedere im Park der Villa Berg offiziell abgeschlossen. Bereits Anfang Oktober 2018 konnten die technischen [&hellip;]<\/p>\n","protected":false},"author":4,"featured_media":0,"comment_status":"closed","ping_status":"open","sticky":false,"template":"","format":"standard","meta":{"inline_featured_image":false,"_exactmetrics_skip_tracking":false,"_exactmetrics_sitenote_active":false,"_exactmetrics_sitenote_note":"","_exactmetrics_sitenote_category":0,"footnotes":""},"categories":[2239],"tags":[14857,5,68,16339,460,9,275],"class_list":{"0":"post-135444","1":"post","2":"type-post","3":"status-publish","4":"format-standard","6":"category-stuttgart-lokal","7":"tag-die-webzeitung","8":"tag-internetzeitung","9":"tag-online-zeitung","10":"tag-rosengarten","11":"tag-sanierung","12":"tag-schaumedia","13":"tag-stuttgart"},"image_feature":null,"author_name":"Redaktion","pure_taxonomies":{"categories":[{"term_id":2239,"name":"Stuttgart","slug":"stuttgart-lokal","term_group":0,"term_taxonomy_id":2252,"taxonomy":"category","description":"Berichte und Informationen aus Stuttgart","parent":1433,"count":940,"filter":"raw","image":""}],"tags":[{"term_id":14857,"name":"Die-Webzeitung","slug":"die-webzeitung","term_group":0,"term_taxonomy_id":14876,"taxonomy":"post_tag","description":"","parent":0,"count":3615,"filter":"raw","image":""},{"term_id":5,"name":"Internetzeitung","slug":"internetzeitung","term_group":0,"term_taxonomy_id":5,"taxonomy":"post_tag","description":"","parent":0,"count":1461,"filter":"raw","image":""},{"term_id":68,"name":"Online-Zeitung","slug":"online-zeitung","term_group":0,"term_taxonomy_id":69,"taxonomy":"post_tag","description":"","parent":0,"count":3585,"filter":"raw","image":""},{"term_id":16339,"name":"Rosengarten","slug":"rosengarten","term_group":0,"term_taxonomy_id":16358,"taxonomy":"post_tag","description":"","parent":0,"count":1,"filter":"raw","image":""},{"term_id":460,"name":"Sanierung","slug":"sanierung","term_group":0,"term_taxonomy_id":467,"taxonomy":"post_tag","description":"","parent":0,"count":20,"filter":"raw","image":""},{"term_id":9,"name":"SchauMedia","slug":"schaumedia","term_group":0,"term_taxonomy_id":9,"taxonomy":"post_tag","description":"","parent":0,"count":1607,"filter":"raw","image":""},{"term_id":275,"name":"Stuttgart","slug":"stuttgart","term_group":0,"term_taxonomy_id":281,"taxonomy":"post_tag","description":"","parent":0,"count":1192,"filter":"raw","image":""}]},"_links":{"self":[{"href":"https:\/\/die-webzeitung.de\/stuttgart\/wp-json\/wp\/v2\/posts\/135444","targetHints":{"allow":["GET"]}}],"collection":[{"href":"https:\/\/die-webzeitung.de\/stuttgart\/wp-json\/wp\/v2\/posts"}],"about":[{"href":"https:\/\/die-webzeitung.de\/stuttgart\/wp-json\/wp\/v2\/types\/post"}],"author":[{"embeddable":true,"href":"https:\/\/die-webzeitung.de\/stuttgart\/wp-json\/wp\/v2\/users\/4"}],"replies":[{"embeddable":true,"href":"https:\/\/die-webzeitung.de\/stuttgart\/wp-json\/wp\/v2\/comments?post=135444"}],"version-history":[{"count":1,"href":"https:\/\/die-webzeitung.de\/stuttgart\/wp-json\/wp\/v2\/posts\/135444\/revisions"}],"predecessor-version":[{"id":135445,"href":"https:\/\/die-webzeitung.de\/stuttgart\/wp-json\/wp\/v2\/posts\/135444\/revisions\/135445"}],"wp:attachment":[{"href":"https:\/\/die-webzeitung.de\/stuttgart\/wp-json\/wp\/v2\/media?parent=135444"}],"wp:term":[{"taxonomy":"category","embeddable":true,"href":"https:\/\/die-webzeitung.de\/stuttgart\/wp-json\/wp\/v2\/categories?post=135444"},{"taxonomy":"post_tag","embeddable":true,"href":"https:\/\/die-webzeitung.de\/stuttgart\/wp-json\/wp\/v2\/tags?post=135444"}],"curies":[{"name":"wp","href":"https:\/\/api.w.org\/{rel}","templated":true}]}}