{"id":135438,"date":"2019-07-03T13:15:51","date_gmt":"2019-07-03T12:15:51","guid":{"rendered":"https:\/\/die-webzeitung.de\/stuttgart\/?p=135438"},"modified":"2019-07-03T13:16:25","modified_gmt":"2019-07-03T12:16:25","slug":"stuttgart-21-bauarbeiten-im-bereich-des-bahnhofs-stuttgart-feuerbach","status":"publish","type":"post","link":"https:\/\/die-webzeitung.de\/stuttgart\/2019\/07\/03\/stuttgart-21-bauarbeiten-im-bereich-des-bahnhofs-stuttgart-feuerbach\/","title":{"rendered":"Stuttgart-21-Bauarbeiten im Bereich des Bahnhofs Stuttgart-Feuerbach"},"content":{"rendered":"<p style=\"text-align: justify;\"><strong>Im Juli Einschr\u00e4nkungen im Fern-, Nah- und S-Bahn-Verkehr &#8211; am Donnerstag, 11. Juli, und Freitag, 12. Juli, insbesondere auch f\u00fcr Pendler und Sch\u00fcler<\/strong><\/p>\n<p style=\"text-align: justify;\">Stuttgart.| Im Zusammenhang mit Stuttgart 21 stehen weitere Arbeiten im Bereich des Bahnhofs Stuttgart-Feuerbach in der Zeit von Mittwoch, 10. Juli 2019, bis Montag, 22. Juli 2019, an. F\u00fcr die letzte Umlegung von Gleisen werden die Fernbahngleise vor\u00fcbergehend gesperrt. Dies ist notwendig, um die alte Br\u00fccke \u00fcber die Borsigstra\u00dfe zu erneuern und f\u00fcr das Rampenbauwerk des Tunnels in Feuerbach Platz zu schaffen. Es stehen daher nur zwei der vier Streckengleise zu Verf\u00fcgung. Im Zugverkehr kommt es zu folgenden Einschr\u00e4nkungen, die am Donnerstag, 11. Juli, und Freitag, 12. Juli, insbesondere auch den Pendler- und Sch\u00fclerverkehr betreffen:<\/p>\n<p style=\"text-align: justify;\"><strong>Fernverkehr<\/strong><\/p>\n<p style=\"text-align: justify;\">Mittwoch, 10. Juli, 23.30 Uhr bis Montag, 15. Juli, 4.50 Uhr<br \/>\nFreitag, 19. Juli 23.30 Uhr bis Montag, 22. Juli, 4.50 Uhr<\/p>\n<p style=\"text-align: justify;\">Auf einigen Verbindungen muss auf den Halt Esslingen (Neckar) statt Stuttgart Hbf ausgewichen werden. Es \u00e4ndern sich mehrere Fahrzeiten. Einzelne Fahrten entfallen.<\/p>\n<p style=\"text-align: justify;\">Die aus Berlin, Hamburg bzw. Dortmund und K\u00f6ln \u00fcber Mannheim nach Stuttgart fahrenden ICE-Linien werden \u00fcber Vaihingen (Enz)-Bietigheim-Ludwigsburg umgeleitet. Dadurch fahren die ICE bis zu 20 Minuten sp\u00e4ter ab Stuttgart, Ulm und Augsburg in Richtung M\u00fcnchen. In der Gegenrichtung fahren diese ICE bis zu 40 Minuten fr\u00fcher ab M\u00fcnchen, Augsburg, Ulm und Stuttgart in Richtung Mannheim. Einige Z\u00fcge m\u00fcssen im Abschnitt zwischen Mannheim und Stuttgart bzw. zwischen Stuttgart und M\u00fcnchen entfallen.<\/p>\n<p style=\"text-align: justify;\">Die IC\/EC-Linien aus Dortmund, K\u00f6ln und Mainz, aus Karlsruhe via Bruchsal sowie aus Frankfurt via Heidelberg verkehren \u00fcber eine Umleitungsstrecke nach Esslingen. Von dort fahren sie weiter z. B. in Richtung Ulm\/M\u00fcnchen oder wenden nach kurzem Aufenthalt f\u00fcr die weitere Fahrt zum Endbahnhof Stuttgart Hbf. Bei den Verbindungen der Gegenrichtung wird analog verfahren.<\/p>\n<p style=\"text-align: justify;\">Lediglich IC 2216 und IC 2318 fahren an einzelnen Tagen nur ab Esslingen.<\/p>\n<p style=\"text-align: justify;\">Die IC-Linie aus Karlsruhe \u00fcber Pforzheim nach Stuttgart und weiter nach N\u00fcrnberg f\u00e4llt zwischen Stuttgart und Karlsruhe in der Regel aus. Ebenso fallen die in Stuttgart startenden\/endenden ICE von\/nach Paris zwischen Karlsruhe und Stuttgart aus.<\/p>\n<p style=\"text-align: justify;\">Die TGV-Z\u00fcge von Paris nach Stuttgart bzw. M\u00fcnchen und zur\u00fcck werden \u00fcber Vaihingen (Enz)\u2013Bietigheim\u2013Ludwigsburg umgeleitet und fahren bis zu 30 Minuten sp\u00e4ter ab Stuttgart in Richtung M\u00fcnchen bzw. bis zu 30 Minuten fr\u00fcher ab M\u00fcnchen und Stuttgart.<\/p>\n<p style=\"text-align: justify;\">Insgesamt k\u00f6nnen nur noch wenige ICE\/IC-Direktverbindungen zwischen Stuttgart und Karlsruhe angeboten werden.<\/p>\n<p style=\"text-align: justify;\"><strong>Regionalverkehr DB<\/strong><\/p>\n<p style=\"text-align: justify;\">Donnerstag, 11. bis Donnerstag, 25. Juli, jeweils ganzt\u00e4gig<\/p>\n<p style=\"text-align: justify;\">Zahlreiche RE-Z\u00fcge der Linie Stuttgart\u2013W\u00fcrzburg und RB-Z\u00fcge der Linie Stuttgart\u2013Osterburken fallen vom 11. bis 14. Juli sowie am 20. und 21. Juli zwischen Bietigheim-Bissingen und Stuttgart aus. Reisende nutzen zwischen Bietigheim-Bissingen und Stuttgart die noch planm\u00e4\u00dfig verkehren S-Bahnen.<\/p>\n<p style=\"text-align: justify;\">RB 19092 (planm\u00e4\u00dfige Ankunft 23.06 Uhr in Neckarsulm) f\u00e4llt zus\u00e4tzlich vom 15. bis 18. und vom 22. bis 25. Juli zwischen Heilbronn und Neckarsulm aus.<\/p>\n<p style=\"text-align: justify;\">Zahlreiche RE-Z\u00fcge der Linie Stuttgart\u2013W\u00fcrzburg und RB-Z\u00fcge der Linie Stuttgart\u2013Osterburken fahren in verschiedenen Teilabschnitten mit bis zu 10 Minuten fr\u00fcherer bzw. sp\u00e4terer Fahrzeit.<\/p>\n<p style=\"text-align: justify;\">Zahlreiche RB-Z\u00fcge der Verbindung Stuttgart\u2013Ulm fahren vom 11. bis 14. sowie am 20. und 21. Juli in verschiedenen Teilabschnitten mit bis zu 14 Minuten sp\u00e4teren Fahrzeiten.<\/p>\n<p style=\"text-align: justify;\">RB 19278 (planm\u00e4\u00dfig 21.37 Uhr ab Ulm Hbf) f\u00e4hrt vom 11. bis 18. und vom 21. bis 25. Juli von Ulm Hbf bis Geislingen (Steige) bis zu 14 Minuten sp\u00e4ter.<\/p>\n<p style=\"text-align: justify;\">Regionalverkehr Abellio<br \/>\nDonnerstag, 11. Juli bis Freitag, 26. Juli<\/p>\n<p style=\"text-align: justify;\">Bei Abellio ergeben sich Fahrtausf\u00e4lle und Fahrplan\u00e4nderungen auf den Linien RB 17A, RE 17B und RB 17C. Zwischen Bietigheim-Bissingen und M\u00fchlacker wird ein Ersatzverkehr mit Bussen eingerichtet. Es gilt zu beachten, dass in Vaihingen (Enz) teilweise ein Umstieg zwischen zwei Bussen erforderlich sein wird. Die Fahrradmitnahme in den Ersatzbussen wird leider nicht m\u00f6glich sein.<\/p>\n<p style=\"text-align: justify;\">Der gesamte Baufahrplan der Abellio-Verbindungen sowie der SEV-Busfahrplan f\u00fcr den Zeitraum vom 11. bis 26. Juli 2019 ist online unter www.abellio.de\/fahrplanaenderungen-bw zu finden. Au\u00dferdem werden die Abfahrtszeiten des Schienenersatzverkehrs an allen betroffenen Stationen zwischen M\u00fchlacker und Bietigheim-Bissingen ausgeh\u00e4ngt. Reisendenlenker stehen den Fahrg\u00e4sten in M\u00fchlacker und Bietigheim-Bissingen f\u00fcr Fragen zur Verf\u00fcgung.<\/p>\n<p style=\"text-align: justify;\">Regionalverkehr Go-Ahead<br \/>\nDonnerstag, 11. Juli bis Montag, 22. Juli<\/p>\n<p style=\"text-align: justify;\">IRE 1 Aalen\u2013Karlsruhe f\u00e4llt zwischen Aalen und Stuttgart-Zuffenhausen aus. Die Fahrg\u00e4ste k\u00f6nnen zwischen Aalen und Stuttgart stattdessen die RB 13 nutzen, welche von den Einschr\u00e4nkungen nicht betroffen ist.<\/p>\n<p style=\"text-align: justify;\">IRE 1 Stuttgart\u2013Karlsruhe f\u00e4llt zwischen Stuttgart Hbf und Stuttgart-Zuffenhausen aus. Die Fahrg\u00e4ste k\u00f6nnen von Stuttgart Hbf bis Zuffenhausen die S-Bahn nutzen.<\/p>\n<p style=\"text-align: justify;\">S-Bahn<br \/>\nDonnerstag, 11. Juli (Betriebsbeginn) bis Freitag, 12. Juli (Betriebsschluss)<\/p>\n<p style=\"text-align: justify;\">Linie S3<\/p>\n<p style=\"text-align: justify;\">Auf der Linie S3 verkehren die Verst\u00e4rkerz\u00fcge (Viertelstundentakt) morgens und nachmittags\/abends nur im Abschnitt Backnang\u25c4\u25baBad Cannstatt (statt Backnang\u25c4\u25baVaihingen). Dadurch wird die eingeschr\u00e4nkte Anbindung an den Hauptbahnhof aus Richtung Norden zus\u00e4tzlich entlastet. Im Abschnitt Backnang\u25c4\u25baFlughafen\/Messe fahren die S-Bahnen wie gewohnt im Halbstundentakt.<\/p>\n<p style=\"text-align: justify;\">Linie S4<\/p>\n<p style=\"text-align: justify;\">Die Linie S4 verkehrt nur im Halbstundentakt und geteilt in den zwei Abschnitten Schwabstra\u00dfe\u25c4\u25baMarbach und Marbach\u25c4\u25baBacknang. In Marbach ist ein Umstieg notwendig.<\/p>\n<p style=\"text-align: justify;\">Donnerstag, 11. Juli (Betriebsbeginn) bis Samstag, 13. Juli, 18 Uhr<\/p>\n<p style=\"text-align: justify;\">Linie S6\/S60<br \/>\nDie Linie S6 verkehrt nur im Halbstundentakt Weil der Stadt\u25c4\u25baSchwabstra\u00dfe.<br \/>\nDie Linie S60 verkehrt nur im Abschnitt B\u00f6blingen\u25c4\u25baZuffenhausen.<br \/>\nIm Abschnitt Renningen\u25c4\u25baZuffenhausen verkehrt die Linie S6\/S60 ohne Einschr\u00e4nkungen.<\/p>\n<p style=\"text-align: justify;\">Samstag, 20. Juli 2019, zwischen 8.30 Uhr und 18 Uhr<\/p>\n<p style=\"text-align: justify;\">Linie S60<br \/>\nAm Samstag, 20. Juli verkehrt die Linie S60 zwischen 8.30 Uhr und 18 Uhr nur im Abschnitt Zuffenhausen\u25c4\u25baB\u00f6blingen.<\/p>\n<p style=\"text-align: justify;\">Reisende in Richtung Stuttgart steigen in Zuffenhausen auf die S5 um, in Richtung Renningen\/B\u00f6blingen f\u00e4hrt die S60 im Bahnhof Zuffenhausen von Gleis 12 zu den Minuten 12 und 42 ab.<\/p>\n<p style=\"text-align: justify;\">Die Linie S6 ist von Einschr\u00e4nkungen nicht betroffen und verkehrt fahrplanm\u00e4\u00dfig auf dem gesamten Laufweg Weil der Stadt\u25c4\u25baSchwabstra\u00dfe.<\/p>\n<p style=\"text-align: justify;\">W\u00e4hrend der Bauarbeiten in Stuttgart-Feuerbach f\u00e4hrt die S-Bahn Stuttgart die Z\u00fcge der Linien S4 und S5 \u00fcberwiegend in maximaler Zugl\u00e4nge mit drei gekuppelten Fahrzeugen.<\/p>\n<p style=\"text-align: justify;\">Insbesondere in Esslingen (Neckar) und Stuttgart-Zuffenhausen setzt die Bahn f\u00fcr den Fahrgastservice zus\u00e4tzliche Mitarbeiter auf den Bahnsteigen ein.<\/p>\n<p style=\"text-align: justify;\">Die Deutsche Bahn empfiehlt Fahrg\u00e4sten, sich mittels Echtzeitinformationen in der Reiseauskunft auf m.bahn.de, in der DB Navigator-App und bei www.bahn.de\/Reiseauskunft \u00fcber die aktuellen Reiseverbindungen zu informieren. Informationen gibt es auch beim Kundendialog DB Regio Baden-W\u00fcrttemberg unter der Rufnummer 0711 2092-7087 (montags bis freitags, 7 bis 20 Uhr).<\/p>\n<p style=\"text-align: justify;\">Bei Fragen zu den laufenden S21-Bauarbeiten steht betroffenen Anwohnern die BauInfo Stuttgart\u2013Ulm unter der Telefonnummer 0711 21321-212 rund um die Uhr zur Verf\u00fcgung.<\/p>\n<p style=\"text-align: justify;\">F\u00fcr die auftretenden Beeintr\u00e4chtigungen bittet die Deutsche Bahn die Fahrg\u00e4ste um Verst\u00e4ndnis.<\/p>\n<hr \/>\n<p style=\"text-align: justify;\">\n","protected":false},"excerpt":{"rendered":"<p>Im Juli Einschr\u00e4nkungen im Fern-, Nah- und S-Bahn-Verkehr &#8211; am Donnerstag, 11. Juli, und Freitag, 12. Juli, insbesondere auch f\u00fcr Pendler und Sch\u00fcler Stuttgart.| Im Zusammenhang mit Stuttgart 21 stehen weitere Arbeiten im Bereich des Bahnhofs Stuttgart-Feuerbach in der Zeit von Mittwoch, 10. Juli 2019, bis Montag, 22. Juli 2019, an. F\u00fcr die letzte Umlegung [&hellip;]<\/p>\n","protected":false},"author":4,"featured_media":0,"comment_status":"closed","ping_status":"open","sticky":false,"template":"","format":"standard","meta":{"inline_featured_image":false,"_exactmetrics_skip_tracking":false,"_exactmetrics_sitenote_active":false,"_exactmetrics_sitenote_note":"","_exactmetrics_sitenote_category":0,"footnotes":""},"categories":[2246,2239],"tags":[111,1443,14857,4036,5,68,9610,9,275],"class_list":{"0":"post-135438","1":"post","2":"type-post","3":"status-publish","4":"format-standard","6":"category-kreis-boeblingen","7":"category-stuttgart-lokal","8":"tag-bahn","9":"tag-bahnhof","10":"tag-die-webzeitung","11":"tag-feuerbach","12":"tag-internetzeitung","13":"tag-online-zeitung","14":"tag-s-bahn","15":"tag-schaumedia","16":"tag-stuttgart"},"image_feature":null,"author_name":"Redaktion","pure_taxonomies":{"categories":[{"term_id":2246,"name":"Kreis B\u00f6blingen","slug":"kreis-boeblingen","term_group":0,"term_taxonomy_id":2259,"taxonomy":"category","description":"","parent":171,"count":197,"filter":"raw","image":""},{"term_id":2239,"name":"Stuttgart","slug":"stuttgart-lokal","term_group":0,"term_taxonomy_id":2252,"taxonomy":"category","description":"Berichte und Informationen aus Stuttgart","parent":1433,"count":940,"filter":"raw","image":""}],"tags":[{"term_id":111,"name":"Bahn","slug":"bahn","term_group":0,"term_taxonomy_id":113,"taxonomy":"post_tag","description":"","parent":0,"count":36,"filter":"raw","image":""},{"term_id":1443,"name":"Bahnhof","slug":"bahnhof","term_group":0,"term_taxonomy_id":1452,"taxonomy":"post_tag","description":"","parent":0,"count":17,"filter":"raw","image":""},{"term_id":14857,"name":"Die-Webzeitung","slug":"die-webzeitung","term_group":0,"term_taxonomy_id":14876,"taxonomy":"post_tag","description":"","parent":0,"count":3615,"filter":"raw","image":""},{"term_id":4036,"name":"Feuerbach","slug":"feuerbach","term_group":0,"term_taxonomy_id":4052,"taxonomy":"post_tag","description":"","parent":0,"count":3,"filter":"raw","image":""},{"term_id":5,"name":"Internetzeitung","slug":"internetzeitung","term_group":0,"term_taxonomy_id":5,"taxonomy":"post_tag","description":"","parent":0,"count":1461,"filter":"raw","image":""},{"term_id":68,"name":"Online-Zeitung","slug":"online-zeitung","term_group":0,"term_taxonomy_id":69,"taxonomy":"post_tag","description":"","parent":0,"count":3585,"filter":"raw","image":""},{"term_id":9610,"name":"S-Bahn","slug":"s-bahn","term_group":0,"term_taxonomy_id":9640,"taxonomy":"post_tag","description":"","parent":0,"count":14,"filter":"raw","image":""},{"term_id":9,"name":"SchauMedia","slug":"schaumedia","term_group":0,"term_taxonomy_id":9,"taxonomy":"post_tag","description":"","parent":0,"count":1607,"filter":"raw","image":""},{"term_id":275,"name":"Stuttgart","slug":"stuttgart","term_group":0,"term_taxonomy_id":281,"taxonomy":"post_tag","description":"","parent":0,"count":1192,"filter":"raw","image":""}]},"_links":{"self":[{"href":"https:\/\/die-webzeitung.de\/stuttgart\/wp-json\/wp\/v2\/posts\/135438","targetHints":{"allow":["GET"]}}],"collection":[{"href":"https:\/\/die-webzeitung.de\/stuttgart\/wp-json\/wp\/v2\/posts"}],"about":[{"href":"https:\/\/die-webzeitung.de\/stuttgart\/wp-json\/wp\/v2\/types\/post"}],"author":[{"embeddable":true,"href":"https:\/\/die-webzeitung.de\/stuttgart\/wp-json\/wp\/v2\/users\/4"}],"replies":[{"embeddable":true,"href":"https:\/\/die-webzeitung.de\/stuttgart\/wp-json\/wp\/v2\/comments?post=135438"}],"version-history":[{"count":2,"href":"https:\/\/die-webzeitung.de\/stuttgart\/wp-json\/wp\/v2\/posts\/135438\/revisions"}],"predecessor-version":[{"id":135440,"href":"https:\/\/die-webzeitung.de\/stuttgart\/wp-json\/wp\/v2\/posts\/135438\/revisions\/135440"}],"wp:attachment":[{"href":"https:\/\/die-webzeitung.de\/stuttgart\/wp-json\/wp\/v2\/media?parent=135438"}],"wp:term":[{"taxonomy":"category","embeddable":true,"href":"https:\/\/die-webzeitung.de\/stuttgart\/wp-json\/wp\/v2\/categories?post=135438"},{"taxonomy":"post_tag","embeddable":true,"href":"https:\/\/die-webzeitung.de\/stuttgart\/wp-json\/wp\/v2\/tags?post=135438"}],"curies":[{"name":"wp","href":"https:\/\/api.w.org\/{rel}","templated":true}]}}