{"id":135437,"date":"2019-07-03T13:12:13","date_gmt":"2019-07-03T12:12:13","guid":{"rendered":"https:\/\/die-webzeitung.de\/stuttgart\/2019\/07\/03\/bei-unfaellen-abgesichert-auf-dem-e-scooter\/"},"modified":"2019-07-03T13:12:13","modified_gmt":"2019-07-03T12:12:13","slug":"bei-unfaellen-abgesichert-auf-dem-e-scooter","status":"publish","type":"post","link":"https:\/\/die-webzeitung.de\/stuttgart\/2019\/07\/03\/bei-unfaellen-abgesichert-auf-dem-e-scooter\/","title":{"rendered":"Bei Unf\u00e4llen abgesichert auf dem E-Scooter"},"content":{"rendered":"<p style=\"text-align: justify;\"><strong>Nachdem der Bundesrat der Zulassung von E-Scootern zum Stra\u00dfenverkehr gem\u00e4\u00df Elektrokleinstfahrzeugeverordnung (eKFV) zugestimmt hat, d\u00fcrfen diese jetzt auch in Deutschland fahren. Die W\u00fcrttembergische Versicherung, ein Unternehmen der W\u00fcstenrot &amp; W\u00fcrttembergische-Gruppe (W&amp;W), empfiehlt den Fahrern den Abschluss einer privaten Unfallversicherung.<\/strong><\/p>\n<p style=\"text-align: justify;\">Der Hype um die E-Scooter ist gro\u00df. F\u00fcr die einen sind die Roller das lang erwartete Verkehrsmittel f\u00fcr den letzten Kilometer zum Arbeitsplatz oder ein flotter Begleiter in der Freizeit \u2013 andere dagegen sehen vor allem das hohe Unfall- und Verletzungspotenzial f\u00fcr die Fahrer selbst und f\u00fcr andere Verkehrsteilnehmer.<\/p>\n<p style=\"text-align: justify;\">Da sie fahrrad\u00e4hnliche Geschwindigkeiten erreichen k\u00f6nnen, aber deutlich kleinere R\u00e4der haben, bergen E-Scooter vor allem bei abrupten Stopps ein Sicherheitsrisiko. \u00dcberdies ist f\u00fcr deren Nutzung keine Helmpflicht vorgesehen, sodass insbesondere die Gefahr von Kopfverletzungen besteht.<\/p>\n<p style=\"text-align: justify;\">Dar\u00fcber hinaus wird es in der Anfangsphase einige Zeit brauchen, bis sich alle Verkehrsteilnehmer an die neuen Fahrzeuge gew\u00f6hnt haben. E-Scooter, deren Fahrer mindestens 14 Jahre alt sein m\u00fcssen, sind bei der Benutzung sehr leise und k\u00f6nnen leicht \u00fcberh\u00f6rt werden. Mit einer H\u00f6chstgeschwindigkeit von bis zu 20 km\/h sind sie dadurch eine Gefahr besonders f\u00fcr Fu\u00dfg\u00e4nger.<\/p>\n<p style=\"text-align: justify;\">Die zum Teil schwierige Koordination, beispielsweise bei Abbiegevorg\u00e4ngen, erh\u00f6ht zudem das Unfallrisiko auf dem E-Scooter: Die Fahrer m\u00fcssen gleichzeitig blinken, bremsen, eventuell Handzeichen geben und den Verkehr im Blick behalten. Mit der hohen Lenkstange und dem schmalen Trittbrett k\u00f6nnen sie dabei leicht aus dem Gleichgewicht geraten.<\/p>\n<p style=\"text-align: justify;\">F\u00fcr jeden E-Scooter, der eine Zulassung als Elektrokleinstfahrzeug (eKF) hat, muss eine eigene Kfz-Haftpflichtversicherung abgeschlossen werden. Die zu versichernden Fahrzeuge m\u00fcssen eine allgemeine Betriebserlaubnis oder eine Einzelbetriebserlaubnis besitzen, die vor dem Kauf der Versicherungsplakette vorgelegt werden muss. Diese selbstklebende Versicherungsplakette ist bei allen Versicherungsb\u00fcros der W\u00fcrttembergischen f\u00fcr 29,90 Euro erh\u00e4ltlich. Damit sind Fahrer vor den finanziellen Folgen von Sch\u00e4den abgesichert, die sie anderen zuf\u00fcgen.<\/p>\n<p style=\"text-align: justify;\">Es ist davon auszugehen, dass E-Scooter stark in der Freizeit genutzt werden. Da die gesetzliche Unfallversicherung lediglich w\u00e4hrend einer beruflichen T\u00e4tigkeit beziehungsweise in der Schule und auf dem direkten Weg dorthin und wieder zur\u00fcck sch\u00fctzt, r\u00e4t die W\u00fcrttembergische Versicherung den Fahrern zum Abschluss einer privaten Unfallversicherung. Im Rahmen der Unfallversicherung besteht Versicherungsschutz bei der Nutzung eines eKF. Die private Unfallversicherung bietet weltweit und rund um die Uhr Absicherung bei Unf\u00e4llen in der Freizeit, im Beruf oder im Haushalt. Ist man infolge eines Unfalls dauerhaft in seiner k\u00f6rperlichen oder geistigen Leistungsf\u00e4higkeit beeintr\u00e4chtigt, erbringt die private Unfallversicherung eine sogenannte Invalidit\u00e4tsleistung. Die H\u00f6he des ausgezahlten Betrags errechnet sich aus der vereinbarten Versicherungssumme und dem Grad der unfallbedingten Invalidit\u00e4t. Auch die Festlegung einer monatlichen Unfallrente ist m\u00f6glich. Neben finanziellen Leistungen unterst\u00fctzt die private Unfallversicherung auch bei der Bew\u00e4ltigung des h\u00e4uslichen Alltags.<\/p>\n<hr \/>\n<p style=\"text-align: justify;\">\n","protected":false},"excerpt":{"rendered":"<p>Nachdem der Bundesrat der Zulassung von E-Scootern zum Stra\u00dfenverkehr gem\u00e4\u00df Elektrokleinstfahrzeugeverordnung (eKFV) zugestimmt hat, d\u00fcrfen diese jetzt auch in Deutschland fahren. Die W\u00fcrttembergische Versicherung, ein Unternehmen der W\u00fcstenrot &amp; W\u00fcrttembergische-Gruppe (W&amp;W), empfiehlt den Fahrern den Abschluss einer privaten Unfallversicherung. Der Hype um die E-Scooter ist gro\u00df. F\u00fcr die einen sind die Roller das lang erwartete [&hellip;]<\/p>\n","protected":false},"author":4,"featured_media":0,"comment_status":"closed","ping_status":"open","sticky":false,"template":"","format":"standard","meta":{"inline_featured_image":false,"_exactmetrics_skip_tracking":false,"_exactmetrics_sitenote_active":false,"_exactmetrics_sitenote_note":"","_exactmetrics_sitenote_category":0,"footnotes":""},"categories":[2237],"tags":[10429,14857,16338,5,68,9,944,18],"class_list":{"0":"post-135437","1":"post","2":"type-post","3":"status-publish","4":"format-standard","6":"category-ratgeber-leben","7":"tag-absicherung","8":"tag-die-webzeitung","9":"tag-e-scooter","10":"tag-internetzeitung","11":"tag-online-zeitung","12":"tag-schaumedia","13":"tag-unfall","14":"tag-wurttembergische"},"image_feature":null,"author_name":"Redaktion","pure_taxonomies":{"categories":[{"term_id":2237,"name":"Ratgeber","slug":"ratgeber-leben","term_group":0,"term_taxonomy_id":2250,"taxonomy":"category","description":"","parent":482,"count":380,"filter":"raw","image":""}],"tags":[{"term_id":10429,"name":"Absicherung","slug":"absicherung","term_group":0,"term_taxonomy_id":10464,"taxonomy":"post_tag","description":"","parent":0,"count":1,"filter":"raw","image":""},{"term_id":14857,"name":"Die-Webzeitung","slug":"die-webzeitung","term_group":0,"term_taxonomy_id":14876,"taxonomy":"post_tag","description":"","parent":0,"count":3616,"filter":"raw","image":""},{"term_id":16338,"name":"E-Scooter","slug":"e-scooter","term_group":0,"term_taxonomy_id":16357,"taxonomy":"post_tag","description":"","parent":0,"count":4,"filter":"raw","image":""},{"term_id":5,"name":"Internetzeitung","slug":"internetzeitung","term_group":0,"term_taxonomy_id":5,"taxonomy":"post_tag","description":"","parent":0,"count":1461,"filter":"raw","image":""},{"term_id":68,"name":"Online-Zeitung","slug":"online-zeitung","term_group":0,"term_taxonomy_id":69,"taxonomy":"post_tag","description":"","parent":0,"count":3586,"filter":"raw","image":""},{"term_id":9,"name":"SchauMedia","slug":"schaumedia","term_group":0,"term_taxonomy_id":9,"taxonomy":"post_tag","description":"","parent":0,"count":1607,"filter":"raw","image":""},{"term_id":944,"name":"Unfall","slug":"unfall","term_group":0,"term_taxonomy_id":953,"taxonomy":"post_tag","description":"","parent":0,"count":10,"filter":"raw","image":""},{"term_id":18,"name":"W\u00fcrttembergische","slug":"wurttembergische","term_group":0,"term_taxonomy_id":18,"taxonomy":"post_tag","description":"","parent":0,"count":110,"filter":"raw","image":""}]},"_links":{"self":[{"href":"https:\/\/die-webzeitung.de\/stuttgart\/wp-json\/wp\/v2\/posts\/135437","targetHints":{"allow":["GET"]}}],"collection":[{"href":"https:\/\/die-webzeitung.de\/stuttgart\/wp-json\/wp\/v2\/posts"}],"about":[{"href":"https:\/\/die-webzeitung.de\/stuttgart\/wp-json\/wp\/v2\/types\/post"}],"author":[{"embeddable":true,"href":"https:\/\/die-webzeitung.de\/stuttgart\/wp-json\/wp\/v2\/users\/4"}],"replies":[{"embeddable":true,"href":"https:\/\/die-webzeitung.de\/stuttgart\/wp-json\/wp\/v2\/comments?post=135437"}],"version-history":[{"count":0,"href":"https:\/\/die-webzeitung.de\/stuttgart\/wp-json\/wp\/v2\/posts\/135437\/revisions"}],"wp:attachment":[{"href":"https:\/\/die-webzeitung.de\/stuttgart\/wp-json\/wp\/v2\/media?parent=135437"}],"wp:term":[{"taxonomy":"category","embeddable":true,"href":"https:\/\/die-webzeitung.de\/stuttgart\/wp-json\/wp\/v2\/categories?post=135437"},{"taxonomy":"post_tag","embeddable":true,"href":"https:\/\/die-webzeitung.de\/stuttgart\/wp-json\/wp\/v2\/tags?post=135437"}],"curies":[{"name":"wp","href":"https:\/\/api.w.org\/{rel}","templated":true}]}}