{"id":135420,"date":"2019-07-01T13:08:10","date_gmt":"2019-07-01T12:08:10","guid":{"rendered":"https:\/\/die-webzeitung.de\/stuttgart\/?p=135420"},"modified":"2019-07-01T13:08:10","modified_gmt":"2019-07-01T12:08:10","slug":"abschluss-des-programms-soziale-stadt-giebel","status":"publish","type":"post","link":"https:\/\/die-webzeitung.de\/stuttgart\/2019\/07\/01\/abschluss-des-programms-soziale-stadt-giebel\/","title":{"rendered":"Abschluss des Programms \u201eSoziale Stadt Giebel\u201c"},"content":{"rendered":"<h5 style=\"text-align: justify;\"><strong>Festakt und Stadtteilfest mit BM P\u00e4tzold und Bezirksvorsteherin Zich<\/strong><\/h5>\n<p style=\"text-align: justify;\">Stuttgart-Giebel.| Auf dem Ernst-Reuter-Platz in Giebel wird am Samstag, 6. Juli, gro\u00df gefeiert. Das Kinder- und Jugendhaus Giebel organisiert zusammen mit dem Stadtteil- und Familienzentrum, dem TSV Weilimdorf, der Gastst\u00e4tte Fasanengarten sowie dem B\u00fcrgerverein Giebel und Bergheim ein buntes Fest, denn es hei\u00dft Abschied nehmen vom Programm \u201eSoziale Stadt Giebel\u201c, das nach 13 Jahren zu Ende geht. Auch das 65-j\u00e4hrige Bestehen des Stadtteils gibt Anlass zum Feiern.<\/p>\n<p style=\"text-align: justify;\">Der B\u00fcrgermeister f\u00fcr St\u00e4dtebau, Wohnen und Umwelt, Peter P\u00e4tzold, und die Bezirksvorsteherin von Weilimdorf, Ulrike Zich, werden das Fest um 13 Uhr auf dem Ernst-Reuter-Platz er\u00f6ffnen und das Engagement der Ehrenamtlichen w\u00fcrdigen, die sich \u00fcber viele Jahre unter anderem in der B\u00fcrgerbeteiligung f\u00fcr ihren Stadtteil eingesetzt haben. Der Stadtteil Giebel hat sich nicht zuletzt durch die Zusammenarbeit aller Akteure im Rahmen der offenen B\u00fcrgerbeteiligung positiv ver\u00e4ndert.<\/p>\n<p style=\"text-align: justify;\">Im Bund-L\u00e4nder-Programm \u201eStadtteile mit besonderem Entwicklungsbedarf \u2013 Die Soziale Stadt\u201c, standen F\u00f6rdermittel in H\u00f6he von 6,4 Millionen Euro f\u00fcr Investitionen zur Verf\u00fcgung, wovon 60 Prozent Bund und Land beigetragen haben. Diese Mittel erm\u00f6glichten eine umfassende Erneuerung des Stadtteils. Das Amt f\u00fcr Stadtplanung und Wohnen hatte dabei federf\u00fchrend die Koordination \u00fcbernommen.<\/p>\n<p style=\"text-align: justify;\">Die zwei wichtigsten Ma\u00dfnahmen waren die Umgestaltung des Ernst-Reuter-Platzes und der Neubau des Kinder- und Jugendhauses, heute Giebelhaus, die 2013 und 2014 fertiggestellt wurden.<\/p>\n<p style=\"text-align: justify;\">Der Ernst-Reuter-Platz gl\u00e4nzt nun wieder als gute Stube des Stadtteils. Er bietet Raum f\u00fcr all die Feste und Aktivit\u00e4ten, die sich im Giebel etabliert haben und nicht mehr wegzudenken sind, wie Weihnachtsmarkt, Weinumtrunk oder der Aktionstag Gesundheit. Auch im Alltag wird der Ernst-Reuter-Platz gut angenommen und als Treffpunkt von Jung und Alt genutzt. Rund 2,1 Millionen Euro hat die Umgestaltung gekostet.<\/p>\n<p style=\"text-align: justify;\">Aus einer kleinen, maroden Holzbaracke konnte das Kinder- und Jugendhaus Giebel 2014 in einen gro\u00dfz\u00fcgigen, markanten Neubau umziehen. Die Kosten beliefen sich auf 4,1 Millionen Euro. Das mittlerweile Giebelhaus genannte Geb\u00e4ude bietet dar\u00fcber hinaus Platz f\u00fcr eine viergruppige Kita, den B\u00fcrgerverein sowie das Stadtteil- und Familienzentrum (FaZ) und erm\u00f6glicht die f\u00fcr eine erfolgreiche Stadtteilarbeit so wichtige Vernetzung. Die gemeinsame Cafeteria bildet das Herz des Giebelhauses und steht allen offen. Vor allem bei Familien erfreuen sich die Angebote des FaZ gro\u00dfer Beliebtheit, wie der gemeinsam mit dem B\u00fcrgerverein veranstaltete monatliche Brunch.<\/p>\n<p style=\"text-align: justify;\">Sichtbar ver\u00e4ndert hat sich auch der Wohnungsbestand im Giebel. Mit gro\u00dfem Aufwand haben die Wohnbauunternehmen ihren Bestand zeitgem\u00e4\u00df und sozialvertr\u00e4glich modernisiert, erneuert oder erg\u00e4nzt. So konnte Wohnraum f\u00fcr alteingesessene Mieterinnen und Mieter erhalten, aber auch neue Bewohnerinnen und Bewohner gewonnen werden. Vorausschauend wurde beim Neubau \u00fcber das Wohnen hinaus auch an weitere Bed\u00fcrfnisse der Mieterinnen und Mieter gedacht: so finden sich eine Kita, eine Arztpraxis, eine Pflegewohnung und ein Wohncaf\u00e9 direkt im Wohngebiet. Gleichzeitig wurde das private Umfeld attraktiver gestaltet, indem Spielm\u00f6glichkeiten, Quartierspl\u00e4tze und Gr\u00fcnz\u00fcge zwischen den Wohngeb\u00e4uden geschaffen wurden.<\/p>\n<p style=\"text-align: justify;\">Flankierend dazu wurden von der Stadt die Mittenfeldstra\u00dfe, der Lurch- und Kr\u00f6tenweg sowie ein Teil der Rappachstra\u00dfe und der Spielplatz Mittenfeldstra\u00dfe umgestaltet. Die in mehreren Mitmachaktionen geschaffene Naturbeobachtungsstelle Rappach auf einer Wiese am Schnatzgraben erg\u00e4nzt die klassischen Spielfl\u00e4chen f\u00fcr Kinder im Stadtteil auf gelungene Weise. Daf\u00fcr erhielt die Naturbeobachtungsstelle 2010 eine Anerkennung beim Umweltpreis der Stadt Stuttgart und eine Erw\u00e4hnung beim Preis Soziale Stadt 2012.<\/p>\n<p style=\"text-align: justify;\">Ganz wesentlich f\u00fcr den nachhaltigen Erfolg der Stadterneuerung waren zahlreiche nicht-investive Projekte, die die investiven Ma\u00dfnahmen erg\u00e4nzen. So konnten im Giebel Programme wie \u201eBildung, Wirtschaft, Arbeit im Quartier \u2013 BIWAQ\u201c und die Modellvorhaben mit dem Selbstlernzentrum, dem Stadtteilservice, dem Fahrradprojekt und dem Ausbildungspakt wichtige Akzente setzen. Auch der Mittagstisch im Haus der Begegnung ist immer gut besucht. Das Haus selbst hat sich im Laufe der \u201eSozialen Stadt\u201c f\u00fcr neue Zielgruppen und in den Stadtteil hinein ge\u00f6ffnet und bietet ein abwechslungsreiches Programm.<\/p>\n<p style=\"text-align: justify;\">Mit \u201eGesund im Giebel \u2013 auch im Alter\u201c und den daraus entstandenen Projekten wie der gleichnamigen Informationsbrosch\u00fcre, dem Aktionstag Gesundheit und der bewegten Apotheke k\u00f6nnen weitere wichtige Bedarfe abgedeckt werden. Zum neuen Stadtteilzentrum hat sich das Giebelhaus entwickelt, das ebenfalls eine Vielfalt an Kursen sowie Betreuungs- und Beratungsangeboten f\u00fcr Kinder, Jugendliche und Erwachsene m\u00f6glich macht. Im Giebelhaus hat auch der B\u00fcrgerverein Giebel und Bergheim seine R\u00e4ume. Dieser soll das in der \u201eSozialen Stadt\u201c Erreichte weiterf\u00fchren. Neben der Organisation von Festen wie der Kulturnacht und dem Weihnachtsmarkt ist der Verein durch seinen kurzen Draht zur Stadtverwaltung auch Ansprechpartner f\u00fcr B\u00fcrgerinnen und B\u00fcrger f\u00fcr Fragen und Anregungen, die den Stadtteil betreffen.<\/p>\n<p style=\"text-align: justify;\">Weitere Informationen zum B\u00fcrgerverein und zur \u201eSozialen Stadt Giebel\u201c sowie das detaillierte Festprogramm sind unter <a href=\"http:\/\/www.stuttgart-giebel.de\" target=\"_blank\" rel=\"noopener noreferrer\">www.stuttgart-giebel.de<\/a> verf\u00fcgbar.<\/p>\n<hr \/>\n<p style=\"text-align: justify;\">\n","protected":false},"excerpt":{"rendered":"<p>Festakt und Stadtteilfest mit BM P\u00e4tzold und Bezirksvorsteherin Zich Stuttgart-Giebel.| Auf dem Ernst-Reuter-Platz in Giebel wird am Samstag, 6. Juli, gro\u00df gefeiert. Das Kinder- und Jugendhaus Giebel organisiert zusammen mit dem Stadtteil- und Familienzentrum, dem TSV Weilimdorf, der Gastst\u00e4tte Fasanengarten sowie dem B\u00fcrgerverein Giebel und Bergheim ein buntes Fest, denn es hei\u00dft Abschied nehmen vom [&hellip;]<\/p>\n","protected":false},"author":4,"featured_media":0,"comment_status":"closed","ping_status":"open","sticky":false,"template":"","format":"standard","meta":{"inline_featured_image":false,"_exactmetrics_skip_tracking":false,"_exactmetrics_sitenote_active":false,"_exactmetrics_sitenote_note":"","_exactmetrics_sitenote_category":0,"footnotes":""},"categories":[2239],"tags":[14857,9771,5,68,9,275],"class_list":{"0":"post-135420","1":"post","2":"type-post","3":"status-publish","4":"format-standard","6":"category-stuttgart-lokal","7":"tag-die-webzeitung","8":"tag-giebel","9":"tag-internetzeitung","10":"tag-online-zeitung","11":"tag-schaumedia","12":"tag-stuttgart"},"image_feature":null,"author_name":"Redaktion","pure_taxonomies":{"categories":[{"term_id":2239,"name":"Stuttgart","slug":"stuttgart-lokal","term_group":0,"term_taxonomy_id":2252,"taxonomy":"category","description":"Berichte und Informationen aus Stuttgart","parent":1433,"count":941,"filter":"raw","image":""}],"tags":[{"term_id":14857,"name":"Die-Webzeitung","slug":"die-webzeitung","term_group":0,"term_taxonomy_id":14876,"taxonomy":"post_tag","description":"","parent":0,"count":3616,"filter":"raw","image":""},{"term_id":9771,"name":"Giebel","slug":"giebel","term_group":0,"term_taxonomy_id":9802,"taxonomy":"post_tag","description":"","parent":0,"count":1,"filter":"raw","image":""},{"term_id":5,"name":"Internetzeitung","slug":"internetzeitung","term_group":0,"term_taxonomy_id":5,"taxonomy":"post_tag","description":"","parent":0,"count":1461,"filter":"raw","image":""},{"term_id":68,"name":"Online-Zeitung","slug":"online-zeitung","term_group":0,"term_taxonomy_id":69,"taxonomy":"post_tag","description":"","parent":0,"count":3586,"filter":"raw","image":""},{"term_id":9,"name":"SchauMedia","slug":"schaumedia","term_group":0,"term_taxonomy_id":9,"taxonomy":"post_tag","description":"","parent":0,"count":1607,"filter":"raw","image":""},{"term_id":275,"name":"Stuttgart","slug":"stuttgart","term_group":0,"term_taxonomy_id":281,"taxonomy":"post_tag","description":"","parent":0,"count":1193,"filter":"raw","image":""}]},"_links":{"self":[{"href":"https:\/\/die-webzeitung.de\/stuttgart\/wp-json\/wp\/v2\/posts\/135420","targetHints":{"allow":["GET"]}}],"collection":[{"href":"https:\/\/die-webzeitung.de\/stuttgart\/wp-json\/wp\/v2\/posts"}],"about":[{"href":"https:\/\/die-webzeitung.de\/stuttgart\/wp-json\/wp\/v2\/types\/post"}],"author":[{"embeddable":true,"href":"https:\/\/die-webzeitung.de\/stuttgart\/wp-json\/wp\/v2\/users\/4"}],"replies":[{"embeddable":true,"href":"https:\/\/die-webzeitung.de\/stuttgart\/wp-json\/wp\/v2\/comments?post=135420"}],"version-history":[{"count":1,"href":"https:\/\/die-webzeitung.de\/stuttgart\/wp-json\/wp\/v2\/posts\/135420\/revisions"}],"predecessor-version":[{"id":135421,"href":"https:\/\/die-webzeitung.de\/stuttgart\/wp-json\/wp\/v2\/posts\/135420\/revisions\/135421"}],"wp:attachment":[{"href":"https:\/\/die-webzeitung.de\/stuttgart\/wp-json\/wp\/v2\/media?parent=135420"}],"wp:term":[{"taxonomy":"category","embeddable":true,"href":"https:\/\/die-webzeitung.de\/stuttgart\/wp-json\/wp\/v2\/categories?post=135420"},{"taxonomy":"post_tag","embeddable":true,"href":"https:\/\/die-webzeitung.de\/stuttgart\/wp-json\/wp\/v2\/tags?post=135420"}],"curies":[{"name":"wp","href":"https:\/\/api.w.org\/{rel}","templated":true}]}}