{"id":135418,"date":"2019-07-01T13:05:49","date_gmt":"2019-07-01T12:05:49","guid":{"rendered":"https:\/\/die-webzeitung.de\/stuttgart\/?p=135418"},"modified":"2019-07-01T13:05:49","modified_gmt":"2019-07-01T12:05:49","slug":"einwohnerversammlung-in-moehringen","status":"publish","type":"post","link":"https:\/\/die-webzeitung.de\/stuttgart\/2019\/07\/01\/einwohnerversammlung-in-moehringen\/","title":{"rendered":"Einwohnerversammlung in M\u00f6hringen"},"content":{"rendered":"<p style=\"text-align: justify;\">Stuttgart-M\u00f6hringen.| Zur Einwohnerversammlung in M\u00f6hringen sind am Montag, 8. Juli, um 19 Uhr alle Bewohnerinnen und Bewohner des Stadtbezirks in das B\u00fcrgerhaus M\u00f6hringen, Ursula-Ida-Lapp-Saal, Filderbahnplatz, 32 herzlich eingeladen. Nach der Begr\u00fc\u00dfung durch Bezirksvorsteherin Evelyn Weis spricht Oberb\u00fcrgermeister Fritz Kuhn \u00fcber die Gesamtstadt sowie die Entwicklungen des Bezirks in den vergangenen Jahren. Danach steht eine allgemeine Aussprache zu Themenschwerpunkten im Bezirk auf der Tagesordnung.<\/p>\n<p style=\"text-align: justify;\">Bereits ab 17.30 Uhr findet eine Ausstellung zu aktuellen Projekten im Stadtbezirk statt. Mitarbeiterinnen und Mitarbeiter der Stadtverwaltung stehen dabei f\u00fcr Fragen zur Verf\u00fcgung. Die Bewohner des Stadtbezirks hatten bereits im Vorfeld der Einwohnerversammlung die M\u00f6glichkeit, sich unter www.stuttgart-meine-stadt.de online zu beteiligen und mit Themen und Fragen zu melden.<\/p>\n<p style=\"text-align: justify;\">Als ausf\u00fchrliche Information liegt die mehrseitige Einladung zur Einwohnerversammlung in M\u00f6hringen vor. Sie kann unter www.stuttgart-meine- stadt.de eingesehen werden. Au\u00dferdem erscheinen am Donnerstag, 4. Juli, zwei Seiten zur Einwohnerversammlung im Stuttgarter Amtsblatt.<\/p>\n<hr \/>\n<p style=\"text-align: justify;\">\n","protected":false},"excerpt":{"rendered":"<p>Stuttgart-M\u00f6hringen.| Zur Einwohnerversammlung in M\u00f6hringen sind am Montag, 8. Juli, um 19 Uhr alle Bewohnerinnen und Bewohner des Stadtbezirks in das B\u00fcrgerhaus M\u00f6hringen, Ursula-Ida-Lapp-Saal, Filderbahnplatz, 32 herzlich eingeladen. Nach der Begr\u00fc\u00dfung durch Bezirksvorsteherin Evelyn Weis spricht Oberb\u00fcrgermeister Fritz Kuhn \u00fcber die Gesamtstadt sowie die Entwicklungen des Bezirks in den vergangenen Jahren. Danach steht eine allgemeine [&hellip;]<\/p>\n","protected":false},"author":4,"featured_media":0,"comment_status":"closed","ping_status":"open","sticky":false,"template":"","format":"standard","meta":{"inline_featured_image":false,"_exactmetrics_skip_tracking":false,"_exactmetrics_sitenote_active":false,"_exactmetrics_sitenote_note":"","_exactmetrics_sitenote_category":0,"footnotes":""},"categories":[2239],"tags":[14857,14613,5,68,9,275],"class_list":{"0":"post-135418","1":"post","2":"type-post","3":"status-publish","4":"format-standard","6":"category-stuttgart-lokal","7":"tag-die-webzeitung","8":"tag-einwohnerversammlung","9":"tag-internetzeitung","10":"tag-online-zeitung","11":"tag-schaumedia","12":"tag-stuttgart"},"image_feature":null,"author_name":"Redaktion","pure_taxonomies":{"categories":[{"term_id":2239,"name":"Stuttgart","slug":"stuttgart-lokal","term_group":0,"term_taxonomy_id":2252,"taxonomy":"category","description":"Berichte und Informationen aus Stuttgart","parent":1433,"count":940,"filter":"raw","image":""}],"tags":[{"term_id":14857,"name":"Die-Webzeitung","slug":"die-webzeitung","term_group":0,"term_taxonomy_id":14876,"taxonomy":"post_tag","description":"","parent":0,"count":3615,"filter":"raw","image":""},{"term_id":14613,"name":"Einwohnerversammlung","slug":"einwohnerversammlung","term_group":0,"term_taxonomy_id":14632,"taxonomy":"post_tag","description":"","parent":0,"count":1,"filter":"raw","image":""},{"term_id":5,"name":"Internetzeitung","slug":"internetzeitung","term_group":0,"term_taxonomy_id":5,"taxonomy":"post_tag","description":"","parent":0,"count":1461,"filter":"raw","image":""},{"term_id":68,"name":"Online-Zeitung","slug":"online-zeitung","term_group":0,"term_taxonomy_id":69,"taxonomy":"post_tag","description":"","parent":0,"count":3585,"filter":"raw","image":""},{"term_id":9,"name":"SchauMedia","slug":"schaumedia","term_group":0,"term_taxonomy_id":9,"taxonomy":"post_tag","description":"","parent":0,"count":1607,"filter":"raw","image":""},{"term_id":275,"name":"Stuttgart","slug":"stuttgart","term_group":0,"term_taxonomy_id":281,"taxonomy":"post_tag","description":"","parent":0,"count":1192,"filter":"raw","image":""}]},"_links":{"self":[{"href":"https:\/\/die-webzeitung.de\/stuttgart\/wp-json\/wp\/v2\/posts\/135418","targetHints":{"allow":["GET"]}}],"collection":[{"href":"https:\/\/die-webzeitung.de\/stuttgart\/wp-json\/wp\/v2\/posts"}],"about":[{"href":"https:\/\/die-webzeitung.de\/stuttgart\/wp-json\/wp\/v2\/types\/post"}],"author":[{"embeddable":true,"href":"https:\/\/die-webzeitung.de\/stuttgart\/wp-json\/wp\/v2\/users\/4"}],"replies":[{"embeddable":true,"href":"https:\/\/die-webzeitung.de\/stuttgart\/wp-json\/wp\/v2\/comments?post=135418"}],"version-history":[{"count":1,"href":"https:\/\/die-webzeitung.de\/stuttgart\/wp-json\/wp\/v2\/posts\/135418\/revisions"}],"predecessor-version":[{"id":135419,"href":"https:\/\/die-webzeitung.de\/stuttgart\/wp-json\/wp\/v2\/posts\/135418\/revisions\/135419"}],"wp:attachment":[{"href":"https:\/\/die-webzeitung.de\/stuttgart\/wp-json\/wp\/v2\/media?parent=135418"}],"wp:term":[{"taxonomy":"category","embeddable":true,"href":"https:\/\/die-webzeitung.de\/stuttgart\/wp-json\/wp\/v2\/categories?post=135418"},{"taxonomy":"post_tag","embeddable":true,"href":"https:\/\/die-webzeitung.de\/stuttgart\/wp-json\/wp\/v2\/tags?post=135418"}],"curies":[{"name":"wp","href":"https:\/\/api.w.org\/{rel}","templated":true}]}}