{"id":135361,"date":"2019-06-29T15:56:26","date_gmt":"2019-06-29T14:56:26","guid":{"rendered":"https:\/\/die-webzeitung.de\/stuttgart\/?p=135361"},"modified":"2019-06-29T15:56:26","modified_gmt":"2019-06-29T14:56:26","slug":"haus-grund-stuttgart-bei-eigentuemern-immer-mehr-gefragt","status":"publish","type":"post","link":"https:\/\/die-webzeitung.de\/stuttgart\/2019\/06\/29\/haus-grund-stuttgart-bei-eigentuemern-immer-mehr-gefragt\/","title":{"rendered":"Haus &#038; Grund Stuttgart bei Eigent\u00fcmern immer mehr gefragt"},"content":{"rendered":"<h5 style=\"text-align: justify;\"><strong>Wieder volles Haus beim Tag der offenen T\u00fcr \u2013 65 neue Mitglieder<\/strong><\/h5>\n<p style=\"text-align: justify;\"><strong>\u00dcber 600 G\u00e4ste haben die Gelegenheit genutzt, sich vor Ort \u00fcber das Serviceangebot f\u00fcr Immobilien-Eigent\u00fcmer zu informieren<\/strong><\/p>\n<p style=\"text-align: justify;\">Stuttgart.| Als ein Besuchermagnet erwies sich einmal mehr der \u201eTag der offenen T\u00fcr\u201c von Haus &amp; Grund Stuttgart, der am Samstag, 29. Juni, in der Gesch\u00e4ftsstelle in der Gerokstra\u00dfe 3 \u00fcber die B\u00fchne ging. Trotz sommerlicher Hitze nutzten \u00fcber 600 Besucher die Chance, sich bei den Experten des Hausbesitzervereins \u00fcber das umfassende Service- und Beratungsangebot rund um die Immobilie zu Informieren.<\/p>\n<p style=\"text-align: justify;\">\n<p style=\"text-align: justify;\">Genuss mit Mehrwert also. Denn zum einen war auch f\u00fcr das leibliche Wohl und f\u00fcr gute Unterhaltung gesorgt. Unter anderem mit Kim Renkema und Annie Cesar, Sportdirektorin und Spielerin beim frischgebackenen Deutschen Volleyball-Meister Allianz MTV Stuttgart, die zur Autogrammstunde kamen und auf der Dachterrasse auch ein paar B\u00e4lle wechselten. Gro\u00dfe Aufmerksamkeit fand auch die Ausstellung mit den beeindruckenden Fotodokumenten von Hannes Kilian zu \u201eZerst\u00f6rung und Wiederaufbau Stuttgarts\u201c. Und f\u00fcr Spa\u00df und gute Laune bei Gro\u00df und Klein sorgte der Jongleur und Clown Alex Bopp.<\/p>\n<p style=\"text-align: justify;\">\n<p style=\"text-align: justify;\">Erneut stark nachgefragt war das Angebot f\u00fcr pers\u00f6nliche Beratungsgespr\u00e4che durch die Experten von Haus &amp; Grund. Gefragt war dabei vor allem Beratung in rechtlichen Dingen. Aber auch die Information durch Architekten, Energie- und Steuerberater oder durch die Fachleute f\u00fcr Bautechnik, Versicherung oder f\u00fcr notarielle Angelegenheiten. Das 50 K\u00f6pfe starke Team von Haus &amp; Grund informierte auch \u00fcber die Bewirtschaftung von Mietsh\u00e4usern und gab Tipps zum Immobilienverkauf und zur Immobilienbewertung.<\/p>\n<p style=\"text-align: justify;\">\n<p style=\"text-align: justify;\">Mit einem Drink von der Cocktailbar lie\u00df sich von der Dachterrasse auch der perfekte Blick \u00fcber das sommerliche Stuttgart genie\u00dfen. Hier erfuhren die Besucher auch N\u00e4heres \u00fcber das attraktive Reise- und Kulturprogramm, das der Haus- und Grundbesitzerverein seinen Mitgliedern bietet. Deutlich wurde aber auch: Die aktuelle Debatte um Enteignung, um Mietendeckel, Mietpreisbremse oder Zweckentfremdungsverbot emp\u00f6rt die Hauseigent\u00fcmer. Zudem stellt die Flut der gesetzlichen Neuregelungen die privaten Immobilienbesitzer vor immer neue Herausforderungen. Und viele Mitglieder w\u00fcrden gerne bauen, ihnen fehlen jedoch Grundst\u00fccke.<\/p>\n<p style=\"text-align: justify;\">\n<p style=\"text-align: justify;\">\n<p style=\"text-align: justify;\">\n<p style=\"text-align: justify;\">\n<p style=\"text-align: justify;\">\u201eWir freuen uns, dass wir mit 65 Neuzug\u00e4ngen ein hervorragendes Ergebnis erzielt haben und viele Besucher von unserem Angebot \u00fcberzeugen konnten\u201c, sagt der Vorsitzende Dr. Klaus Lang. \u201eDamit sind im ersten Halbjahr 2019 bereits mehr als 650 Mitglieder beigetreten\u201c, erg\u00e4nzt Gesch\u00e4ftsf\u00fchrer Ulrich Wecker und stellt fest: \u201eDie starke Resonanz zeigt, wie sehr wir mit unserem Angebot angesichts der angespannten Lage am Wohnungsmarkt und der gesellschaftlichen Debatte ums Eigentum einen Nerv treffen und dabei auch einen eminenten Bedarf decken k\u00f6nnen. Auch insofern war der Tag der offenen T\u00fcr wieder ein voller Erfolg.\u201c<\/p>\n<p style=\"text-align: justify;\">\n<p style=\"text-align: justify;\">Auch zahlreiche Prominente waren vor Ort. Mit Karin Maag, Stefan Kaufmann und Michael Hennrich (alle CDU), dem Landesverbandsvorsitzenden von Haus &amp; Grund W\u00fcrttemberg, drei Mitglieder des Deutschen Bundestages, dazu Neustadtrat Michael Schrade von den Freien W\u00e4hlern, sowie die Ausschussmitglieder Claudia Diem, Prof. Georg Fundel und Dr. Reinhard L\u00f6ffler.<\/p>\n<hr \/>\n<p style=\"text-align: justify;\">\n","protected":false},"excerpt":{"rendered":"<p>Wieder volles Haus beim Tag der offenen T\u00fcr \u2013 65 neue Mitglieder \u00dcber 600 G\u00e4ste haben die Gelegenheit genutzt, sich vor Ort \u00fcber das Serviceangebot f\u00fcr Immobilien-Eigent\u00fcmer zu informieren Stuttgart.| Als ein Besuchermagnet erwies sich einmal mehr der \u201eTag der offenen T\u00fcr\u201c von Haus &amp; Grund Stuttgart, der am Samstag, 29. Juni, in der Gesch\u00e4ftsstelle [&hellip;]<\/p>\n","protected":false},"author":4,"featured_media":135362,"comment_status":"closed","ping_status":"open","sticky":false,"template":"","format":"standard","meta":{"inline_featured_image":false,"_exactmetrics_skip_tracking":false,"_exactmetrics_sitenote_active":false,"_exactmetrics_sitenote_note":"","_exactmetrics_sitenote_category":0,"footnotes":""},"categories":[2239],"tags":[14857,12509,11944,38,5,68,9,275],"class_list":{"0":"post-135361","1":"post","2":"type-post","3":"status-publish","4":"format-standard","5":"has-post-thumbnail","7":"category-stuttgart-lokal","8":"tag-die-webzeitung","9":"tag-eigentuemer","10":"tag-grund","11":"tag-haus","12":"tag-internetzeitung","13":"tag-online-zeitung","14":"tag-schaumedia","15":"tag-stuttgart"},"image_feature":"https:\/\/die-webzeitung.de\/stuttgart\/wp-content\/uploads\/sites\/4\/2019\/06\/Autogramm.jpg","author_name":"Redaktion","pure_taxonomies":{"categories":[{"term_id":2239,"name":"Stuttgart","slug":"stuttgart-lokal","term_group":0,"term_taxonomy_id":2252,"taxonomy":"category","description":"Berichte und Informationen aus Stuttgart","parent":1433,"count":940,"filter":"raw","image":""}],"tags":[{"term_id":14857,"name":"Die-Webzeitung","slug":"die-webzeitung","term_group":0,"term_taxonomy_id":14876,"taxonomy":"post_tag","description":"","parent":0,"count":3615,"filter":"raw","image":""},{"term_id":12509,"name":"Eigent\u00fcmer","slug":"eigentuemer","term_group":0,"term_taxonomy_id":12548,"taxonomy":"post_tag","description":"","parent":0,"count":1,"filter":"raw","image":""},{"term_id":11944,"name":"Grund","slug":"grund","term_group":0,"term_taxonomy_id":11982,"taxonomy":"post_tag","description":"","parent":0,"count":4,"filter":"raw","image":""},{"term_id":38,"name":"Haus","slug":"haus","term_group":0,"term_taxonomy_id":38,"taxonomy":"post_tag","description":"","parent":0,"count":11,"filter":"raw","image":""},{"term_id":5,"name":"Internetzeitung","slug":"internetzeitung","term_group":0,"term_taxonomy_id":5,"taxonomy":"post_tag","description":"","parent":0,"count":1461,"filter":"raw","image":""},{"term_id":68,"name":"Online-Zeitung","slug":"online-zeitung","term_group":0,"term_taxonomy_id":69,"taxonomy":"post_tag","description":"","parent":0,"count":3585,"filter":"raw","image":""},{"term_id":9,"name":"SchauMedia","slug":"schaumedia","term_group":0,"term_taxonomy_id":9,"taxonomy":"post_tag","description":"","parent":0,"count":1607,"filter":"raw","image":""},{"term_id":275,"name":"Stuttgart","slug":"stuttgart","term_group":0,"term_taxonomy_id":281,"taxonomy":"post_tag","description":"","parent":0,"count":1192,"filter":"raw","image":""}]},"_links":{"self":[{"href":"https:\/\/die-webzeitung.de\/stuttgart\/wp-json\/wp\/v2\/posts\/135361","targetHints":{"allow":["GET"]}}],"collection":[{"href":"https:\/\/die-webzeitung.de\/stuttgart\/wp-json\/wp\/v2\/posts"}],"about":[{"href":"https:\/\/die-webzeitung.de\/stuttgart\/wp-json\/wp\/v2\/types\/post"}],"author":[{"embeddable":true,"href":"https:\/\/die-webzeitung.de\/stuttgart\/wp-json\/wp\/v2\/users\/4"}],"replies":[{"embeddable":true,"href":"https:\/\/die-webzeitung.de\/stuttgart\/wp-json\/wp\/v2\/comments?post=135361"}],"version-history":[{"count":1,"href":"https:\/\/die-webzeitung.de\/stuttgart\/wp-json\/wp\/v2\/posts\/135361\/revisions"}],"predecessor-version":[{"id":135363,"href":"https:\/\/die-webzeitung.de\/stuttgart\/wp-json\/wp\/v2\/posts\/135361\/revisions\/135363"}],"wp:featuredmedia":[{"embeddable":true,"href":"https:\/\/die-webzeitung.de\/stuttgart\/wp-json\/wp\/v2\/media\/135362"}],"wp:attachment":[{"href":"https:\/\/die-webzeitung.de\/stuttgart\/wp-json\/wp\/v2\/media?parent=135361"}],"wp:term":[{"taxonomy":"category","embeddable":true,"href":"https:\/\/die-webzeitung.de\/stuttgart\/wp-json\/wp\/v2\/categories?post=135361"},{"taxonomy":"post_tag","embeddable":true,"href":"https:\/\/die-webzeitung.de\/stuttgart\/wp-json\/wp\/v2\/tags?post=135361"}],"curies":[{"name":"wp","href":"https:\/\/api.w.org\/{rel}","templated":true}]}}