{"id":135354,"date":"2019-06-28T16:25:49","date_gmt":"2019-06-28T15:25:49","guid":{"rendered":"https:\/\/die-webzeitung.de\/stuttgart\/?p=135354"},"modified":"2019-06-28T16:25:49","modified_gmt":"2019-06-28T15:25:49","slug":"clever-gestartet-monikit-gewinnt-startup-pitch","status":"publish","type":"post","link":"https:\/\/die-webzeitung.de\/stuttgart\/2019\/06\/28\/clever-gestartet-monikit-gewinnt-startup-pitch\/","title":{"rendered":"\u201eClever gestartet\u201c: monikit gewinnt Startup Pitch"},"content":{"rendered":"<p style=\"text-align: justify;\">Stuttgart.| Die Wirtschaftsf\u00f6rderung der Stadt Stuttgart und das Fraunhofer-Institut f\u00fcr Arbeitswirtschaft und Organisation IAO haben heute erstmalig im Rahmen der Veranstaltung \u201eClever gestartet \u2013 Gr\u00fcnden in Stuttgart\u201c zum Startup Pitch geladen.<\/p>\n<p style=\"text-align: justify;\">Dabei hat das junge Gr\u00fcnderteam von monikit sein Gesch\u00e4ftsmodell am besten auf den Punkt gebracht und die anwesende Jury in nur 90 Sekunden von seinen L\u00f6sungen f\u00fcr Pr\u00e4ventions- und Detektionssysteme f\u00fcr den Alltagsgebrauch von Menschen mit speziellen chronischen Erkrankungen \u00fcberzeugen k\u00f6nnen.<\/p>\n<p style=\"text-align: justify;\">Prof. Dr.-Ing. Prof. e. h. Wilhelm Bauer, der gesch\u00e4ftsf\u00fchrende Institutsleiter am Fraunhofer IAO und Technologiebeauftragte des Landes Baden-W\u00fcrttemberg, gratulierte dem Gewinnerteam pers\u00f6nlich, das sich gegen 13 weitere Wettbewerber aus dem direkten Umfeld unserer Hochschullandschaft durchsetzen konnte. Das Team von monikit freute sich im Anschluss nicht nur \u00fcber die obligatorische Siegerurkunde. Beim noch folgenden \u201eKamingespr\u00e4ch\u201c mit dem Institutsleiter des Fraunhofer IAO profitieren die Gewinner des Wettbewerbs vielmehr vom einmaligen Zugang zu wissenschaftlichem Know-how und exklusiven Kontakten.<\/p>\n<p style=\"text-align: justify;\">Erg\u00e4nzt wurde der Pitch von einer Pr\u00e4sentation durch Vertreterinnen und Vertreter der Universit\u00e4t Stuttgart, der Universit\u00e4t Hohenheim, der Hochschule f\u00fcr Technik und der Hochschule der Medien, die dem Publikum im Rathaus ihre Programme, mit denen sie Unternehmensgr\u00fcndungen im Hochschulumfeld f\u00f6rdern und gezielt beschleunigen vorgestellt haben.<\/p>\n<p style=\"text-align: justify;\"><strong>Stuttgarter Wissenschaftsfestival<br \/>\n<\/strong>Die Veranstaltung ist Teil des 1. Stuttgarter Wissenschaftsfestival, das auf Initiative von Oberb\u00fcrgermeister Fritz Kuhn vom 26. Juni bis 6. Juli in der Landeshauptstadt stattfindet. Informationen zum Festival und das Programmheft sind zu finden unter <a href=\"http:\/\/www.wissenschaftsfestival-stuttgart.de\" target=\"_blank\" rel=\"noopener noreferrer\">www.wissenschaftsfestival-stuttgart.de<\/a><\/p>\n<hr \/>\n<p style=\"text-align: justify;\">\n","protected":false},"excerpt":{"rendered":"<p>Stuttgart.| Die Wirtschaftsf\u00f6rderung der Stadt Stuttgart und das Fraunhofer-Institut f\u00fcr Arbeitswirtschaft und Organisation IAO haben heute erstmalig im Rahmen der Veranstaltung \u201eClever gestartet \u2013 Gr\u00fcnden in Stuttgart\u201c zum Startup Pitch geladen. Dabei hat das junge Gr\u00fcnderteam von monikit sein Gesch\u00e4ftsmodell am besten auf den Punkt gebracht und die anwesende Jury in nur 90 Sekunden von [&hellip;]<\/p>\n","protected":false},"author":4,"featured_media":135355,"comment_status":"closed","ping_status":"open","sticky":false,"template":"","format":"standard","meta":{"inline_featured_image":false,"_exactmetrics_skip_tracking":false,"_exactmetrics_sitenote_active":false,"_exactmetrics_sitenote_note":"","_exactmetrics_sitenote_category":0,"footnotes":""},"categories":[59,2239],"tags":[14857,5,68,9,13723,275,16335],"class_list":{"0":"post-135354","1":"post","2":"type-post","3":"status-publish","4":"format-standard","5":"has-post-thumbnail","7":"category-aktuell","8":"category-stuttgart-lokal","9":"tag-die-webzeitung","10":"tag-internetzeitung","11":"tag-online-zeitung","12":"tag-schaumedia","13":"tag-startup","14":"tag-stuttgart","15":"tag-wissenschaftsfestival"},"image_feature":"https:\/\/die-webzeitung.de\/stuttgart\/wp-content\/uploads\/sites\/4\/2019\/06\/LHS-monikit-gewinnt-Startup-Pitch-im-Stuttgarter-Rathaus.jpg","author_name":"Redaktion","pure_taxonomies":{"categories":[{"term_id":59,"name":"Aktuell","slug":"aktuell","term_group":0,"term_taxonomy_id":60,"taxonomy":"category","description":"","parent":0,"count":1017,"filter":"raw","image":""},{"term_id":2239,"name":"Stuttgart","slug":"stuttgart-lokal","term_group":0,"term_taxonomy_id":2252,"taxonomy":"category","description":"Berichte und Informationen aus Stuttgart","parent":1433,"count":941,"filter":"raw","image":""}],"tags":[{"term_id":14857,"name":"Die-Webzeitung","slug":"die-webzeitung","term_group":0,"term_taxonomy_id":14876,"taxonomy":"post_tag","description":"","parent":0,"count":3616,"filter":"raw","image":""},{"term_id":5,"name":"Internetzeitung","slug":"internetzeitung","term_group":0,"term_taxonomy_id":5,"taxonomy":"post_tag","description":"","parent":0,"count":1461,"filter":"raw","image":""},{"term_id":68,"name":"Online-Zeitung","slug":"online-zeitung","term_group":0,"term_taxonomy_id":69,"taxonomy":"post_tag","description":"","parent":0,"count":3586,"filter":"raw","image":""},{"term_id":9,"name":"SchauMedia","slug":"schaumedia","term_group":0,"term_taxonomy_id":9,"taxonomy":"post_tag","description":"","parent":0,"count":1607,"filter":"raw","image":""},{"term_id":13723,"name":"StartUp","slug":"startup","term_group":0,"term_taxonomy_id":13765,"taxonomy":"post_tag","description":"","parent":0,"count":1,"filter":"raw","image":""},{"term_id":275,"name":"Stuttgart","slug":"stuttgart","term_group":0,"term_taxonomy_id":281,"taxonomy":"post_tag","description":"","parent":0,"count":1193,"filter":"raw","image":""},{"term_id":16335,"name":"Wissenschaftsfestival","slug":"wissenschaftsfestival","term_group":0,"term_taxonomy_id":16354,"taxonomy":"post_tag","description":"","parent":0,"count":1,"filter":"raw","image":""}]},"_links":{"self":[{"href":"https:\/\/die-webzeitung.de\/stuttgart\/wp-json\/wp\/v2\/posts\/135354","targetHints":{"allow":["GET"]}}],"collection":[{"href":"https:\/\/die-webzeitung.de\/stuttgart\/wp-json\/wp\/v2\/posts"}],"about":[{"href":"https:\/\/die-webzeitung.de\/stuttgart\/wp-json\/wp\/v2\/types\/post"}],"author":[{"embeddable":true,"href":"https:\/\/die-webzeitung.de\/stuttgart\/wp-json\/wp\/v2\/users\/4"}],"replies":[{"embeddable":true,"href":"https:\/\/die-webzeitung.de\/stuttgart\/wp-json\/wp\/v2\/comments?post=135354"}],"version-history":[{"count":1,"href":"https:\/\/die-webzeitung.de\/stuttgart\/wp-json\/wp\/v2\/posts\/135354\/revisions"}],"predecessor-version":[{"id":135356,"href":"https:\/\/die-webzeitung.de\/stuttgart\/wp-json\/wp\/v2\/posts\/135354\/revisions\/135356"}],"wp:featuredmedia":[{"embeddable":true,"href":"https:\/\/die-webzeitung.de\/stuttgart\/wp-json\/wp\/v2\/media\/135355"}],"wp:attachment":[{"href":"https:\/\/die-webzeitung.de\/stuttgart\/wp-json\/wp\/v2\/media?parent=135354"}],"wp:term":[{"taxonomy":"category","embeddable":true,"href":"https:\/\/die-webzeitung.de\/stuttgart\/wp-json\/wp\/v2\/categories?post=135354"},{"taxonomy":"post_tag","embeddable":true,"href":"https:\/\/die-webzeitung.de\/stuttgart\/wp-json\/wp\/v2\/tags?post=135354"}],"curies":[{"name":"wp","href":"https:\/\/api.w.org\/{rel}","templated":true}]}}