{"id":135307,"date":"2019-06-26T17:51:05","date_gmt":"2019-06-26T16:51:05","guid":{"rendered":"https:\/\/die-webzeitung.de\/stuttgart\/?p=135307"},"modified":"2019-06-26T17:51:05","modified_gmt":"2019-06-26T16:51:05","slug":"soforthilfe-fuer-theaterhaus-und-theater-der-altstadt-vorgeschlagen","status":"publish","type":"post","link":"https:\/\/die-webzeitung.de\/stuttgart\/2019\/06\/26\/soforthilfe-fuer-theaterhaus-und-theater-der-altstadt-vorgeschlagen\/","title":{"rendered":"Soforthilfe f\u00fcr Theaterhaus und Theater der Altstadt vorgeschlagen"},"content":{"rendered":"<h5 style=\"text-align: justify;\"><strong>Gemeinderat ber\u00e4t n\u00e4chste Woche<\/strong><\/h5>\n<p style=\"text-align: justify;\">Stuttgart.| Das Theaterhaus Stuttgart und das Theater der Altstadt sind bedeutende Einrichtungen der Stuttgarter Kulturlandschaft. Um sie finanziell abzusichern, hat die Verwaltung dem Gemeinderat einen Vorschlag zur Soforthilfe gemacht. Dies teilte die Stadt am Mittwoch, 26. Juni, mit. Der Gemeinderat wird schon kommende Woche \u00fcber die Entscheidungsvorlage beraten.<\/p>\n<p style=\"text-align: justify;\">Das Theaterhaus ben\u00f6tigt aktuell rund 1,3 Millionen Euro. Die Stiftung Theaterhaus Stuttgart, Stadtverwaltung und Wissenschaftsministerium haben sich auf einen gemeinsamen Vorschlag verst\u00e4ndigt, wie diese L\u00fccke zu schlie\u00dfen w\u00e4re. Demnach w\u00fcrde die Stadt eine Sonderaufwendung von 486.000 Euro leisten, das Land weitere 243.000 Euro, die Stiftung Theaterhaus Stuttgart leistet einen Zuschuss in H\u00f6he von 300.000 Euro, und ein privater Spender hat 100.000 Euro zugesagt. Das Theaterhaus trifft Ma\u00dfnahmen um 211.000 Euro einzusparen. Die Soforthilfe ist gekoppelt an die Erarbeitung eines tragf\u00e4higen Sanierungskonzepts. Das Land plant eine Befassung des Ministerrats noch im Juli.<\/p>\n<p style=\"text-align: justify;\">Oberb\u00fcrgermeister Fritz Kuhn sagte: \u201eDas Theaterhaus ist ein Publikumsmagnet, seine Bedeutung f\u00fcr Stuttgarts Kunst- und Kulturszene herausragend. Mit seinem breiten Programm \u2013 egal ob Comedy-Auftritte, gesellschaftspolitisch engagierte Eigenproduktionen oder Tanzinszenierungen \u2013 setzt es Akzente, die weit \u00fcber Stuttgart hinaus wirken. Daher hoffe ich, dass der Gemeinderat das Sofortprogramm unterst\u00fctzt.\u201c<\/p>\n<p style=\"text-align: justify;\">Erster B\u00fcrgermeister Dr. Fabian Mayer erg\u00e4nzte: \u201eIch bin erleichtert, dass es gelungen ist, dieses Paket zu schn\u00fcren. Wir sind Anfang M\u00e4rz \u00fcber einen Umsatzeinbruch informiert worden, der als existenzbedrohend dargestellt wurde. Daraufhin haben wir mit allen Beteiligten zahlreiche Gespr\u00e4che gef\u00fchrt, um auf Basis eines Wirtschaftsgutachtens nun dem Rat diesen Vorschlag zu machen.\u201c<\/p>\n<p style=\"text-align: justify;\">Die Gr\u00fcnde f\u00fcr den Finanzbedarf sind vielschichtig. Neben steigenden Personal- und Produktionskosten, gab es betriebsbedingte Schwierigkeiten, Sponsoreneinnahmen fielen aus oder die Einnahmen aus Ticketerl\u00f6sen gingen durch den hei\u00dfen Sommer 2018 zur\u00fcck.<\/p>\n<p style=\"text-align: justify;\"><strong>Theater der Altstadt soll von der Stadt einmalig 60.000 Euro erhalten<br \/>\n<\/strong>Das Theater der Altstadt \u2013 das erste Privattheater in Stuttgart \u2013 soll noch dieses Jahr einmalig 60.000 Euro als Sonderzuwendung erhalten. Die Einrichtung ist seit Jahren mit steigenden Produktions- und Personalkosten konfrontiert. Ehrenamtlich Engagierte fingen vieles auf. Eine Zukunft hat das Theater nur mit hauptamtlichen Strukturen. Die Kulturverwaltung schl\u00e4gt vor, die j\u00e4hrliche F\u00f6rderung um 110.000 Euro auf k\u00fcnftig 648.650 Euro zu erh\u00f6hen.<\/p>\n<p style=\"text-align: justify;\">\u00dcber eine etwaige Erh\u00f6hung der institutionellen Zuwendungen an das Theater der Altstadt und das Theaterhaus ber\u00e4t der Gemeinderat im Herbst. Sie w\u00e4ren dann Teil des kommenden Doppelhaushalts.<\/p>\n<hr \/>\n<p style=\"text-align: justify;\">\n","protected":false},"excerpt":{"rendered":"<p>Gemeinderat ber\u00e4t n\u00e4chste Woche Stuttgart.| Das Theaterhaus Stuttgart und das Theater der Altstadt sind bedeutende Einrichtungen der Stuttgarter Kulturlandschaft. Um sie finanziell abzusichern, hat die Verwaltung dem Gemeinderat einen Vorschlag zur Soforthilfe gemacht. Dies teilte die Stadt am Mittwoch, 26. Juni, mit. Der Gemeinderat wird schon kommende Woche \u00fcber die Entscheidungsvorlage beraten. Das Theaterhaus ben\u00f6tigt [&hellip;]<\/p>\n","protected":false},"author":4,"featured_media":0,"comment_status":"closed","ping_status":"open","sticky":false,"template":"","format":"standard","meta":{"inline_featured_image":false,"_exactmetrics_skip_tracking":false,"_exactmetrics_sitenote_active":false,"_exactmetrics_sitenote_note":"","_exactmetrics_sitenote_category":0,"footnotes":""},"categories":[2239],"tags":[10566,14857,5,68,9,275,9188,8128],"class_list":{"0":"post-135307","1":"post","2":"type-post","3":"status-publish","4":"format-standard","6":"category-stuttgart-lokal","7":"tag-altstadt","8":"tag-die-webzeitung","9":"tag-internetzeitung","10":"tag-online-zeitung","11":"tag-schaumedia","12":"tag-stuttgart","13":"tag-theater","14":"tag-theaterhaus"},"image_feature":null,"author_name":"Redaktion","pure_taxonomies":{"categories":[{"term_id":2239,"name":"Stuttgart","slug":"stuttgart-lokal","term_group":0,"term_taxonomy_id":2252,"taxonomy":"category","description":"Berichte und Informationen aus Stuttgart","parent":1433,"count":940,"filter":"raw","image":""}],"tags":[{"term_id":10566,"name":"Altstadt","slug":"altstadt","term_group":0,"term_taxonomy_id":10602,"taxonomy":"post_tag","description":"","parent":0,"count":2,"filter":"raw","image":""},{"term_id":14857,"name":"Die-Webzeitung","slug":"die-webzeitung","term_group":0,"term_taxonomy_id":14876,"taxonomy":"post_tag","description":"","parent":0,"count":3615,"filter":"raw","image":""},{"term_id":5,"name":"Internetzeitung","slug":"internetzeitung","term_group":0,"term_taxonomy_id":5,"taxonomy":"post_tag","description":"","parent":0,"count":1461,"filter":"raw","image":""},{"term_id":68,"name":"Online-Zeitung","slug":"online-zeitung","term_group":0,"term_taxonomy_id":69,"taxonomy":"post_tag","description":"","parent":0,"count":3585,"filter":"raw","image":""},{"term_id":9,"name":"SchauMedia","slug":"schaumedia","term_group":0,"term_taxonomy_id":9,"taxonomy":"post_tag","description":"","parent":0,"count":1607,"filter":"raw","image":""},{"term_id":275,"name":"Stuttgart","slug":"stuttgart","term_group":0,"term_taxonomy_id":281,"taxonomy":"post_tag","description":"","parent":0,"count":1192,"filter":"raw","image":""},{"term_id":9188,"name":"Theater","slug":"theater","term_group":0,"term_taxonomy_id":9215,"taxonomy":"post_tag","description":"","parent":0,"count":2,"filter":"raw","image":""},{"term_id":8128,"name":"Theaterhaus","slug":"theaterhaus","term_group":0,"term_taxonomy_id":8151,"taxonomy":"post_tag","description":"","parent":0,"count":3,"filter":"raw","image":""}]},"_links":{"self":[{"href":"https:\/\/die-webzeitung.de\/stuttgart\/wp-json\/wp\/v2\/posts\/135307","targetHints":{"allow":["GET"]}}],"collection":[{"href":"https:\/\/die-webzeitung.de\/stuttgart\/wp-json\/wp\/v2\/posts"}],"about":[{"href":"https:\/\/die-webzeitung.de\/stuttgart\/wp-json\/wp\/v2\/types\/post"}],"author":[{"embeddable":true,"href":"https:\/\/die-webzeitung.de\/stuttgart\/wp-json\/wp\/v2\/users\/4"}],"replies":[{"embeddable":true,"href":"https:\/\/die-webzeitung.de\/stuttgart\/wp-json\/wp\/v2\/comments?post=135307"}],"version-history":[{"count":1,"href":"https:\/\/die-webzeitung.de\/stuttgart\/wp-json\/wp\/v2\/posts\/135307\/revisions"}],"predecessor-version":[{"id":135308,"href":"https:\/\/die-webzeitung.de\/stuttgart\/wp-json\/wp\/v2\/posts\/135307\/revisions\/135308"}],"wp:attachment":[{"href":"https:\/\/die-webzeitung.de\/stuttgart\/wp-json\/wp\/v2\/media?parent=135307"}],"wp:term":[{"taxonomy":"category","embeddable":true,"href":"https:\/\/die-webzeitung.de\/stuttgart\/wp-json\/wp\/v2\/categories?post=135307"},{"taxonomy":"post_tag","embeddable":true,"href":"https:\/\/die-webzeitung.de\/stuttgart\/wp-json\/wp\/v2\/tags?post=135307"}],"curies":[{"name":"wp","href":"https:\/\/api.w.org\/{rel}","templated":true}]}}