{"id":135296,"date":"2019-06-25T18:22:05","date_gmt":"2019-06-25T17:22:05","guid":{"rendered":"https:\/\/die-webzeitung.de\/stuttgart\/2019\/06\/25\/durchsuchung-bei-mutmasslichem-rechtsextremisten\/"},"modified":"2019-06-25T18:22:05","modified_gmt":"2019-06-25T17:22:05","slug":"durchsuchung-bei-mutmasslichem-rechtsextremisten","status":"publish","type":"post","link":"https:\/\/die-webzeitung.de\/stuttgart\/2019\/06\/25\/durchsuchung-bei-mutmasslichem-rechtsextremisten\/","title":{"rendered":"Durchsuchung bei mutma\u00dflichem Rechtsextremisten"},"content":{"rendered":"<p style=\"text-align: justify;\">Stuttgart.| Heute Morgen durchsuchten Ermittler des Landeskriminalamts Baden-W\u00fcrttemberg und des Polizeipr\u00e4sidiums Konstanz eine Wohnung in Gottmadingen, Landkreis Konstanz. Die Durchsuchung wegen des Verdachts der Verwendung von Kennzeichen verfassungswidriger Organisationen erfolgte im Auftrag der Staatsanwaltschaft Karlsruhe. Die Ma\u00dfnahmen richteten sich gegen den mutma\u00dflichen Administrator einer rechtsextremistischen Chat-Gruppe. Bei dem 28-j\u00e4hrigen Beschuldigten wurden ein Luftgewehr, ein Einhand-Messer, diverse elektronische Datentr\u00e4ger und Schriftst\u00fccke sichergestellt, die nun auszuwerten sind.<\/p>\n<p style=\"text-align: justify;\">In der Chat-Gruppe sollen zahlreiche Posts mit nationalsozialistischen und fremdenfeindlichen Inhalten sowie Ank\u00fcndigungen und Aufrufe zu Gewalttaten eingestellt sein. Das Landesamt f\u00fcr Verfassungsschutz Baden-W\u00fcrttemberg war der Gruppe, die seit September 2018 besteht und auch Mitglieder in anderen Bundesl\u00e4ndern hat, auf die Spur gekommen und hat diese Informationen dem Landeskriminalamt Baden-W\u00fcrttemberg mitgeteilt.<\/p>\n<p style=\"text-align: justify;\">Ein in Oberhausen (Nordrhein-Westfalen) wohnhaftes Mitglied der Chat-Gruppe steht im Verdacht, die Beschaffung von Schusswaffen angeboten zu haben. Daher wurden die dortigen Ermittlungsbeh\u00f6rden unverz\u00fcglich unterrichtet, die in enger Abstimmung mit dem Landeskriminalamt Baden-W\u00fcrttemberg und der Staatsanwaltschaft Karlsruhe ebenfalls am heutigen Tage Ma\u00dfnahmen gegen den dortigen 49-j\u00e4hrigen Verd\u00e4chtigen wegen des Verdachts des Versto\u00dfes gegen das Kriegswaffenkontrollgesetz durchf\u00fchrten. Im Auftrag der Staatsanwaltschaft Duisburg wurde die Wohnung des Mannes am Vormittag durchsucht. Hierbei konnten mehrere Waffen aufgefunden werden, die jedoch nicht dem Kriegswaffenkontrollgesetz unterliegen und deren Besitz auch nach dem Waffengesetz nicht erlaubnispflichtig und damit nicht strafrechtlich relevant ist.\u00a0(ots)<\/p>\n<hr \/>\n<p style=\"text-align: justify;\">\n","protected":false},"excerpt":{"rendered":"<p>Stuttgart.| Heute Morgen durchsuchten Ermittler des Landeskriminalamts Baden-W\u00fcrttemberg und des Polizeipr\u00e4sidiums Konstanz eine Wohnung in Gottmadingen, Landkreis Konstanz. Die Durchsuchung wegen des Verdachts der Verwendung von Kennzeichen verfassungswidriger Organisationen erfolgte im Auftrag der Staatsanwaltschaft Karlsruhe. Die Ma\u00dfnahmen richteten sich gegen den mutma\u00dflichen Administrator einer rechtsextremistischen Chat-Gruppe. Bei dem 28-j\u00e4hrigen Beschuldigten wurden ein Luftgewehr, ein Einhand-Messer, [&hellip;]<\/p>\n","protected":false},"author":4,"featured_media":0,"comment_status":"closed","ping_status":"open","sticky":false,"template":"","format":"standard","meta":{"inline_featured_image":false,"_exactmetrics_skip_tracking":false,"_exactmetrics_sitenote_active":false,"_exactmetrics_sitenote_note":"","_exactmetrics_sitenote_category":0,"footnotes":""},"categories":[9098],"tags":[14857,16069,5,1754,68,1431],"class_list":{"0":"post-135296","1":"post","2":"type-post","3":"status-publish","4":"format-standard","6":"category-baden-wuerttemberg","7":"tag-die-webzeitung","8":"tag-durchsuchung","9":"tag-internetzeitung","10":"tag-lka","11":"tag-online-zeitung","12":"tag-verfassungsschutz"},"image_feature":null,"author_name":"Redaktion","pure_taxonomies":{"categories":[{"term_id":9098,"name":"Baden-W\u00fcrttemberg","slug":"baden-wuerttemberg","term_group":0,"term_taxonomy_id":9124,"taxonomy":"category","description":"","parent":171,"count":238,"filter":"raw","image":""}],"tags":[{"term_id":14857,"name":"Die-Webzeitung","slug":"die-webzeitung","term_group":0,"term_taxonomy_id":14876,"taxonomy":"post_tag","description":"","parent":0,"count":3615,"filter":"raw","image":""},{"term_id":16069,"name":"Durchsuchung","slug":"durchsuchung","term_group":0,"term_taxonomy_id":16088,"taxonomy":"post_tag","description":"","parent":0,"count":5,"filter":"raw","image":""},{"term_id":5,"name":"Internetzeitung","slug":"internetzeitung","term_group":0,"term_taxonomy_id":5,"taxonomy":"post_tag","description":"","parent":0,"count":1461,"filter":"raw","image":""},{"term_id":1754,"name":"LKA","slug":"lka","term_group":0,"term_taxonomy_id":1763,"taxonomy":"post_tag","description":"","parent":0,"count":20,"filter":"raw","image":""},{"term_id":68,"name":"Online-Zeitung","slug":"online-zeitung","term_group":0,"term_taxonomy_id":69,"taxonomy":"post_tag","description":"","parent":0,"count":3585,"filter":"raw","image":""},{"term_id":1431,"name":"Verfassungsschutz","slug":"verfassungsschutz","term_group":0,"term_taxonomy_id":1440,"taxonomy":"post_tag","description":"","parent":0,"count":4,"filter":"raw","image":""}]},"_links":{"self":[{"href":"https:\/\/die-webzeitung.de\/stuttgart\/wp-json\/wp\/v2\/posts\/135296","targetHints":{"allow":["GET"]}}],"collection":[{"href":"https:\/\/die-webzeitung.de\/stuttgart\/wp-json\/wp\/v2\/posts"}],"about":[{"href":"https:\/\/die-webzeitung.de\/stuttgart\/wp-json\/wp\/v2\/types\/post"}],"author":[{"embeddable":true,"href":"https:\/\/die-webzeitung.de\/stuttgart\/wp-json\/wp\/v2\/users\/4"}],"replies":[{"embeddable":true,"href":"https:\/\/die-webzeitung.de\/stuttgart\/wp-json\/wp\/v2\/comments?post=135296"}],"version-history":[{"count":0,"href":"https:\/\/die-webzeitung.de\/stuttgart\/wp-json\/wp\/v2\/posts\/135296\/revisions"}],"wp:attachment":[{"href":"https:\/\/die-webzeitung.de\/stuttgart\/wp-json\/wp\/v2\/media?parent=135296"}],"wp:term":[{"taxonomy":"category","embeddable":true,"href":"https:\/\/die-webzeitung.de\/stuttgart\/wp-json\/wp\/v2\/categories?post=135296"},{"taxonomy":"post_tag","embeddable":true,"href":"https:\/\/die-webzeitung.de\/stuttgart\/wp-json\/wp\/v2\/tags?post=135296"}],"curies":[{"name":"wp","href":"https:\/\/api.w.org\/{rel}","templated":true}]}}