{"id":135258,"date":"2019-06-22T12:05:32","date_gmt":"2019-06-22T11:05:32","guid":{"rendered":"https:\/\/die-webzeitung.de\/stuttgart\/?p=135258"},"modified":"2019-06-22T12:05:32","modified_gmt":"2019-06-22T11:05:32","slug":"ob-kuhn-laeutet-plastikfreie-wochenmaerkte-in-stuttgart-ein","status":"publish","type":"post","link":"https:\/\/die-webzeitung.de\/stuttgart\/2019\/06\/22\/ob-kuhn-laeutet-plastikfreie-wochenmaerkte-in-stuttgart-ein\/","title":{"rendered":"OB Kuhn l\u00e4utet plastikfreie Wochenm\u00e4rkte in Stuttgart ein"},"content":{"rendered":"<p style=\"text-align: justify;\">Stuttgart.| Bei der 11. Erzeugermeile der Stuttgarter Wochenm\u00e4rkte ist am Samstag, 22. Juni, das Thema Nachhaltigkeit im Fokus gestanden &#8211; mit einer klaren Botschaft: Die Stuttgarter Wochenm\u00e4rkte sollen plastikfrei werden.<\/p>\n<p style=\"text-align: justify;\">Oberb\u00fcrgermeister Fritz Kuhn griff daf\u00fcr am Informationsstand der M\u00e4rkte Stuttgart GmbH in der Kirchstra\u00dfe selbst zur Marktglocke und l\u00e4utete symbolisch den \u201eplastikfreien Wochenmarkt\u201c in Stuttgart ein. OB Kuhn: \u201eStuttgart ist f\u00fcr seine Wochenm\u00e4rkte bekannt: Hier gibt es frische saisonale und regionale Produkte. Das ist eine gute Art einzukaufen. Unser Ziel ist ein plastikfreier Wochenmarkt, den die Stadt gemeinsam mit den M\u00e4rkten Stuttgart sukzessive einf\u00fchren will. Denn gerade beim Einkaufen gibt es gute, umweltfreundliche Alternativen zu Plastikt\u00fcten. Jeder kann im Kleinen seinen Beitrag leisten und zu Mehrwegverpackungen greifen. Deshalb freut es mich, dass plastikfreies Einkaufen auf den Stuttgarter Wochenm\u00e4rkten ab 2020 die Regel sein soll.\u201c<\/p>\n<p style=\"text-align: justify;\">Der Startschuss f\u00fcr die plastikfreien Wochenm\u00e4rkte in Stuttgart soll Signalwirkung haben, damit die Plastikverpackungen nach und nach auf allen 29 Wochenm\u00e4rkten im Stadtgebiet verschwinden. Bis Ende 2019 sollen alle Wochenm\u00e4rkte weitgehend plastikfrei sein: Neben eigenen mitgebrachten Beh\u00e4ltnissen und Verpackungen der Kundinnen und Kunden sind zudem umweltfreundlich hergestellte und wiederverwendbare Papiert\u00fcten an den Marktst\u00e4nden eine M\u00f6glichkeit.<\/p>\n<p style=\"text-align: justify;\">Thomas Lehmann, Gesch\u00e4ftsf\u00fchrer der M\u00e4rkte Stuttgart GmbH, betonte: \u201eGemeinsam mit unseren 200 Markth\u00e4ndlern wollen wir ein Zeichen setzen und ein gutes Beispiel geben, um die Plastikverpackungen von unseren Wochenm\u00e4rkten so gut es geht zu verbannen. Wichtig ist aber nicht nur ein Umdenken bei den Markth\u00e4ndlern, sondern vor allem bei den Kunden und Verbrauchern. Sie k\u00f6nnen selbst einen wichtigen Beitrag leisten, indem sie eigene Stofftaschen, K\u00f6rbe oder andere umweltfreundliche Beh\u00e4ltnisse zum Einkauf auf den Markt mitbringen.\u201c<\/p>\n<p style=\"text-align: justify;\">Anschlie\u00dfend machte Oberb\u00fcrgermeister Kuhn gemeinsam mit Thomas Lehmann sowie Lena Hils und ihrer Familie, der Gewinnerin der Facebook-Verlosung \u201ePlastikfrei einkaufen mit dem Oberb\u00fcrgermeister\u201c, eine nachhaltige Einkaufstour \u00fcber den Wochenmarkt auf dem Marktplatz \u2013 Eink\u00e4ufe und plastikfreies Startpaket gab es f\u00fcr die Familie Hils dabei inklusive.<\/p>\n<p style=\"text-align: justify;\"><strong>Hintergrund zum plastikfreien Einkaufen auf den Stuttgarter Wochenm\u00e4rkten<br \/>\n<\/strong>Der Verbrauch von Plastiktragetaschen in Deutschland ist in den vergangenen Jahren deutlich zur\u00fcckgegangen. Allerdings ist der Verbrauch von sogenannten \u201eHemdchent\u00fcten\u201c (sehr leichte Kunststofft\u00fctchen) nach wie vor konstant hoch. Nach bundesweiten Erhebungen kommen jedes Jahr knapp drei Milliarden dieser kleinen und umweltsch\u00e4dlichen T\u00fcten in den Umlauf.<\/p>\n<p style=\"text-align: justify;\">Diese Art der Verpackung soll auf den Stuttgarter Wochenm\u00e4rkten deshalb bald Geschichte sein. Die M\u00e4rkte Stuttgart GmbH unterst\u00fctzt die Markth\u00e4ndler im Rahmen der Aktionsplattform des Landes Baden-W\u00fcrttemberg \u201eNachhaltig handeln\u201c unter anderem mit \u00f6kologischen Papiert\u00fcten f\u00fcr den Einkauf auf dem Wochenmarkt.<\/p>\n<p style=\"text-align: justify;\">Aktuell werden auf der Erzeugermeile, aber auch auf den anderen Wochenm\u00e4rkten in Stuttgart, wiederverwendbare Tragetaschen von der M\u00e4rkte Stuttgart GmbH beziehungsweise den Markth\u00e4ndlern bei verschiedenen Aktionen ausgegeben. Grunds\u00e4tzlich sollen solche Tragetaschen aber vor allem von den H\u00e4ndlern zum Erwerb und der Weitergabe an die Verbraucher zur Verf\u00fcgung gestellt werden.<\/p>\n<hr \/>\n<p style=\"text-align: justify;\">\n","protected":false},"excerpt":{"rendered":"<p>Stuttgart.| Bei der 11. Erzeugermeile der Stuttgarter Wochenm\u00e4rkte ist am Samstag, 22. Juni, das Thema Nachhaltigkeit im Fokus gestanden &#8211; mit einer klaren Botschaft: Die Stuttgarter Wochenm\u00e4rkte sollen plastikfrei werden. Oberb\u00fcrgermeister Fritz Kuhn griff daf\u00fcr am Informationsstand der M\u00e4rkte Stuttgart GmbH in der Kirchstra\u00dfe selbst zur Marktglocke und l\u00e4utete symbolisch den \u201eplastikfreien Wochenmarkt\u201c in Stuttgart [&hellip;]<\/p>\n","protected":false},"author":4,"featured_media":135259,"comment_status":"closed","ping_status":"open","sticky":false,"template":"","format":"standard","meta":{"inline_featured_image":false,"_exactmetrics_skip_tracking":false,"_exactmetrics_sitenote_active":false,"_exactmetrics_sitenote_note":"","_exactmetrics_sitenote_category":0,"footnotes":""},"categories":[59,2239],"tags":[14857,15840,5,68,16318,9,275,1024],"class_list":{"0":"post-135258","1":"post","2":"type-post","3":"status-publish","4":"format-standard","5":"has-post-thumbnail","7":"category-aktuell","8":"category-stuttgart-lokal","9":"tag-die-webzeitung","10":"tag-einkauf","11":"tag-internetzeitung","12":"tag-online-zeitung","13":"tag-plastikfrtei","14":"tag-schaumedia","15":"tag-stuttgart","16":"tag-wochenmarkt"},"image_feature":"https:\/\/die-webzeitung.de\/stuttgart\/wp-content\/uploads\/sites\/4\/2019\/06\/OB-Kuhn-la\u0308utet-auf-der-Erzeugermeile-die-plastikfreien-Wochenma\u0308rkte-in-Stuttgart-ein-220619_Foto-2.jpg","author_name":"Redaktion","pure_taxonomies":{"categories":[{"term_id":59,"name":"Aktuell","slug":"aktuell","term_group":0,"term_taxonomy_id":60,"taxonomy":"category","description":"","parent":0,"count":1017,"filter":"raw","image":""},{"term_id":2239,"name":"Stuttgart","slug":"stuttgart-lokal","term_group":0,"term_taxonomy_id":2252,"taxonomy":"category","description":"Berichte und Informationen aus Stuttgart","parent":1433,"count":940,"filter":"raw","image":""}],"tags":[{"term_id":14857,"name":"Die-Webzeitung","slug":"die-webzeitung","term_group":0,"term_taxonomy_id":14876,"taxonomy":"post_tag","description":"","parent":0,"count":3615,"filter":"raw","image":""},{"term_id":15840,"name":"Einkauf","slug":"einkauf","term_group":0,"term_taxonomy_id":15859,"taxonomy":"post_tag","description":"","parent":0,"count":3,"filter":"raw","image":""},{"term_id":5,"name":"Internetzeitung","slug":"internetzeitung","term_group":0,"term_taxonomy_id":5,"taxonomy":"post_tag","description":"","parent":0,"count":1461,"filter":"raw","image":""},{"term_id":68,"name":"Online-Zeitung","slug":"online-zeitung","term_group":0,"term_taxonomy_id":69,"taxonomy":"post_tag","description":"","parent":0,"count":3585,"filter":"raw","image":""},{"term_id":16318,"name":"Plastikfrtei","slug":"plastikfrtei","term_group":0,"term_taxonomy_id":16337,"taxonomy":"post_tag","description":"","parent":0,"count":1,"filter":"raw","image":""},{"term_id":9,"name":"SchauMedia","slug":"schaumedia","term_group":0,"term_taxonomy_id":9,"taxonomy":"post_tag","description":"","parent":0,"count":1607,"filter":"raw","image":""},{"term_id":275,"name":"Stuttgart","slug":"stuttgart","term_group":0,"term_taxonomy_id":281,"taxonomy":"post_tag","description":"","parent":0,"count":1192,"filter":"raw","image":""},{"term_id":1024,"name":"Wochenmarkt","slug":"wochenmarkt","term_group":0,"term_taxonomy_id":1033,"taxonomy":"post_tag","description":"","parent":0,"count":2,"filter":"raw","image":""}]},"_links":{"self":[{"href":"https:\/\/die-webzeitung.de\/stuttgart\/wp-json\/wp\/v2\/posts\/135258","targetHints":{"allow":["GET"]}}],"collection":[{"href":"https:\/\/die-webzeitung.de\/stuttgart\/wp-json\/wp\/v2\/posts"}],"about":[{"href":"https:\/\/die-webzeitung.de\/stuttgart\/wp-json\/wp\/v2\/types\/post"}],"author":[{"embeddable":true,"href":"https:\/\/die-webzeitung.de\/stuttgart\/wp-json\/wp\/v2\/users\/4"}],"replies":[{"embeddable":true,"href":"https:\/\/die-webzeitung.de\/stuttgart\/wp-json\/wp\/v2\/comments?post=135258"}],"version-history":[{"count":1,"href":"https:\/\/die-webzeitung.de\/stuttgart\/wp-json\/wp\/v2\/posts\/135258\/revisions"}],"predecessor-version":[{"id":135260,"href":"https:\/\/die-webzeitung.de\/stuttgart\/wp-json\/wp\/v2\/posts\/135258\/revisions\/135260"}],"wp:featuredmedia":[{"embeddable":true,"href":"https:\/\/die-webzeitung.de\/stuttgart\/wp-json\/wp\/v2\/media\/135259"}],"wp:attachment":[{"href":"https:\/\/die-webzeitung.de\/stuttgart\/wp-json\/wp\/v2\/media?parent=135258"}],"wp:term":[{"taxonomy":"category","embeddable":true,"href":"https:\/\/die-webzeitung.de\/stuttgart\/wp-json\/wp\/v2\/categories?post=135258"},{"taxonomy":"post_tag","embeddable":true,"href":"https:\/\/die-webzeitung.de\/stuttgart\/wp-json\/wp\/v2\/tags?post=135258"}],"curies":[{"name":"wp","href":"https:\/\/api.w.org\/{rel}","templated":true}]}}