{"id":135166,"date":"2019-06-15T10:58:04","date_gmt":"2019-06-15T09:58:04","guid":{"rendered":"https:\/\/die-webzeitung.de\/stuttgart\/?p=135166"},"modified":"2019-06-15T11:23:11","modified_gmt":"2019-06-15T10:23:11","slug":"a-81-deckel-sehnlichst-erwartet-und-dringend-noetig","status":"publish","type":"post","link":"https:\/\/die-webzeitung.de\/stuttgart\/2019\/06\/15\/a-81-deckel-sehnlichst-erwartet-und-dringend-noetig\/","title":{"rendered":"A 81-Deckel sehnlichst erwartet und dringend n\u00f6tig"},"content":{"rendered":"<h5 style=\"text-align: justify;\"><strong>Landrat Roland Bernhard begr\u00fc\u00dft die Finanzierungszusage des Bundes f\u00fcr den sechsstreifigen Ausbau und die \u00dcberdeckelung der A81.<\/strong><\/h5>\n<p style=\"text-align: justify;\">Kreis B\u00f6blingen.| Landrat Roland Bernhard begr\u00fc\u00dft die gestern ver\u00f6ffentlichte Finanzierungszusage des Bundes f\u00fcr den sechsstreifigen Ausbau und die \u00dcberdeckelung der A81: \u201eIch freue mich sehr, dass der Ausbau der A 81 zwischen Sindelfingen-Ost und B\u00f6blingen-Hulb nun endlich in greifbare N\u00e4he r\u00fcckt\u201c, so Bernhard. \u201eEr ist \u00fcberf\u00e4llig und wichtig f\u00fcr die Sicherung unseres Wirtschaftsstandorts.\u201c<\/p>\n<p style=\"text-align: justify;\">Die Unternehmen im Landkreis B\u00f6blingen, aber auch in der Region Stuttgart, seien darauf angewiesen, schnell und verl\u00e4sslich zu agieren. \u201eStaus bremsen die Wirtschaft und \u00e4rgern die Pendler\u201c, wei\u00df Roland Bernhard. \u201eEine staufreie Verbindung ist untrennbar mit dem sechsstreifigen Ausbau der Autobahn bis zum Vaihinger Kreuz verkn\u00fcpft.\u201c<\/p>\n<p style=\"text-align: justify;\">Der Ausbau betrifft den Abschnitt der A81 zwischen den Anschlussstellen B\u00f6blingen-Hulb und Sindelfingen-Ost. Dar\u00fcber hinaus wird in diesem Bereich und in beiden Richtungen die Standspur als zus\u00e4tzliche vierte Fahrspur genutzt werden k\u00f6nnen. Und \u2013 f\u00fcr die St\u00e4dte B\u00f6blingen und Sindelfingen von gro\u00dfer Bedeutung \u2013 auch der 850 Meter lange L\u00e4rmschutzdeckel im Bereich der beiden St\u00e4dte ist Teil der Ma\u00dfnahme. Rd. 226 Millionen Euro kostet das Gesamtpaket. Der Bund tr\u00e4gt rd. 174 Millionen, den Rest teilen sich das Land Baden-W\u00fcrttemberg, der Landkreis B\u00f6blingen sowie die St\u00e4dte B\u00f6blingen und Sindelfingen. 5 Jahre Bauzeit sind angesetzt, Start soll in 2020 sein.<\/p>\n<p style=\"text-align: justify;\">\u201eDas ist eine sehnlichst erwartete und tolle Nachricht\u201c, so Roland Bernhard. \u201eWir werden alles daf\u00fcr tun, dass diese Ma\u00dfnahme im kommenden Jahr termingerecht beginnen kann.\u201c<\/p>\n<hr \/>\n<p style=\"text-align: justify;\">\n","protected":false},"excerpt":{"rendered":"<p>Landrat Roland Bernhard begr\u00fc\u00dft die Finanzierungszusage des Bundes f\u00fcr den sechsstreifigen Ausbau und die \u00dcberdeckelung der A81. Kreis B\u00f6blingen.| Landrat Roland Bernhard begr\u00fc\u00dft die gestern ver\u00f6ffentlichte Finanzierungszusage des Bundes f\u00fcr den sechsstreifigen Ausbau und die \u00dcberdeckelung der A81: \u201eIch freue mich sehr, dass der Ausbau der A 81 zwischen Sindelfingen-Ost und B\u00f6blingen-Hulb nun endlich in [&hellip;]<\/p>\n","protected":false},"author":4,"featured_media":0,"comment_status":"closed","ping_status":"open","sticky":false,"template":"","format":"standard","meta":{"inline_featured_image":false,"_exactmetrics_skip_tracking":false,"_exactmetrics_sitenote_active":false,"_exactmetrics_sitenote_note":"","_exactmetrics_sitenote_category":0,"footnotes":""},"categories":[59,2246],"tags":[16309,1385,3061,16310,14857,5,68,9],"class_list":{"0":"post-135166","1":"post","2":"type-post","3":"status-publish","4":"format-standard","6":"category-aktuell","7":"category-kreis-boeblingen","8":"tag-a-81","9":"tag-ausbau","10":"tag-boblingen","11":"tag-deckel","12":"tag-die-webzeitung","13":"tag-internetzeitung","14":"tag-online-zeitung","15":"tag-schaumedia"},"image_feature":null,"author_name":"Redaktion","pure_taxonomies":{"categories":[{"term_id":59,"name":"Aktuell","slug":"aktuell","term_group":0,"term_taxonomy_id":60,"taxonomy":"category","description":"","parent":0,"count":1017,"filter":"raw","image":""},{"term_id":2246,"name":"Kreis B\u00f6blingen","slug":"kreis-boeblingen","term_group":0,"term_taxonomy_id":2259,"taxonomy":"category","description":"","parent":171,"count":197,"filter":"raw","image":""}],"tags":[{"term_id":16309,"name":"A 81","slug":"a-81","term_group":0,"term_taxonomy_id":16328,"taxonomy":"post_tag","description":"","parent":0,"count":1,"filter":"raw","image":""},{"term_id":1385,"name":"Ausbau","slug":"ausbau","term_group":0,"term_taxonomy_id":1394,"taxonomy":"post_tag","description":"","parent":0,"count":12,"filter":"raw","image":""},{"term_id":3061,"name":"B\u00f6blingen","slug":"boblingen","term_group":0,"term_taxonomy_id":3075,"taxonomy":"post_tag","description":"","parent":0,"count":259,"filter":"raw","image":""},{"term_id":16310,"name":"Deckel","slug":"deckel","term_group":0,"term_taxonomy_id":16329,"taxonomy":"post_tag","description":"","parent":0,"count":1,"filter":"raw","image":""},{"term_id":14857,"name":"Die-Webzeitung","slug":"die-webzeitung","term_group":0,"term_taxonomy_id":14876,"taxonomy":"post_tag","description":"","parent":0,"count":3615,"filter":"raw","image":""},{"term_id":5,"name":"Internetzeitung","slug":"internetzeitung","term_group":0,"term_taxonomy_id":5,"taxonomy":"post_tag","description":"","parent":0,"count":1461,"filter":"raw","image":""},{"term_id":68,"name":"Online-Zeitung","slug":"online-zeitung","term_group":0,"term_taxonomy_id":69,"taxonomy":"post_tag","description":"","parent":0,"count":3585,"filter":"raw","image":""},{"term_id":9,"name":"SchauMedia","slug":"schaumedia","term_group":0,"term_taxonomy_id":9,"taxonomy":"post_tag","description":"","parent":0,"count":1607,"filter":"raw","image":""}]},"_links":{"self":[{"href":"https:\/\/die-webzeitung.de\/stuttgart\/wp-json\/wp\/v2\/posts\/135166","targetHints":{"allow":["GET"]}}],"collection":[{"href":"https:\/\/die-webzeitung.de\/stuttgart\/wp-json\/wp\/v2\/posts"}],"about":[{"href":"https:\/\/die-webzeitung.de\/stuttgart\/wp-json\/wp\/v2\/types\/post"}],"author":[{"embeddable":true,"href":"https:\/\/die-webzeitung.de\/stuttgart\/wp-json\/wp\/v2\/users\/4"}],"replies":[{"embeddable":true,"href":"https:\/\/die-webzeitung.de\/stuttgart\/wp-json\/wp\/v2\/comments?post=135166"}],"version-history":[{"count":1,"href":"https:\/\/die-webzeitung.de\/stuttgart\/wp-json\/wp\/v2\/posts\/135166\/revisions"}],"predecessor-version":[{"id":135167,"href":"https:\/\/die-webzeitung.de\/stuttgart\/wp-json\/wp\/v2\/posts\/135166\/revisions\/135167"}],"wp:attachment":[{"href":"https:\/\/die-webzeitung.de\/stuttgart\/wp-json\/wp\/v2\/media?parent=135166"}],"wp:term":[{"taxonomy":"category","embeddable":true,"href":"https:\/\/die-webzeitung.de\/stuttgart\/wp-json\/wp\/v2\/categories?post=135166"},{"taxonomy":"post_tag","embeddable":true,"href":"https:\/\/die-webzeitung.de\/stuttgart\/wp-json\/wp\/v2\/tags?post=135166"}],"curies":[{"name":"wp","href":"https:\/\/api.w.org\/{rel}","templated":true}]}}