{"id":135133,"date":"2019-06-11T13:43:04","date_gmt":"2019-06-11T12:43:04","guid":{"rendered":"https:\/\/die-webzeitung.de\/stuttgart\/?p=135133"},"modified":"2019-06-11T13:43:04","modified_gmt":"2019-06-11T12:43:04","slug":"enbw-setzt-fernwaermeleitung-an-der-aubruecke-instand","status":"publish","type":"post","link":"https:\/\/die-webzeitung.de\/stuttgart\/2019\/06\/11\/enbw-setzt-fernwaermeleitung-an-der-aubruecke-instand\/","title":{"rendered":"EnBW setzt Fernw\u00e4rmeleitung an der Aubr\u00fccke instand"},"content":{"rendered":"<p style=\"text-align: justify;\"><strong>Eingeschr\u00e4nkte Versorgung am 14.\/15. Juni f\u00fcr rund 9.000 Haushalte in mehreren Stadtteilen<\/strong><\/p>\n<p style=\"text-align: justify;\">Stuttgart.| Wegen Instandsetzungsarbeiten m\u00fcssen sich <strong>EnBW-Fernw\u00e4rmekunden in Neugereut, Freiberg, M\u00fcnster, Hofen und Steinhaldenfeld<\/strong> am 14. und 15. Juni auf eine vor\u00fcbergehende Unterbrechung der Versorgung einstellen. Die Arbeiten finden im Bereich der Aubr\u00fccke zwischen M\u00fcnster und Hofen statt.<\/p>\n<p style=\"text-align: justify;\">Betroffen sind rund 9.000 Haushalte, die voraussichtlich zwischen 14 Uhr am Freitag und ca. 20 Uhr am Samstag auf warmes Wasser verzichten m\u00fcssen. Die Eigent\u00fcmer (die in der Regel Vertragspartner sind) wurden von der EnBW auch direkt angeschrieben und informiert. \u201eWir gehen davon aus, dass die Einschr\u00e4nkungen im Sommer nicht so gravierend sind wie das in der kalten Jahreszeit der Fall w\u00e4re. Aber nat\u00fcrlich bem\u00fchen wir uns auf jeden Fall, so schnell wie m\u00f6glich fertig zu werden\u201c, erkl\u00e4rte Vertriebsleiter Bernd Rieger. F\u00fcr zwei Pflegeheime im betroffenen Bereich stellt das Unternehmen mobile Heizzentralen bereit.<\/p>\n<hr \/>\n<p style=\"text-align: justify;\">\n","protected":false},"excerpt":{"rendered":"<p>Eingeschr\u00e4nkte Versorgung am 14.\/15. Juni f\u00fcr rund 9.000 Haushalte in mehreren Stadtteilen Stuttgart.| Wegen Instandsetzungsarbeiten m\u00fcssen sich EnBW-Fernw\u00e4rmekunden in Neugereut, Freiberg, M\u00fcnster, Hofen und Steinhaldenfeld am 14. und 15. Juni auf eine vor\u00fcbergehende Unterbrechung der Versorgung einstellen. Die Arbeiten finden im Bereich der Aubr\u00fccke zwischen M\u00fcnster und Hofen statt. Betroffen sind rund 9.000 Haushalte, die [&hellip;]<\/p>\n","protected":false},"author":4,"featured_media":0,"comment_status":"closed","ping_status":"open","sticky":false,"template":"","format":"standard","meta":{"inline_featured_image":false,"_exactmetrics_skip_tracking":false,"_exactmetrics_sitenote_active":false,"_exactmetrics_sitenote_note":"","_exactmetrics_sitenote_category":0,"footnotes":""},"categories":[2239],"tags":[14857,3732,14357,5,68,275],"class_list":{"0":"post-135133","1":"post","2":"type-post","3":"status-publish","4":"format-standard","6":"category-stuttgart-lokal","7":"tag-die-webzeitung","8":"tag-enbw","9":"tag-fernwaermeleitung","10":"tag-internetzeitung","11":"tag-online-zeitung","12":"tag-stuttgart"},"image_feature":null,"author_name":"Redaktion","pure_taxonomies":{"categories":[{"term_id":2239,"name":"Stuttgart","slug":"stuttgart-lokal","term_group":0,"term_taxonomy_id":2252,"taxonomy":"category","description":"Berichte und Informationen aus Stuttgart","parent":1433,"count":940,"filter":"raw","image":""}],"tags":[{"term_id":14857,"name":"Die-Webzeitung","slug":"die-webzeitung","term_group":0,"term_taxonomy_id":14876,"taxonomy":"post_tag","description":"","parent":0,"count":3615,"filter":"raw","image":""},{"term_id":3732,"name":"EnBW","slug":"enbw","term_group":0,"term_taxonomy_id":3747,"taxonomy":"post_tag","description":"","parent":0,"count":4,"filter":"raw","image":""},{"term_id":14357,"name":"Fernw\u00e4rmeleitung","slug":"fernwaermeleitung","term_group":0,"term_taxonomy_id":14391,"taxonomy":"post_tag","description":"","parent":0,"count":1,"filter":"raw","image":""},{"term_id":5,"name":"Internetzeitung","slug":"internetzeitung","term_group":0,"term_taxonomy_id":5,"taxonomy":"post_tag","description":"","parent":0,"count":1461,"filter":"raw","image":""},{"term_id":68,"name":"Online-Zeitung","slug":"online-zeitung","term_group":0,"term_taxonomy_id":69,"taxonomy":"post_tag","description":"","parent":0,"count":3585,"filter":"raw","image":""},{"term_id":275,"name":"Stuttgart","slug":"stuttgart","term_group":0,"term_taxonomy_id":281,"taxonomy":"post_tag","description":"","parent":0,"count":1192,"filter":"raw","image":""}]},"_links":{"self":[{"href":"https:\/\/die-webzeitung.de\/stuttgart\/wp-json\/wp\/v2\/posts\/135133","targetHints":{"allow":["GET"]}}],"collection":[{"href":"https:\/\/die-webzeitung.de\/stuttgart\/wp-json\/wp\/v2\/posts"}],"about":[{"href":"https:\/\/die-webzeitung.de\/stuttgart\/wp-json\/wp\/v2\/types\/post"}],"author":[{"embeddable":true,"href":"https:\/\/die-webzeitung.de\/stuttgart\/wp-json\/wp\/v2\/users\/4"}],"replies":[{"embeddable":true,"href":"https:\/\/die-webzeitung.de\/stuttgart\/wp-json\/wp\/v2\/comments?post=135133"}],"version-history":[{"count":1,"href":"https:\/\/die-webzeitung.de\/stuttgart\/wp-json\/wp\/v2\/posts\/135133\/revisions"}],"predecessor-version":[{"id":135134,"href":"https:\/\/die-webzeitung.de\/stuttgart\/wp-json\/wp\/v2\/posts\/135133\/revisions\/135134"}],"wp:attachment":[{"href":"https:\/\/die-webzeitung.de\/stuttgart\/wp-json\/wp\/v2\/media?parent=135133"}],"wp:term":[{"taxonomy":"category","embeddable":true,"href":"https:\/\/die-webzeitung.de\/stuttgart\/wp-json\/wp\/v2\/categories?post=135133"},{"taxonomy":"post_tag","embeddable":true,"href":"https:\/\/die-webzeitung.de\/stuttgart\/wp-json\/wp\/v2\/tags?post=135133"}],"curies":[{"name":"wp","href":"https:\/\/api.w.org\/{rel}","templated":true}]}}