{"id":135121,"date":"2019-06-10T17:42:20","date_gmt":"2019-06-10T16:42:20","guid":{"rendered":"https:\/\/die-webzeitung.de\/stuttgart\/2019\/06\/10\/warnmeldung-insbesondere-fuer-deutsch-franzoesischen-grenzbereich\/"},"modified":"2019-06-10T17:47:59","modified_gmt":"2019-06-10T16:47:59","slug":"warnmeldung-insbesondere-fuer-deutsch-franzoesischen-grenzbereich","status":"publish","type":"post","link":"https:\/\/die-webzeitung.de\/stuttgart\/2019\/06\/10\/warnmeldung-insbesondere-fuer-deutsch-franzoesischen-grenzbereich\/","title":{"rendered":"Warnmeldung insbesondere f\u00fcr deutsch-franz\u00f6sischen Grenzbereich"},"content":{"rendered":"<p style=\"text-align: justify;\"><strong>Waiblingen \/ Aspach: Entf\u00fchrung einer polnischen Pflegekraft aus Aspach<\/strong><\/p>\n<p style=\"text-align: justify;\"><strong>Wiederholung der Warnmeldung und \u00d6ffentlichkeitsfahndung, insbesondere f\u00fcr den deutsch-franz\u00f6sischen Grenzbereich<\/strong><\/p>\n<p style=\"text-align: justify;\"><strong>Die \u00d6ffentlichkeitsfahndung nach Entf\u00fchrung und die Warnmeldung fremde Personen am deutsch-franz\u00f6sischem Grenzbereich mitzunehmen gilt weiterhin!<\/strong><\/p>\n<figure id=\"attachment_135122\" aria-describedby=\"caption-attachment-135122\" style=\"width: 300px\" class=\"wp-caption alignright\"><img loading=\"lazy\" decoding=\"async\" class=\"size-full wp-image-135122\" src=\"https:\/\/die-webzeitung.de\/stuttgart\/wp-content\/uploads\/sites\/4\/2019\/06\/QRCodeFahndung.jpg\" alt=\"\" width=\"300\" height=\"419\" srcset=\"https:\/\/die-webzeitung.de\/stuttgart\/wp-content\/uploads\/sites\/4\/2019\/06\/QRCodeFahndung.jpg 300w, https:\/\/die-webzeitung.de\/stuttgart\/wp-content\/uploads\/sites\/4\/2019\/06\/QRCodeFahndung-215x300.jpg 215w\" sizes=\"auto, (max-width: 300px) 100vw, 300px\" \/><figcaption id=\"caption-attachment-135122\" class=\"wp-caption-text\">QR Code \u00d6ffentlichkeitsfahndung<\/figcaption><\/figure>\n<p style=\"text-align: justify;\">Die Polizei bittet die \u00d6ffentlichkeit weiterhin um Mithilfe.<\/p>\n<p style=\"text-align: justify;\">Wie bereits berichtet stehen der 51 Jahre alte Maciej IWANCZYK und der 23 Jahre alte Krzystof TRZESICKI unter dem dringenden Tatverdacht die 47 Jahre alte Jolanta SZEWCZYK aus Aspach (Rems-Murr-Kreis) am Montag, 03.06.2019 mit einem Wohnmobil entf\u00fchrt zu haben.<\/p>\n<p style=\"text-align: justify;\">Das von den T\u00e4tern benutzte Wohnmobil wurde in Frankreich bei Stra\u00dfburg leer aufgefunden. Es wird davon ausgegangen, dass sie sich derzeit immer noch im Grenzgebiet aufhalten. M\u00f6glicherweise suchen die T\u00e4ter nun einzeln oder zusammen eine Mitfahrgelegenheit, um auf diese Weise nach Polen zu gelangen. Die Polizei warnt Lkw- und Autofahrer und bittet keinesfalls fremde Personen im Fahrzeug mitzunehmen!<\/p>\n<p style=\"text-align: justify;\"><strong>Ferner bittet die Polizei dringend um Zeugenhinweise und fragt:<\/strong><\/p>\n<p style=\"text-align: justify;\">&#8211; Mindestens einer der Beschuldigten war bis Montag, 14:00 Uhr mit einem dunkelgr\u00fcnen Pkw, Renault Laguna, polnisches Kennzeichen unterwegs. Das Fahrzeug wurde am Montag in Aspach zur\u00fcckgelassen. Wem ist der Renault bis Montag aufgefallen?<br \/>\n&#8211; Wer hat das Wohnmobil gesehen, mit dem die T\u00e4ter die Frau verschleppten und welches inzwischen in Frankreich bei Stra\u00dfburg leer aufgefunden wurde. Es handelt sich um ein Wohnmobil, Peugeot, Alkoven, Hobby.<br \/>\n&#8211; Wer hat die Vermisste und\/oder die beiden Beschuldigten gesehen und kann Hinweise zum Aufenthaltsort geben?<br \/>\n&#8211; Wer hat sonst verd\u00e4chtige Beobachtungen gemacht, die im Zusammenhang mit der Entf\u00fchrung stehen k\u00f6nnten?<br \/>\n&#8211; Wer hat die Frau und\/oder die Beschuldigten nach Montag, 13:30 Uhr gesehen?<br \/>\n&#8211; Wer hatte seit Montag, 13:30 Uhr Kontakt (pers\u00f6nlich, telefonisch oder soziale Netzwerke) mit der Frau oder den T\u00e4tern?<br \/>\nHinweistelefon: (0049) 7151 950 333<\/p>\n<p style=\"text-align: justify;\"><strong>ACHTUNG: Bei Antreffen der Gesuchten an diese nicht herantreten! Bitte verst\u00e4ndigen Sie unverz\u00fcglich \u00fcber Notruf die n\u00e4chste Polizeidienststelle!<\/strong> (ots)<\/p>\n<hr \/>\n<p style=\"text-align: justify;\">\n","protected":false},"excerpt":{"rendered":"<p>Waiblingen \/ Aspach: Entf\u00fchrung einer polnischen Pflegekraft aus Aspach Wiederholung der Warnmeldung und \u00d6ffentlichkeitsfahndung, insbesondere f\u00fcr den deutsch-franz\u00f6sischen Grenzbereich Die \u00d6ffentlichkeitsfahndung nach Entf\u00fchrung und die Warnmeldung fremde Personen am deutsch-franz\u00f6sischem Grenzbereich mitzunehmen gilt weiterhin! Die Polizei bittet die \u00d6ffentlichkeit weiterhin um Mithilfe. Wie bereits berichtet stehen der 51 Jahre alte Maciej IWANCZYK und der 23 [&hellip;]<\/p>\n","protected":false},"author":4,"featured_media":0,"comment_status":"closed","ping_status":"open","sticky":false,"template":"","format":"standard","meta":{"inline_featured_image":false,"_exactmetrics_skip_tracking":false,"_exactmetrics_sitenote_active":false,"_exactmetrics_sitenote_note":"","_exactmetrics_sitenote_category":0,"footnotes":""},"categories":[59,9098,2239],"tags":[14857,16295,5,6,68,9,16296],"class_list":{"0":"post-135121","1":"post","2":"type-post","3":"status-publish","4":"format-standard","6":"category-aktuell","7":"category-baden-wuerttemberg","8":"category-stuttgart-lokal","9":"tag-die-webzeitung","10":"tag-entfuehrung","11":"tag-internetzeitung","12":"tag-ludwigsburg","13":"tag-online-zeitung","14":"tag-schaumedia","15":"tag-warnmeldung"},"image_feature":null,"author_name":"Redaktion","pure_taxonomies":{"categories":[{"term_id":59,"name":"Aktuell","slug":"aktuell","term_group":0,"term_taxonomy_id":60,"taxonomy":"category","description":"","parent":0,"count":1017,"filter":"raw","image":""},{"term_id":9098,"name":"Baden-W\u00fcrttemberg","slug":"baden-wuerttemberg","term_group":0,"term_taxonomy_id":9124,"taxonomy":"category","description":"","parent":171,"count":238,"filter":"raw","image":""},{"term_id":2239,"name":"Stuttgart","slug":"stuttgart-lokal","term_group":0,"term_taxonomy_id":2252,"taxonomy":"category","description":"Berichte und Informationen aus Stuttgart","parent":1433,"count":940,"filter":"raw","image":""}],"tags":[{"term_id":14857,"name":"Die-Webzeitung","slug":"die-webzeitung","term_group":0,"term_taxonomy_id":14876,"taxonomy":"post_tag","description":"","parent":0,"count":3615,"filter":"raw","image":""},{"term_id":16295,"name":"Entf\u00fchrung","slug":"entfuehrung","term_group":0,"term_taxonomy_id":16314,"taxonomy":"post_tag","description":"","parent":0,"count":1,"filter":"raw","image":""},{"term_id":5,"name":"Internetzeitung","slug":"internetzeitung","term_group":0,"term_taxonomy_id":5,"taxonomy":"post_tag","description":"","parent":0,"count":1461,"filter":"raw","image":""},{"term_id":6,"name":"Ludwigsburg","slug":"ludwigsburg","term_group":0,"term_taxonomy_id":6,"taxonomy":"post_tag","description":"","parent":0,"count":180,"filter":"raw","image":""},{"term_id":68,"name":"Online-Zeitung","slug":"online-zeitung","term_group":0,"term_taxonomy_id":69,"taxonomy":"post_tag","description":"","parent":0,"count":3585,"filter":"raw","image":""},{"term_id":9,"name":"SchauMedia","slug":"schaumedia","term_group":0,"term_taxonomy_id":9,"taxonomy":"post_tag","description":"","parent":0,"count":1607,"filter":"raw","image":""},{"term_id":16296,"name":"Warnmeldung","slug":"warnmeldung","term_group":0,"term_taxonomy_id":16315,"taxonomy":"post_tag","description":"","parent":0,"count":1,"filter":"raw","image":""}]},"_links":{"self":[{"href":"https:\/\/die-webzeitung.de\/stuttgart\/wp-json\/wp\/v2\/posts\/135121","targetHints":{"allow":["GET"]}}],"collection":[{"href":"https:\/\/die-webzeitung.de\/stuttgart\/wp-json\/wp\/v2\/posts"}],"about":[{"href":"https:\/\/die-webzeitung.de\/stuttgart\/wp-json\/wp\/v2\/types\/post"}],"author":[{"embeddable":true,"href":"https:\/\/die-webzeitung.de\/stuttgart\/wp-json\/wp\/v2\/users\/4"}],"replies":[{"embeddable":true,"href":"https:\/\/die-webzeitung.de\/stuttgart\/wp-json\/wp\/v2\/comments?post=135121"}],"version-history":[{"count":3,"href":"https:\/\/die-webzeitung.de\/stuttgart\/wp-json\/wp\/v2\/posts\/135121\/revisions"}],"predecessor-version":[{"id":135125,"href":"https:\/\/die-webzeitung.de\/stuttgart\/wp-json\/wp\/v2\/posts\/135121\/revisions\/135125"}],"wp:attachment":[{"href":"https:\/\/die-webzeitung.de\/stuttgart\/wp-json\/wp\/v2\/media?parent=135121"}],"wp:term":[{"taxonomy":"category","embeddable":true,"href":"https:\/\/die-webzeitung.de\/stuttgart\/wp-json\/wp\/v2\/categories?post=135121"},{"taxonomy":"post_tag","embeddable":true,"href":"https:\/\/die-webzeitung.de\/stuttgart\/wp-json\/wp\/v2\/tags?post=135121"}],"curies":[{"name":"wp","href":"https:\/\/api.w.org\/{rel}","templated":true}]}}