{"id":135076,"date":"2019-06-07T15:32:29","date_gmt":"2019-06-07T14:32:29","guid":{"rendered":"https:\/\/die-webzeitung.de\/stuttgart\/?p=135076"},"modified":"2019-06-07T15:32:29","modified_gmt":"2019-06-07T14:32:29","slug":"freie-waehler-in-der-region-stuttgart-weiter-unter-bewaehrter-fuehrung","status":"publish","type":"post","link":"https:\/\/die-webzeitung.de\/stuttgart\/2019\/06\/07\/freie-waehler-in-der-region-stuttgart-weiter-unter-bewaehrter-fuehrung\/","title":{"rendered":"Freie W\u00e4hler in der Region Stuttgart weiter unter bew\u00e4hrter F\u00fchrung"},"content":{"rendered":"<ul>\n<li style=\"text-align: justify;\"><strong>Oberb\u00fcrgermeister Andreas Hesky bleibt Fraktionsvorsitzender<\/strong><\/li>\n<li style=\"text-align: justify;\"><strong>Stellvertreter Wilfried D\u00f6lker und Frank Bu\u00df<\/strong><\/li>\n<\/ul>\n<p style=\"text-align: justify;\">Die bisherige F\u00fchrungsmannschaft der Freien W\u00e4hler in der Region ist auch die k\u00fcnftige. In ihrer konstituierenden Sitzung w\u00e4hlte die neue Fraktion einstimmig erneut den Waiblinger Oberb\u00fcrgermeister Andreas Hesky zu ihrem Vorsitzenden, seine Stellvertreter sind Wilfried D\u00f6lker (1. Stellv., Holzgerlingen) und Frank Bu\u00df (2. Stellv., Plochingen).<\/p>\n<p style=\"text-align: justify;\">In ihrer Wahlnachlese zeigte sich die Fraktion trotz des Verlusts eines Mandats durchaus zufrieden mit dem Ergebnis der Kommunalwahl am 26. Mai. Die starken Verwerfungen in der politischen Landschaft und das Hinzukommen einer weiteren Gruppierung seien die Ursache. \u201eUnser Einsatz f\u00fcr den Ausbau des \u00d6PNV, den Wohnungsbau, die Wirtschaft und ihre Arbeitspl\u00e4tze, sowie die F\u00f6rderung von Kultur und Sport wurde durch die W\u00e4hlerinnen und W\u00e4hler anerkannt\u201c, verwies Andreas Hesky auf die Schwerpunkte und Erfolge der abgelaufenen Amtsperiode.<\/p>\n<p style=\"text-align: justify;\">Die Fraktion will auch k\u00fcnftig engen Kontakt zu den Landkreisen, St\u00e4dten und Gemeinden halten, um deren Interessen mit den regionalen Zielsetzungen zu verkn\u00fcpfen. Auf diese Weise sieht sich die Fraktion bei an den Menschen. \u201eWichtige Aufgabenstellungen der kommenden Jahre sind qualitative Verbesserungen des \u00d6PNV und im Radwegnetz, wirkungsvolle Stra\u00dfenbauma\u00dfahmen um dem t\u00e4glichen Stau zu begegnen, die verst\u00e4rkte Ausweisung von Wohngebieten zur Minderung des starken Engpasses auf dem Wohnungsmarkt, energiepolitische Ma\u00dfnahmen wie die Windkraft und die F\u00f6rderung von Ma\u00dfnahmen im Landschaftspark\u201c, umrei\u00dft Hesky wesentliche Ziel der k\u00fcnftigen Fraktionsarbeit.<\/p>\n<hr \/>\n<p style=\"text-align: justify;\">\n","protected":false},"excerpt":{"rendered":"<p>Oberb\u00fcrgermeister Andreas Hesky bleibt Fraktionsvorsitzender Stellvertreter Wilfried D\u00f6lker und Frank Bu\u00df Die bisherige F\u00fchrungsmannschaft der Freien W\u00e4hler in der Region ist auch die k\u00fcnftige. In ihrer konstituierenden Sitzung w\u00e4hlte die neue Fraktion einstimmig erneut den Waiblinger Oberb\u00fcrgermeister Andreas Hesky zu ihrem Vorsitzenden, seine Stellvertreter sind Wilfried D\u00f6lker (1. Stellv., Holzgerlingen) und Frank Bu\u00df (2. Stellv., [&hellip;]<\/p>\n","protected":false},"author":4,"featured_media":0,"comment_status":"closed","ping_status":"open","sticky":false,"template":"","format":"standard","meta":{"inline_featured_image":false,"_exactmetrics_skip_tracking":false,"_exactmetrics_sitenote_active":false,"_exactmetrics_sitenote_note":"","_exactmetrics_sitenote_category":0,"footnotes":""},"categories":[2246,2247,2239],"tags":[],"class_list":{"0":"post-135076","1":"post","2":"type-post","3":"status-publish","4":"format-standard","6":"category-kreis-boeblingen","7":"category-kreis-esslingen","8":"category-stuttgart-lokal"},"image_feature":null,"author_name":"Redaktion","pure_taxonomies":{"categories":[{"term_id":2246,"name":"Kreis B\u00f6blingen","slug":"kreis-boeblingen","term_group":0,"term_taxonomy_id":2259,"taxonomy":"category","description":"","parent":171,"count":197,"filter":"raw","image":""},{"term_id":2247,"name":"Kreis Esslingen","slug":"kreis-esslingen","term_group":0,"term_taxonomy_id":2260,"taxonomy":"category","description":"Informationen aus dem Landkreis Esslingen","parent":171,"count":213,"filter":"raw","image":""},{"term_id":2239,"name":"Stuttgart","slug":"stuttgart-lokal","term_group":0,"term_taxonomy_id":2252,"taxonomy":"category","description":"Berichte und Informationen aus Stuttgart","parent":1433,"count":940,"filter":"raw","image":""}]},"_links":{"self":[{"href":"https:\/\/die-webzeitung.de\/stuttgart\/wp-json\/wp\/v2\/posts\/135076","targetHints":{"allow":["GET"]}}],"collection":[{"href":"https:\/\/die-webzeitung.de\/stuttgart\/wp-json\/wp\/v2\/posts"}],"about":[{"href":"https:\/\/die-webzeitung.de\/stuttgart\/wp-json\/wp\/v2\/types\/post"}],"author":[{"embeddable":true,"href":"https:\/\/die-webzeitung.de\/stuttgart\/wp-json\/wp\/v2\/users\/4"}],"replies":[{"embeddable":true,"href":"https:\/\/die-webzeitung.de\/stuttgart\/wp-json\/wp\/v2\/comments?post=135076"}],"version-history":[{"count":1,"href":"https:\/\/die-webzeitung.de\/stuttgart\/wp-json\/wp\/v2\/posts\/135076\/revisions"}],"predecessor-version":[{"id":135077,"href":"https:\/\/die-webzeitung.de\/stuttgart\/wp-json\/wp\/v2\/posts\/135076\/revisions\/135077"}],"wp:attachment":[{"href":"https:\/\/die-webzeitung.de\/stuttgart\/wp-json\/wp\/v2\/media?parent=135076"}],"wp:term":[{"taxonomy":"category","embeddable":true,"href":"https:\/\/die-webzeitung.de\/stuttgart\/wp-json\/wp\/v2\/categories?post=135076"},{"taxonomy":"post_tag","embeddable":true,"href":"https:\/\/die-webzeitung.de\/stuttgart\/wp-json\/wp\/v2\/tags?post=135076"}],"curies":[{"name":"wp","href":"https:\/\/api.w.org\/{rel}","templated":true}]}}