{"id":135063,"date":"2019-06-05T15:01:56","date_gmt":"2019-06-05T14:01:56","guid":{"rendered":"https:\/\/die-webzeitung.de\/stuttgart\/?p=135063"},"modified":"2019-06-05T15:02:14","modified_gmt":"2019-06-05T14:02:14","slug":"stuttgart-21-wird-25-ideengeber-treffen-sich-auf-der-baustelle","status":"publish","type":"post","link":"https:\/\/die-webzeitung.de\/stuttgart\/2019\/06\/05\/stuttgart-21-wird-25-ideengeber-treffen-sich-auf-der-baustelle\/","title":{"rendered":"Stuttgart 21 wird 25: Ideengeber treffen sich auf der Baustelle"},"content":{"rendered":"<p style=\"text-align: justify;\"><span id=\"m_2508722718839614737text\">Stuttgart.| Vor 25 Jahren stellten der damalige Bundesverkehrsminister Matthias Wissmann, der damalige Ministerpr\u00e4sident des Landes Baden-W\u00fcrttemberg, Erwin Teufel, der damalige Verkehrsminister des Landes Baden-W\u00fcrttemberg, Hermann Schaufler, der damalige Oberb\u00fcrgermeister der Landeshauptstadt Stuttgart, Manfred Rommel, und der damalige Vorstandsvorsitzende der Deutschen Bahn AG, Heinz D\u00fcrr, die Ideenskizze des Gemeinschaftsprojekts Stuttgart 21 der \u00d6ffentlichkeit vor.<\/span><\/p>\n<p style=\"text-align: justify;\">25 Jahre sp\u00e4ter haben sich die noch lebenden Ideengeber des Projekts unter der Kelchst\u00fctze auf einem der k\u00fcnftigen Bahnsteige auf der Stuttgarter Bahnhofsbaustelle getroffen und sich \u00fcber den aktuellen Projektfortschritt informiert: \u00dcber 100 der 120 Tunnelkilometer des Bahnprojekts Stuttgart\u2013Ulm sind vorgetrieben, die Kelchst\u00fctzen, die das Dach des k\u00fcnftigen Hauptbahnhofs \u2013 den sp\u00e4teren Manfred-Rommel-Platz \u2013 bilden, wachsen in die H\u00f6he.<\/p>\n<p style=\"text-align: justify;\">\u201eDass Stuttgart 21 so weit fortgeschritten ist, freut mich sehr. Es ist ein gutes Zeichen, dass Gro\u00dfprojekte in Deutschland noch m\u00f6glich sind. Die lange Projektdauer zeigt jedoch, dass etwas getan werden muss, um schneller zu werden bei der Realisierung von solch bedeutenden Infrastrukturprojekten in der Bundesrepublik. Es darf nicht wegen immer komplizierter werdender Vorschriften und langen Genehmigungsprozeduren eine ganze Generation lang dauern, solche Projekte zu realisieren\u201c, sagte Matthias Wissmann, Bundesverkehrsminister a. D.<\/p>\n<p style=\"text-align: justify;\">\u201eStuttgart 21 ist auch 25 Jahre nach der Projektvorstellung ein zukunftstr\u00e4chtiges Projekt. Auch dass gerade in anderen Gro\u00dfst\u00e4dten in Deutschland wieder \u00e4hnliche Ideen diskutiert werden, zeigt mir, dass es eine gute Entscheidung f\u00fcr Baden-W\u00fcrttemberg war, Stuttgart 21 zu realisieren. Sowohl der Verkehr als auch der St\u00e4dtebau werden vom Projekt enorm profitieren. Unser Land r\u00fcckt mit neuen, schnellen Verkehrsverbindungen noch enger zusammen\u201c, sagte Erwin Teufel, Ministerpr\u00e4sident a. D. des Landes Baden-W\u00fcrttemberg.<\/p>\n<p style=\"text-align: justify;\">\u201eStuttgart 21 und die Neubaustrecke nach Ulm sind ein Gewinn f\u00fcr Baden-W\u00fcrttemberg, Deutschland und ganz Europa. Stuttgart bekommt 100 Hektar Freifl\u00e4che, um die \u00fcbervolle Innenstadt auszubauen. Zudem wird mit dem Projekt die Leistungsf\u00e4higkeit des Bahnknotens Stuttgart massiv wachsen, au\u00dferdem wird mit dem neuen Signalsystem ETCS Stuttgart zum modernsten Bahnknoten in Deutschland. Das ein gro\u00dfer Schritt in die Zukunft des Bahnverkehrs. Ich kann Stuttgart und ganz Baden-W\u00fcrttemberg zu diesem Projekt nur gratulieren\u201c, sagte Heinz D\u00fcrr, fr\u00fcherer Vorstandsvorsitzender der Deutschen Bahn AG.<\/p>\n<hr \/>\n<p style=\"text-align: justify;\">\n","protected":false},"excerpt":{"rendered":"<p>Stuttgart.| Vor 25 Jahren stellten der damalige Bundesverkehrsminister Matthias Wissmann, der damalige Ministerpr\u00e4sident des Landes Baden-W\u00fcrttemberg, Erwin Teufel, der damalige Verkehrsminister des Landes Baden-W\u00fcrttemberg, Hermann Schaufler, der damalige Oberb\u00fcrgermeister der Landeshauptstadt Stuttgart, Manfred Rommel, und der damalige Vorstandsvorsitzende der Deutschen Bahn AG, Heinz D\u00fcrr, die Ideenskizze des Gemeinschaftsprojekts Stuttgart 21 der \u00d6ffentlichkeit vor. 25 Jahre [&hellip;]<\/p>\n","protected":false},"author":4,"featured_media":135064,"comment_status":"closed","ping_status":"open","sticky":false,"template":"","format":"standard","meta":{"inline_featured_image":false,"_exactmetrics_skip_tracking":false,"_exactmetrics_sitenote_active":false,"_exactmetrics_sitenote_note":"","_exactmetrics_sitenote_category":0,"footnotes":""},"categories":[59,2239],"tags":[14857,5,68,275,206],"class_list":{"0":"post-135063","1":"post","2":"type-post","3":"status-publish","4":"format-standard","5":"has-post-thumbnail","7":"category-aktuell","8":"category-stuttgart-lokal","9":"tag-die-webzeitung","10":"tag-internetzeitung","11":"tag-online-zeitung","12":"tag-stuttgart","13":"tag-stuttgart-21"},"image_feature":"https:\/\/die-webzeitung.de\/stuttgart\/wp-content\/uploads\/sites\/4\/2019\/06\/019_20190605_PI_25-Jahre-Stuttgart-21_Foto.jpg","author_name":"Redaktion","pure_taxonomies":{"categories":[{"term_id":59,"name":"Aktuell","slug":"aktuell","term_group":0,"term_taxonomy_id":60,"taxonomy":"category","description":"","parent":0,"count":1017,"filter":"raw","image":""},{"term_id":2239,"name":"Stuttgart","slug":"stuttgart-lokal","term_group":0,"term_taxonomy_id":2252,"taxonomy":"category","description":"Berichte und Informationen aus Stuttgart","parent":1433,"count":940,"filter":"raw","image":""}],"tags":[{"term_id":14857,"name":"Die-Webzeitung","slug":"die-webzeitung","term_group":0,"term_taxonomy_id":14876,"taxonomy":"post_tag","description":"","parent":0,"count":3615,"filter":"raw","image":""},{"term_id":5,"name":"Internetzeitung","slug":"internetzeitung","term_group":0,"term_taxonomy_id":5,"taxonomy":"post_tag","description":"","parent":0,"count":1461,"filter":"raw","image":""},{"term_id":68,"name":"Online-Zeitung","slug":"online-zeitung","term_group":0,"term_taxonomy_id":69,"taxonomy":"post_tag","description":"","parent":0,"count":3585,"filter":"raw","image":""},{"term_id":275,"name":"Stuttgart","slug":"stuttgart","term_group":0,"term_taxonomy_id":281,"taxonomy":"post_tag","description":"","parent":0,"count":1192,"filter":"raw","image":""},{"term_id":206,"name":"Stuttgart 21","slug":"stuttgart-21","term_group":0,"term_taxonomy_id":209,"taxonomy":"post_tag","description":"","parent":0,"count":24,"filter":"raw","image":""}]},"_links":{"self":[{"href":"https:\/\/die-webzeitung.de\/stuttgart\/wp-json\/wp\/v2\/posts\/135063","targetHints":{"allow":["GET"]}}],"collection":[{"href":"https:\/\/die-webzeitung.de\/stuttgart\/wp-json\/wp\/v2\/posts"}],"about":[{"href":"https:\/\/die-webzeitung.de\/stuttgart\/wp-json\/wp\/v2\/types\/post"}],"author":[{"embeddable":true,"href":"https:\/\/die-webzeitung.de\/stuttgart\/wp-json\/wp\/v2\/users\/4"}],"replies":[{"embeddable":true,"href":"https:\/\/die-webzeitung.de\/stuttgart\/wp-json\/wp\/v2\/comments?post=135063"}],"version-history":[{"count":2,"href":"https:\/\/die-webzeitung.de\/stuttgart\/wp-json\/wp\/v2\/posts\/135063\/revisions"}],"predecessor-version":[{"id":135066,"href":"https:\/\/die-webzeitung.de\/stuttgart\/wp-json\/wp\/v2\/posts\/135063\/revisions\/135066"}],"wp:featuredmedia":[{"embeddable":true,"href":"https:\/\/die-webzeitung.de\/stuttgart\/wp-json\/wp\/v2\/media\/135064"}],"wp:attachment":[{"href":"https:\/\/die-webzeitung.de\/stuttgart\/wp-json\/wp\/v2\/media?parent=135063"}],"wp:term":[{"taxonomy":"category","embeddable":true,"href":"https:\/\/die-webzeitung.de\/stuttgart\/wp-json\/wp\/v2\/categories?post=135063"},{"taxonomy":"post_tag","embeddable":true,"href":"https:\/\/die-webzeitung.de\/stuttgart\/wp-json\/wp\/v2\/tags?post=135063"}],"curies":[{"name":"wp","href":"https:\/\/api.w.org\/{rel}","templated":true}]}}