{"id":135026,"date":"2019-06-02T12:45:02","date_gmt":"2019-06-02T11:45:02","guid":{"rendered":"https:\/\/die-webzeitung.de\/stuttgart\/?p=135026"},"modified":"2019-06-02T12:45:02","modified_gmt":"2019-06-02T11:45:02","slug":"fliegerbombe-entschaerft","status":"publish","type":"post","link":"https:\/\/die-webzeitung.de\/stuttgart\/2019\/06\/02\/fliegerbombe-entschaerft\/","title":{"rendered":"Fliegerbombe entsch\u00e4rft"},"content":{"rendered":"<p style=\"text-align: justify;\">Stuttgart-Giebel.| Von dem Blindg\u00e4nger in Stuttgart-Giebel geht keine Gefahr mehr aus. Das hat die Landeshauptstadt am Sonntag, 2. Juni, bekannt gegeben. Der Kampfmittelbeseitigungsdienst konnte die Fliegerbombe aus dem Zweiten Weltkrieg entsch\u00e4rfen. Rund 2.600 Anwohnerinnen und Anwohner, die aus Sicherheitsgr\u00fcnden evakuiert worden waren, konnten in ihre Wohnungen und H\u00e4user zur\u00fcckkehren.<\/p>\n<p style=\"text-align: justify;\">Die Entsch\u00e4rfung der 250 Kg schweren amerikanischen Fliegerbombe verlief problemlos. Zun\u00e4chst evakuierte die Polizei vorsorglich einen Sicherheitsbereich und sperrte das Gebiet rund um die Fundstelle f\u00fcr den Verkehr. Betroffen war unter anderem die Engelbergstra\u00dfe zwischen der Einm\u00fcndung Giebelstra\u00dfe und der Einm\u00fcndung Solitudestra\u00dfe. Auch der Betrieb der Stadtbahnlinie U6 wurde vor\u00fcbergehend eingestellt. Um 11 Uhr begann der Sprengmeister mit den Entsch\u00e4rfungsarbeiten. Dazu entfernte er zun\u00e4chst den Z\u00fcnder und verlud die Bombe anschlie\u00dfend zum Abtransport. Um 12 Uhr gab er Entwarnung.<\/p>\n<p style=\"text-align: justify;\">Nach der Auswertung von Luftbildaufnahmen hatten Experten des Kampfmittelbeseitigungsdienstes in Giebel einen Blindg\u00e4nger aus dem Zweiten Weltkrieg vermutet. Eine Untersuchung brachte Gewissheit. W\u00e4hrend der Entsch\u00e4rfungsarbeiten konnten Personen ohne andere Aufenthaltsm\u00f6glichkeiten die Sporthalle beim Solitude-Gymnasium im Spechtweg 40 als Unterkunft nutzen. Etwa 80 Betroffene hielten sich dort bis zum Ende der Entsch\u00e4rfung auf.<\/p>\n<hr \/>\n<p style=\"text-align: justify;\">\n","protected":false},"excerpt":{"rendered":"<p>Stuttgart-Giebel.| Von dem Blindg\u00e4nger in Stuttgart-Giebel geht keine Gefahr mehr aus. Das hat die Landeshauptstadt am Sonntag, 2. Juni, bekannt gegeben. Der Kampfmittelbeseitigungsdienst konnte die Fliegerbombe aus dem Zweiten Weltkrieg entsch\u00e4rfen. Rund 2.600 Anwohnerinnen und Anwohner, die aus Sicherheitsgr\u00fcnden evakuiert worden waren, konnten in ihre Wohnungen und H\u00e4user zur\u00fcckkehren. Die Entsch\u00e4rfung der 250 Kg schweren [&hellip;]<\/p>\n","protected":false},"author":4,"featured_media":135027,"comment_status":"closed","ping_status":"open","sticky":false,"template":"","format":"standard","meta":{"inline_featured_image":false,"_exactmetrics_skip_tracking":false,"_exactmetrics_sitenote_active":false,"_exactmetrics_sitenote_note":"","_exactmetrics_sitenote_category":0,"footnotes":""},"categories":[59,2239],"tags":[15096,10523,14857,15062,5,16286,68,9,275],"class_list":{"0":"post-135026","1":"post","2":"type-post","3":"status-publish","4":"format-standard","5":"has-post-thumbnail","7":"category-aktuell","8":"category-stuttgart-lokal","9":"tag-blindgaenger","10":"tag-bombe","11":"tag-die-webzeitung","12":"tag-entschaerfung","13":"tag-internetzeitung","14":"tag-kampfmittelbeseitigungsdienst","15":"tag-online-zeitung","16":"tag-schaumedia","17":"tag-stuttgart"},"image_feature":"https:\/\/die-webzeitung.de\/stuttgart\/wp-content\/uploads\/sites\/4\/2019\/06\/grenade-7107_1920.jpg","author_name":"Redaktion","pure_taxonomies":{"categories":[{"term_id":59,"name":"Aktuell","slug":"aktuell","term_group":0,"term_taxonomy_id":60,"taxonomy":"category","description":"","parent":0,"count":1017,"filter":"raw","image":""},{"term_id":2239,"name":"Stuttgart","slug":"stuttgart-lokal","term_group":0,"term_taxonomy_id":2252,"taxonomy":"category","description":"Berichte und Informationen aus Stuttgart","parent":1433,"count":940,"filter":"raw","image":""}],"tags":[{"term_id":15096,"name":"Blindg\u00e4nger","slug":"blindgaenger","term_group":0,"term_taxonomy_id":15115,"taxonomy":"post_tag","description":"","parent":0,"count":2,"filter":"raw","image":""},{"term_id":10523,"name":"Bombe","slug":"bombe","term_group":0,"term_taxonomy_id":10558,"taxonomy":"post_tag","description":"","parent":0,"count":6,"filter":"raw","image":""},{"term_id":14857,"name":"Die-Webzeitung","slug":"die-webzeitung","term_group":0,"term_taxonomy_id":14876,"taxonomy":"post_tag","description":"","parent":0,"count":3615,"filter":"raw","image":""},{"term_id":15062,"name":"Entsch\u00e4rfung","slug":"entschaerfung","term_group":0,"term_taxonomy_id":15081,"taxonomy":"post_tag","description":"","parent":0,"count":7,"filter":"raw","image":""},{"term_id":5,"name":"Internetzeitung","slug":"internetzeitung","term_group":0,"term_taxonomy_id":5,"taxonomy":"post_tag","description":"","parent":0,"count":1461,"filter":"raw","image":""},{"term_id":16286,"name":"Kampfmittelbeseitigungsdienst","slug":"kampfmittelbeseitigungsdienst","term_group":0,"term_taxonomy_id":16305,"taxonomy":"post_tag","description":"","parent":0,"count":1,"filter":"raw","image":""},{"term_id":68,"name":"Online-Zeitung","slug":"online-zeitung","term_group":0,"term_taxonomy_id":69,"taxonomy":"post_tag","description":"","parent":0,"count":3585,"filter":"raw","image":""},{"term_id":9,"name":"SchauMedia","slug":"schaumedia","term_group":0,"term_taxonomy_id":9,"taxonomy":"post_tag","description":"","parent":0,"count":1607,"filter":"raw","image":""},{"term_id":275,"name":"Stuttgart","slug":"stuttgart","term_group":0,"term_taxonomy_id":281,"taxonomy":"post_tag","description":"","parent":0,"count":1192,"filter":"raw","image":""}]},"_links":{"self":[{"href":"https:\/\/die-webzeitung.de\/stuttgart\/wp-json\/wp\/v2\/posts\/135026","targetHints":{"allow":["GET"]}}],"collection":[{"href":"https:\/\/die-webzeitung.de\/stuttgart\/wp-json\/wp\/v2\/posts"}],"about":[{"href":"https:\/\/die-webzeitung.de\/stuttgart\/wp-json\/wp\/v2\/types\/post"}],"author":[{"embeddable":true,"href":"https:\/\/die-webzeitung.de\/stuttgart\/wp-json\/wp\/v2\/users\/4"}],"replies":[{"embeddable":true,"href":"https:\/\/die-webzeitung.de\/stuttgart\/wp-json\/wp\/v2\/comments?post=135026"}],"version-history":[{"count":1,"href":"https:\/\/die-webzeitung.de\/stuttgart\/wp-json\/wp\/v2\/posts\/135026\/revisions"}],"predecessor-version":[{"id":135028,"href":"https:\/\/die-webzeitung.de\/stuttgart\/wp-json\/wp\/v2\/posts\/135026\/revisions\/135028"}],"wp:featuredmedia":[{"embeddable":true,"href":"https:\/\/die-webzeitung.de\/stuttgart\/wp-json\/wp\/v2\/media\/135027"}],"wp:attachment":[{"href":"https:\/\/die-webzeitung.de\/stuttgart\/wp-json\/wp\/v2\/media?parent=135026"}],"wp:term":[{"taxonomy":"category","embeddable":true,"href":"https:\/\/die-webzeitung.de\/stuttgart\/wp-json\/wp\/v2\/categories?post=135026"},{"taxonomy":"post_tag","embeddable":true,"href":"https:\/\/die-webzeitung.de\/stuttgart\/wp-json\/wp\/v2\/tags?post=135026"}],"curies":[{"name":"wp","href":"https:\/\/api.w.org\/{rel}","templated":true}]}}