{"id":134925,"date":"2019-05-29T15:14:18","date_gmt":"2019-05-29T14:14:18","guid":{"rendered":"https:\/\/die-webzeitung.de\/stuttgart\/2019\/05\/29\/richtig-versichert-in-die-ausbildung-starten\/"},"modified":"2019-05-29T15:14:18","modified_gmt":"2019-05-29T14:14:18","slug":"richtig-versichert-in-die-ausbildung-starten","status":"publish","type":"post","link":"https:\/\/die-webzeitung.de\/stuttgart\/2019\/05\/29\/richtig-versichert-in-die-ausbildung-starten\/","title":{"rendered":"Richtig versichert in die Ausbildung starten"},"content":{"rendered":"<p style=\"text-align: justify;\"><strong>Wer eine Ausbildung oder ein Studium beginnt, muss sich nicht nur um die Organisation des Berufsalltags oder des Vorlesungsplans k\u00fcmmern. Auch sonst \u00e4ndert sich einiges. Zum Beispiel m\u00fcssen sich die jungen Erwachsenen selbst um ihren Versicherungsschutz k\u00fcmmern. Die W\u00fcrttembergische Versicherung, ein Unternehmen der W\u00fcstenrot &amp; W\u00fcrttembergische-Gruppe (W&amp;W), informiert \u00fcber sinnvollen Versicherungsschutz f\u00fcr Ausbildungs- und Studienanf\u00e4nger. <\/strong><\/p>\n<p style=\"text-align: justify;\">Damit sie im Krankheitsfall abgesichert sind, m\u00fcssen auch Studenten und Auszubildende in Deutschland krankenversichert sein. So sind Behandlungsgeb\u00fchren und die Kosten f\u00fcr Medikamente abgedeckt. Studenten k\u00f6nnen in der Regel bis zur Vollendung des 25. Lebensjahres bei der gesetzlichen Krankenversicherung ihrer Eltern beitragsfrei familienversichert bleiben. Haben sie dieses Alter \u00fcberschritten, m\u00fcssen sie sich selbst versichern \u2013 die Kasse ist dabei frei w\u00e4hlbar.<\/p>\n<p style=\"text-align: justify;\">Kinder von privat versicherten Eltern k\u00f6nnen zu Beginn des Studiums entscheiden, ob sie sich weiterhin privat oder gesetzlich versichern m\u00f6chten. Es gibt in beiden F\u00e4llen g\u00fcnstige Studententarife. Der gesetzliche studentische Versicherungsbeitrag ist bundeseinheitlich geregelt und wird einmal im Jahr festgesetzt. Derzeit betr\u00e4gt er bei jeder Kasse knapp 66 Euro monatlich. Hinzu kommen rund 20 Euro pro Monat f\u00fcr die gesetzliche Pflegeversicherung.<\/p>\n<p style=\"text-align: justify;\">Angehende Auszubildende werden durch den Arbeitgeber zur Krankenversicherung angemeldet. Der Auszubildende kann sich wie ein Student eine Krankenkasse frei aussuchen. Dabei kann es sich lohnen, verschiedene Kassen mit Blick auf den Zusatzbeitrag und passende Bonus-Tarife zu vergleichen.<\/p>\n<p style=\"text-align: justify;\"><strong>Privat-Haftpflicht ist ein echtes Muss<br \/>\n<\/strong>\u00dcber die Krankenversicherung als gesetzliche Pflicht hinaus empfiehlt die W\u00fcrttembergische eine Privat-Haftpflichtversicherung. Denn wer jemandem materiellen oder auch k\u00f6rperlichen Schaden zuf\u00fcgt, muss unbegrenzt daf\u00fcr haften. Geht zum Beispiel auf einer Party das neue teure Notebook des Mitbewohners zu Bruch, gleicht die private Haftpflichtversicherung des Verantwortlichen den Schaden aus. Werden sogar Menschen verletzt, k\u00f6nnen die Forderungen f\u00fcr Behandlungskosten und Schmerzensgeld aber noch um ein Vielfaches h\u00f6her sein als bei einem reinen Sachschaden. F\u00fcr solche F\u00e4lle ist eine Privat-Haftpflichtversicherung ein echtes Muss.<\/p>\n<p style=\"text-align: justify;\">Besitzen die Eltern eine solche Police, ist ein unverheirateter Azubi oder Student in der Regel noch bis zum Ausbildungsende dort mitversichert. Dies variiert jedoch von Anbieter zu Anbieter. Eine kurze Nachfrage beim Versicherer bringt Klarheit, ob die jungen Erwachsenen w\u00e4hrend der Ausbildung von der Familien-Haftpflichtversicherung profitieren.<\/p>\n<p style=\"text-align: justify;\"><strong>Hausratversicherung sch\u00fctzt bei Einbruchdiebstahl, Sturm oder Feuer<br \/>\n<\/strong>Wenn die Ausbildungs- oder Studienanf\u00e4nger das \u201eHotel Mama\u201c verlassen, kann auch der Abschluss einer Hausratversicherung empfehlenswert sein. Bis zum Ende der Ausbildung oder des Studiums sind die Besitzt\u00fcmer in der Hausratversicherung der Eltern \u2013 wenn vorhanden \u2013 mit versichert. Wer das Elternhaus jedoch endg\u00fcltig verl\u00e4sst und kostbare Dinge wie Laptop oder Fernseher zum Beispiel gegen Einbruchdiebstahl, Sturm- oder Feuersch\u00e4den versichern will, muss nach Abschluss der Ausbildung f\u00fcr die eigenen vier W\u00e4nde eine eigene Police abschlie\u00dfen.<\/p>\n<hr \/>\n<p style=\"text-align: justify;\">\n","protected":false},"excerpt":{"rendered":"<p>Wer eine Ausbildung oder ein Studium beginnt, muss sich nicht nur um die Organisation des Berufsalltags oder des Vorlesungsplans k\u00fcmmern. Auch sonst \u00e4ndert sich einiges. Zum Beispiel m\u00fcssen sich die jungen Erwachsenen selbst um ihren Versicherungsschutz k\u00fcmmern. Die W\u00fcrttembergische Versicherung, ein Unternehmen der W\u00fcstenrot &amp; W\u00fcrttembergische-Gruppe (W&amp;W), informiert \u00fcber sinnvollen Versicherungsschutz f\u00fcr Ausbildungs- und Studienanf\u00e4nger. [&hellip;]<\/p>\n","protected":false},"author":4,"featured_media":0,"comment_status":"closed","ping_status":"open","sticky":false,"template":"","format":"standard","meta":{"inline_featured_image":false,"_exactmetrics_skip_tracking":false,"_exactmetrics_sitenote_active":false,"_exactmetrics_sitenote_note":"","_exactmetrics_sitenote_category":0,"footnotes":""},"categories":[2237],"tags":[1848,14857,55,5,68,9,51,18],"class_list":{"0":"post-134925","1":"post","2":"type-post","3":"status-publish","4":"format-standard","6":"category-ratgeber-leben","7":"tag-ausbildung","8":"tag-die-webzeitung","9":"tag-haftpflicht","10":"tag-internetzeitung","11":"tag-online-zeitung","12":"tag-schaumedia","13":"tag-versicherung","14":"tag-wurttembergische"},"image_feature":null,"author_name":"Redaktion","pure_taxonomies":{"categories":[{"term_id":2237,"name":"Ratgeber","slug":"ratgeber-leben","term_group":0,"term_taxonomy_id":2250,"taxonomy":"category","description":"","parent":482,"count":380,"filter":"raw","image":""}],"tags":[{"term_id":1848,"name":"Ausbildung","slug":"ausbildung","term_group":0,"term_taxonomy_id":1857,"taxonomy":"post_tag","description":"","parent":0,"count":11,"filter":"raw","image":""},{"term_id":14857,"name":"Die-Webzeitung","slug":"die-webzeitung","term_group":0,"term_taxonomy_id":14876,"taxonomy":"post_tag","description":"","parent":0,"count":3615,"filter":"raw","image":""},{"term_id":55,"name":"Haftpflicht","slug":"haftpflicht","term_group":0,"term_taxonomy_id":55,"taxonomy":"post_tag","description":"","parent":0,"count":3,"filter":"raw","image":""},{"term_id":5,"name":"Internetzeitung","slug":"internetzeitung","term_group":0,"term_taxonomy_id":5,"taxonomy":"post_tag","description":"","parent":0,"count":1461,"filter":"raw","image":""},{"term_id":68,"name":"Online-Zeitung","slug":"online-zeitung","term_group":0,"term_taxonomy_id":69,"taxonomy":"post_tag","description":"","parent":0,"count":3585,"filter":"raw","image":""},{"term_id":9,"name":"SchauMedia","slug":"schaumedia","term_group":0,"term_taxonomy_id":9,"taxonomy":"post_tag","description":"","parent":0,"count":1607,"filter":"raw","image":""},{"term_id":51,"name":"Versicherung","slug":"versicherung","term_group":0,"term_taxonomy_id":51,"taxonomy":"post_tag","description":"","parent":0,"count":7,"filter":"raw","image":""},{"term_id":18,"name":"W\u00fcrttembergische","slug":"wurttembergische","term_group":0,"term_taxonomy_id":18,"taxonomy":"post_tag","description":"","parent":0,"count":110,"filter":"raw","image":""}]},"_links":{"self":[{"href":"https:\/\/die-webzeitung.de\/stuttgart\/wp-json\/wp\/v2\/posts\/134925","targetHints":{"allow":["GET"]}}],"collection":[{"href":"https:\/\/die-webzeitung.de\/stuttgart\/wp-json\/wp\/v2\/posts"}],"about":[{"href":"https:\/\/die-webzeitung.de\/stuttgart\/wp-json\/wp\/v2\/types\/post"}],"author":[{"embeddable":true,"href":"https:\/\/die-webzeitung.de\/stuttgart\/wp-json\/wp\/v2\/users\/4"}],"replies":[{"embeddable":true,"href":"https:\/\/die-webzeitung.de\/stuttgart\/wp-json\/wp\/v2\/comments?post=134925"}],"version-history":[{"count":0,"href":"https:\/\/die-webzeitung.de\/stuttgart\/wp-json\/wp\/v2\/posts\/134925\/revisions"}],"wp:attachment":[{"href":"https:\/\/die-webzeitung.de\/stuttgart\/wp-json\/wp\/v2\/media?parent=134925"}],"wp:term":[{"taxonomy":"category","embeddable":true,"href":"https:\/\/die-webzeitung.de\/stuttgart\/wp-json\/wp\/v2\/categories?post=134925"},{"taxonomy":"post_tag","embeddable":true,"href":"https:\/\/die-webzeitung.de\/stuttgart\/wp-json\/wp\/v2\/tags?post=134925"}],"curies":[{"name":"wp","href":"https:\/\/api.w.org\/{rel}","templated":true}]}}